{"id":111502,"date":"2022-02-17T09:40:36","date_gmt":"2022-02-17T12:40:36","guid":{"rendered":"https:\/\/www.elsindical.com.ar\/notas\/?p=111502"},"modified":"2022-02-17T09:40:38","modified_gmt":"2022-02-17T12:40:38","slug":"lanus-la-pfa-detuvo-a-dos-inspectores-de-la-afip-acusados-de-cobrar-coimas","status":"publish","type":"post","link":"https:\/\/www.elsindical.com.ar\/notas\/lanus-la-pfa-detuvo-a-dos-inspectores-de-la-afip-acusados-de-cobrar-coimas\/","title":{"rendered":"Lan\u00fas: La PFA detuvo a dos inspectores de la AFIP acusados de cobrar coimas"},"content":{"rendered":"\n<figure class=\"wp-block-image size-full\"><a href=\"https:\/\/www.elsindical.com.ar\/notas\/var\/www\/html\/notas\/wp-content\/uploads\/2022\/02\/falsos-inspectores-AFIP-4.jpeg\"><img loading=\"lazy\" decoding=\"async\" width=\"994\" height=\"756\" src=\"https:\/\/www.elsindical.com.ar\/notas\/var\/www\/html\/notas\/wp-content\/uploads\/2022\/02\/falsos-inspectores-AFIP-4.jpeg\" alt=\"\" class=\"wp-image-111503\" srcset=\"https:\/\/www.elsindical.com.ar\/notas\/var\/www\/html\/notas\/wp-content\/uploads\/2022\/02\/falsos-inspectores-AFIP-4.jpeg 994w, https:\/\/www.elsindical.com.ar\/notas\/var\/www\/html\/notas\/wp-content\/uploads\/2022\/02\/falsos-inspectores-AFIP-4-300x228.jpeg 300w, https:\/\/www.elsindical.com.ar\/notas\/var\/www\/html\/notas\/wp-content\/uploads\/2022\/02\/falsos-inspectores-AFIP-4-768x584.jpeg 768w, https:\/\/www.elsindical.com.ar\/notas\/var\/www\/html\/notas\/wp-content\/uploads\/2022\/02\/falsos-inspectores-AFIP-4-394x300.jpeg 394w\" sizes=\"auto, (max-width: 994px) 100vw, 994px\" \/><\/a><\/figure>\n\n\n\n<p>Agentes federales de la Divisi\u00f3n Investigaci\u00f3n Antifraude, detuvieron a dos inspectores de la A.F.I.P. acusados por \u201cCoacci\u00f3n y Extorsi\u00f3n\u201d a un empresario, en la provincia de Buenos Aires.<br>El hecho se inici\u00f3 a ra\u00edz de una denuncia presentada en sede judicial por el titular de una empresa de seguridad. La v\u00edctima manifest\u00f3 que dos funcionarios de dicho organismo le hab\u00edan pedido a trav\u00e9s de su contador, la suma de treinta mil d\u00f3lares a cambio de condonar una supuesta deuda que la firma registraba ante la A.F.I.P.<br>En consecuencia, los uniformados realizaron minuciosas y discretas pesquisas para establecer la identidad de los sujetos y comprobar que ambos trabajaban en dicho organismo estatal. Posteriormente y con la totalidad de las pruebas obtenidas, planearon una \u201centrega controlada\u201d del dinero, para lograr detener a los sospechosos, con la colaboraci\u00f3n del personal de la Divisi\u00f3n Operaciones T\u00e9cnicas Especiales de esta Instituci\u00f3n.<br>Para ello, montaron un discreto operativo sobre la calle V\u00e9lez Sarsfield al 2500 en Lan\u00fas Este en horas del mediod\u00eda, donde se llevar\u00eda a cabo la entrega. Luego de varios minutos de conversaciones, los acusados acordaron beneficiar al damnificado de la deuda a cambio de recibir la suma de diez mil d\u00f3lares en concepto de primera cuota. Finalizada la reuni\u00f3n, los empleados del organismo salieron del edificio, sin saber que un importante dispositivo policial se encontraba de inc\u00f3gnita a lo largo de toda la cuadra. All\u00ed fueron interceptados y detenidos por los efectivos federales.<br>Durante la requisa de los mismos, se secuestr\u00f3 la bolsa en la que llevaban dicha suma en d\u00f3lares, tel\u00e9fonos celulares, 83.750 pesos en efectivo, los veh\u00edculos en los que hab\u00edan arribado y dem\u00e1s elementos de inter\u00e9s para la causa.<br>Los aprehendidos, dos hombres argentinos de 50 y 66 a\u00f1os respectivamente, junto con los elementos secuestrados, quedaron a disposici\u00f3n del Juzgado Criminal y Correccional Federal N\u00ba2 de Lomas de Zamora, a cargo del Dr. Juan Pablo Auge, Secretar\u00eda Penal N\u00ba11 a cargo del Dr. Callizo.<\/p>\n\n\n\n<figure class=\"wp-block-gallery has-nested-images columns-1 is-cropped wp-block-gallery-1 is-layout-flex wp-block-gallery-is-layout-flex\">\n<figure class=\"wp-block-image size-large\"><a href=\"https:\/\/www.elsindical.com.ar\/notas\/var\/www\/html\/notas\/wp-content\/uploads\/2022\/02\/falsos-inspectores-AFIP-3.jpeg\"><img loading=\"lazy\" decoding=\"async\" width=\"747\" height=\"1013\" data-id=\"111506\" src=\"https:\/\/www.elsindical.com.ar\/notas\/var\/www\/html\/notas\/wp-content\/uploads\/2022\/02\/falsos-inspectores-AFIP-3.jpeg\" alt=\"\" class=\"wp-image-111506\" srcset=\"https:\/\/www.elsindical.com.ar\/notas\/var\/www\/html\/notas\/wp-content\/uploads\/2022\/02\/falsos-inspectores-AFIP-3.jpeg 747w, https:\/\/www.elsindical.com.ar\/notas\/var\/www\/html\/notas\/wp-content\/uploads\/2022\/02\/falsos-inspectores-AFIP-3-221x300.jpeg 221w\" sizes=\"auto, (max-width: 747px) 100vw, 747px\" \/><\/a><\/figure>\n\n\n\n<figure class=\"wp-block-image size-large\"><a href=\"https:\/\/www.elsindical.com.ar\/notas\/var\/www\/html\/notas\/wp-content\/uploads\/2022\/02\/falsos-inspectores-AFIP-2.jpeg\"><img loading=\"lazy\" decoding=\"async\" width=\"876\" height=\"960\" data-id=\"111505\" src=\"https:\/\/www.elsindical.com.ar\/notas\/var\/www\/html\/notas\/wp-content\/uploads\/2022\/02\/falsos-inspectores-AFIP-2.jpeg\" alt=\"\" class=\"wp-image-111505\" srcset=\"https:\/\/www.elsindical.com.ar\/notas\/var\/www\/html\/notas\/wp-content\/uploads\/2022\/02\/falsos-inspectores-AFIP-2.jpeg 876w, https:\/\/www.elsindical.com.ar\/notas\/var\/www\/html\/notas\/wp-content\/uploads\/2022\/02\/falsos-inspectores-AFIP-2-274x300.jpeg 274w, https:\/\/www.elsindical.com.ar\/notas\/var\/www\/html\/notas\/wp-content\/uploads\/2022\/02\/falsos-inspectores-AFIP-2-768x842.jpeg 768w\" sizes=\"auto, (max-width: 876px) 100vw, 876px\" \/><\/a><\/figure>\n\n\n\n<figure class=\"wp-block-image size-large\"><a href=\"https:\/\/www.elsindical.com.ar\/notas\/var\/www\/html\/notas\/wp-content\/uploads\/2022\/02\/falsos-inspectores-AFIP-1.jpeg\"><img loading=\"lazy\" decoding=\"async\" width=\"604\" height=\"576\" data-id=\"111504\" src=\"https:\/\/www.elsindical.com.ar\/notas\/var\/www\/html\/notas\/wp-content\/uploads\/2022\/02\/falsos-inspectores-AFIP-1.jpeg\" alt=\"\" class=\"wp-image-111504\" srcset=\"https:\/\/www.elsindical.com.ar\/notas\/var\/www\/html\/notas\/wp-content\/uploads\/2022\/02\/falsos-inspectores-AFIP-1.jpeg 604w, https:\/\/www.elsindical.com.ar\/notas\/var\/www\/html\/notas\/wp-content\/uploads\/2022\/02\/falsos-inspectores-AFIP-1-300x286.jpeg 300w, https:\/\/www.elsindical.com.ar\/notas\/var\/www\/html\/notas\/wp-content\/uploads\/2022\/02\/falsos-inspectores-AFIP-1-315x300.jpeg 315w\" sizes=\"auto, (max-width: 604px) 100vw, 604px\" \/><\/a><\/figure>\n<\/figure>\n","protected":false},"excerpt":{"rendered":"<p>Agentes federales de la Divisi\u00f3n Investigaci\u00f3n Antifraude, detuvieron a dos inspectores de la A.F.I.P. acusados por \u201cCoacci\u00f3n y Extorsi\u00f3n\u201d a un empresario, en la provincia de Buenos Aires.El hecho se inici\u00f3 a ra\u00edz de una denuncia presentada en sede judicial por el titular de una empresa de seguridad. La v\u00edctima manifest\u00f3 que dos funcionarios de&hellip;<\/p>\n","protected":false},"author":1,"featured_media":111503,"comment_status":"open","ping_status":"open","sticky":false,"template":"","format":"standard","meta":{"footnotes":""},"categories":[22],"tags":[69,5480,2450,437,209,698,36543],"class_list":["post-111502","post","type-post","status-publish","format-standard","has-post-thumbnail","hentry","category-policiales","tag-afip","tag-coaccion","tag-diario-el-sindical","tag-inspectores","tag-lanus","tag-pfa","tag-rxtorsion"],"_links":{"self":[{"href":"https:\/\/www.elsindical.com.ar\/notas\/wp-json\/wp\/v2\/posts\/111502","targetHints":{"allow":["GET"]}}],"collection":[{"href":"https:\/\/www.elsindical.com.ar\/notas\/wp-json\/wp\/v2\/posts"}],"about":[{"href":"https:\/\/www.elsindical.com.ar\/notas\/wp-json\/wp\/v2\/types\/post"}],"author":[{"embeddable":true,"href":"https:\/\/www.elsindical.com.ar\/notas\/wp-json\/wp\/v2\/users\/1"}],"replies":[{"embeddable":true,"href":"https:\/\/www.elsindical.com.ar\/notas\/wp-json\/wp\/v2\/comments?post=111502"}],"version-history":[{"count":1,"href":"https:\/\/www.elsindical.com.ar\/notas\/wp-json\/wp\/v2\/posts\/111502\/revisions"}],"predecessor-version":[{"id":111507,"href":"https:\/\/www.elsindical.com.ar\/notas\/wp-json\/wp\/v2\/posts\/111502\/revisions\/111507"}],"wp:featuredmedia":[{"embeddable":true,"href":"https:\/\/www.elsindical.com.ar\/notas\/wp-json\/wp\/v2\/media\/111503"}],"wp:attachment":[{"href":"https:\/\/www.elsindical.com.ar\/notas\/wp-json\/wp\/v2\/media?parent=111502"}],"wp:term":[{"taxonomy":"category","embeddable":true,"href":"https:\/\/www.elsindical.com.ar\/notas\/wp-json\/wp\/v2\/categories?post=111502"},{"taxonomy":"post_tag","embeddable":true,"href":"https:\/\/www.elsindical.com.ar\/notas\/wp-json\/wp\/v2\/tags?post=111502"}],"curies":[{"name":"wp","href":"https:\/\/api.w.org\/{rel}","templated":true}]}}