{"id":111490,"date":"2022-02-16T13:00:35","date_gmt":"2022-02-16T16:00:35","guid":{"rendered":"https:\/\/www.elsindical.com.ar\/notas\/?p=111490"},"modified":"2022-02-16T13:00:36","modified_gmt":"2022-02-16T16:00:36","slug":"hernan-doval-ruben-cholo-garcia-y-daniel-ferro-repudiados-en-las-redes-sociales","status":"publish","type":"post","link":"https:\/\/www.elsindical.com.ar\/notas\/hernan-doval-ruben-cholo-garcia-y-daniel-ferro-repudiados-en-las-redes-sociales\/","title":{"rendered":"Hern\u00e1n Doval, Rub\u00e9n Cholo Garc\u00eda y Daniel Ferro repudiados en las redes sociales"},"content":{"rendered":"\n<figure class=\"wp-block-image size-large\"><a href=\"https:\/\/www.elsindical.com.ar\/notas\/var\/www\/html\/notas\/wp-content\/uploads\/2022\/02\/comentarios-sobre-el-STMA.jpg\"><img loading=\"lazy\" decoding=\"async\" width=\"1024\" height=\"589\" src=\"https:\/\/www.elsindical.com.ar\/notas\/var\/www\/html\/notas\/wp-content\/uploads\/2022\/02\/comentarios-sobre-el-STMA-1024x589.jpg\" alt=\"\" class=\"wp-image-111491\" srcset=\"https:\/\/www.elsindical.com.ar\/notas\/var\/www\/html\/notas\/wp-content\/uploads\/2022\/02\/comentarios-sobre-el-STMA-1024x589.jpg 1024w, https:\/\/www.elsindical.com.ar\/notas\/var\/www\/html\/notas\/wp-content\/uploads\/2022\/02\/comentarios-sobre-el-STMA-300x172.jpg 300w, https:\/\/www.elsindical.com.ar\/notas\/var\/www\/html\/notas\/wp-content\/uploads\/2022\/02\/comentarios-sobre-el-STMA-768x442.jpg 768w, https:\/\/www.elsindical.com.ar\/notas\/var\/www\/html\/notas\/wp-content\/uploads\/2022\/02\/comentarios-sobre-el-STMA-500x287.jpg 500w, https:\/\/www.elsindical.com.ar\/notas\/var\/www\/html\/notas\/wp-content\/uploads\/2022\/02\/comentarios-sobre-el-STMA-220x126.jpg 220w, https:\/\/www.elsindical.com.ar\/notas\/var\/www\/html\/notas\/wp-content\/uploads\/2022\/02\/comentarios-sobre-el-STMA.jpg 1134w\" sizes=\"auto, (max-width: 1024px) 100vw, 1024px\" \/><\/a><\/figure>\n\n\n\n<p>   La \u00fanica verdad es la realidad dice el refr\u00e1n y esta vez los usuarios de las redes sociales, vecinos y algunos trabajadores municipales no dudaron en expresarse repudiando las publicaciones que el STMA hace para promocionar sus berretas acciones, donde ni pagando a los medios consiguen un aplauso.<\/p>\n\n\n\n<p>El Sindical es el \u00fanico medio que siempre ha marcado lo que est\u00e1 mal en el sindicato, te informamos sobre los \u00abnegociados\u00bb, te contamos la vida de lujo que se dan los supuestos \u00abcompa\u00f1eros\u00bb con tu aporte y la falta de beneficios o atenci\u00f3n m\u00e9dica a los afiliados por deudas del sindicato.<\/p>\n\n\n\n<p>Son tan impunes que te suben las fotos de sus viajes al exterior, algunas felices en playas estrenando las pr\u00f3tesis mamarias mientras a vos te exprimen con un pr\u00e9stamo que te dieron con una financiera donde son socios los que dicen cumplir.<\/p>\n\n\n\n<p>Nada nuevo, eso s\u00ed, los comentarios en contra de esta dirigencia van en aumento, muchachos, aflojen porque desafiliarse nunca fue tan f\u00e1cil y van a tener que buscar un trabajo de verdad.<\/p>\n\n\n\n<p><\/p>\n\n\n\n<p>Por Marcelo Ricardo Hawrylciw<\/p>\n","protected":false},"excerpt":{"rendered":"<p>La \u00fanica verdad es la realidad dice el refr\u00e1n y esta vez los usuarios de las redes sociales, vecinos y algunos trabajadores municipales no dudaron en expresarse repudiando las publicaciones que el STMA hace para promocionar sus berretas acciones, donde ni pagando a los medios consiguen un aplauso. El Sindical es el \u00fanico medio que&hellip;<\/p>\n","protected":false},"author":1,"featured_media":111491,"comment_status":"open","ping_status":"open","sticky":false,"template":"","format":"standard","meta":{"footnotes":""},"categories":[10,16],"tags":[23792,22020,2450,17286,2605,18141,3141],"class_list":["post-111490","post","type-post","status-publish","format-standard","has-post-thumbnail","hentry","category-editorial","category-gremiales","tag-daniel-ferro","tag-denuncias","tag-diario-el-sindical","tag-hernan-doval","tag-redes-sociales","tag-ruben-cholo-garcia","tag-stma"],"_links":{"self":[{"href":"https:\/\/www.elsindical.com.ar\/notas\/wp-json\/wp\/v2\/posts\/111490","targetHints":{"allow":["GET"]}}],"collection":[{"href":"https:\/\/www.elsindical.com.ar\/notas\/wp-json\/wp\/v2\/posts"}],"about":[{"href":"https:\/\/www.elsindical.com.ar\/notas\/wp-json\/wp\/v2\/types\/post"}],"author":[{"embeddable":true,"href":"https:\/\/www.elsindical.com.ar\/notas\/wp-json\/wp\/v2\/users\/1"}],"replies":[{"embeddable":true,"href":"https:\/\/www.elsindical.com.ar\/notas\/wp-json\/wp\/v2\/comments?post=111490"}],"version-history":[{"count":1,"href":"https:\/\/www.elsindical.com.ar\/notas\/wp-json\/wp\/v2\/posts\/111490\/revisions"}],"predecessor-version":[{"id":111492,"href":"https:\/\/www.elsindical.com.ar\/notas\/wp-json\/wp\/v2\/posts\/111490\/revisions\/111492"}],"wp:featuredmedia":[{"embeddable":true,"href":"https:\/\/www.elsindical.com.ar\/notas\/wp-json\/wp\/v2\/media\/111491"}],"wp:attachment":[{"href":"https:\/\/www.elsindical.com.ar\/notas\/wp-json\/wp\/v2\/media?parent=111490"}],"wp:term":[{"taxonomy":"category","embeddable":true,"href":"https:\/\/www.elsindical.com.ar\/notas\/wp-json\/wp\/v2\/categories?post=111490"},{"taxonomy":"post_tag","embeddable":true,"href":"https:\/\/www.elsindical.com.ar\/notas\/wp-json\/wp\/v2\/tags?post=111490"}],"curies":[{"name":"wp","href":"https:\/\/api.w.org\/{rel}","templated":true}]}}