{"id":111441,"date":"2022-02-14T09:09:29","date_gmt":"2022-02-14T12:09:29","guid":{"rendered":"https:\/\/www.elsindical.com.ar\/notas\/?p=111441"},"modified":"2022-02-14T09:09:30","modified_gmt":"2022-02-14T12:09:30","slug":"avellaneda-el-municipio-destruye-tu-auto","status":"publish","type":"post","link":"https:\/\/www.elsindical.com.ar\/notas\/avellaneda-el-municipio-destruye-tu-auto\/","title":{"rendered":"Avellaneda: El municipio destruye tu auto"},"content":{"rendered":"\n<figure class=\"wp-block-image size-large\"><a href=\"https:\/\/www.elsindical.com.ar\/notas\/var\/www\/html\/notas\/wp-content\/uploads\/2022\/02\/Av-Mitre-al-3400-1.jpg\"><img loading=\"lazy\" decoding=\"async\" width=\"1024\" height=\"817\" src=\"https:\/\/www.elsindical.com.ar\/notas\/var\/www\/html\/notas\/wp-content\/uploads\/2022\/02\/Av-Mitre-al-3400-1-1024x817.jpg\" alt=\"\" class=\"wp-image-111442\" srcset=\"https:\/\/www.elsindical.com.ar\/notas\/var\/www\/html\/notas\/wp-content\/uploads\/2022\/02\/Av-Mitre-al-3400-1-1024x817.jpg 1024w, https:\/\/www.elsindical.com.ar\/notas\/var\/www\/html\/notas\/wp-content\/uploads\/2022\/02\/Av-Mitre-al-3400-1-300x239.jpg 300w, https:\/\/www.elsindical.com.ar\/notas\/var\/www\/html\/notas\/wp-content\/uploads\/2022\/02\/Av-Mitre-al-3400-1-768x613.jpg 768w, https:\/\/www.elsindical.com.ar\/notas\/var\/www\/html\/notas\/wp-content\/uploads\/2022\/02\/Av-Mitre-al-3400-1-376x300.jpg 376w, https:\/\/www.elsindical.com.ar\/notas\/var\/www\/html\/notas\/wp-content\/uploads\/2022\/02\/Av-Mitre-al-3400-1.jpg 1181w\" sizes=\"auto, (max-width: 1024px) 100vw, 1024px\" \/><\/a><\/figure>\n\n\n\n<p>   Todo lo bueno que el municipio de Avellaneda promociona y que lo hay, termina opacado por la irresponsabilidad y el desinter\u00e9s de los funcionarios responsables de las obras p\u00fablicas, que rompen calles y avenidas que se encontraban en buen estado, no hay se\u00f1alizaciones y circular es un caos.<\/p>\n\n\n\n<p>El primer y gran responsable es sin dudas el intendente Alejo Chornobroff, seguido del secretario de Obras y Servicios P\u00fablicos, Gast\u00f3n Dar\u00edo Seill\u00e1n, Cuit-20-33502169-0, ambos irresponsables deber\u00edan rendir cuentas con su patrimonio personal, entonces otra ser\u00eda la historia.<\/p>\n\n\n\n<p>Como ya lo mencion\u00e9 en otras oportunidades circular por Avellaneda termina siendo una especie de trampa, doblas en una calle y resulta que el asfalto no existe y para peor como suelen hacer, dejan desniveles irregulares donde romper la llanta o la cubierta es muy probable, ni hablar si el auto es de los nuevos con perfiles m\u00e1s bajos, rompes la trompa y si tu auto no est\u00e1 bajo da igual, el tren delantero se resentir\u00e1.<\/p>\n\n\n\n<p>Chornobroff y Seill\u00e1n es evidente que al usar veh\u00edculos municipales est\u00e1n alejados de la realidad, es decir, los elevados costos que hoy implica mantener y reparar un veh\u00edculo. Total ellos no pagan mec\u00e1nico, combustible y lo m\u00e1s importante no pagan por ser malos funcionarios.<\/p>\n\n\n\n<p>No cuesta mucho hacer las obras bien, se\u00f1alizar y cuidar el patrimonio del vecino, para eso se supone que est\u00e1n en la funci\u00f3n.<\/p>\n\n\n\n<figure class=\"wp-block-image size-large\"><a href=\"https:\/\/www.elsindical.com.ar\/notas\/var\/www\/html\/notas\/wp-content\/uploads\/2022\/02\/Av-Mitre-al-3400-2.jpg\"><img loading=\"lazy\" decoding=\"async\" width=\"1024\" height=\"707\" src=\"https:\/\/www.elsindical.com.ar\/notas\/var\/www\/html\/notas\/wp-content\/uploads\/2022\/02\/Av-Mitre-al-3400-2-1024x707.jpg\" alt=\"\" class=\"wp-image-111443\" srcset=\"https:\/\/www.elsindical.com.ar\/notas\/var\/www\/html\/notas\/wp-content\/uploads\/2022\/02\/Av-Mitre-al-3400-2-1024x707.jpg 1024w, https:\/\/www.elsindical.com.ar\/notas\/var\/www\/html\/notas\/wp-content\/uploads\/2022\/02\/Av-Mitre-al-3400-2-300x207.jpg 300w, https:\/\/www.elsindical.com.ar\/notas\/var\/www\/html\/notas\/wp-content\/uploads\/2022\/02\/Av-Mitre-al-3400-2-768x530.jpg 768w, https:\/\/www.elsindical.com.ar\/notas\/var\/www\/html\/notas\/wp-content\/uploads\/2022\/02\/Av-Mitre-al-3400-2-435x300.jpg 435w, https:\/\/www.elsindical.com.ar\/notas\/var\/www\/html\/notas\/wp-content\/uploads\/2022\/02\/Av-Mitre-al-3400-2.jpg 1181w\" sizes=\"auto, (max-width: 1024px) 100vw, 1024px\" \/><\/a><\/figure>\n\n\n\n<p>Por Marcelo Ricardo Hawrylciw<\/p>\n","protected":false},"excerpt":{"rendered":"<p>Todo lo bueno que el municipio de Avellaneda promociona y que lo hay, termina opacado por la irresponsabilidad y el desinter\u00e9s de los funcionarios responsables de las obras p\u00fablicas, que rompen calles y avenidas que se encontraban en buen estado, no hay se\u00f1alizaciones y circular es un caos. El primer y gran responsable es sin&hellip;<\/p>\n","protected":false},"author":1,"featured_media":111442,"comment_status":"open","ping_status":"open","sticky":false,"template":"","format":"standard","meta":{"footnotes":""},"categories":[6,10],"tags":[30014,461,3507,2450,35546,17388,23381,35059],"class_list":["post-111441","post","type-post","status-publish","format-standard","has-post-thumbnail","hentry","category-denuncias","category-editorial","tag-alejo-chornobroff","tag-avellaneda","tag-danos","tag-diario-el-sindical","tag-gaston-dario-seillan","tag-municipalidad-de-avellaneda","tag-secretaria-de-obras-y-servicios-publicos","tag-senalizacion"],"_links":{"self":[{"href":"https:\/\/www.elsindical.com.ar\/notas\/wp-json\/wp\/v2\/posts\/111441","targetHints":{"allow":["GET"]}}],"collection":[{"href":"https:\/\/www.elsindical.com.ar\/notas\/wp-json\/wp\/v2\/posts"}],"about":[{"href":"https:\/\/www.elsindical.com.ar\/notas\/wp-json\/wp\/v2\/types\/post"}],"author":[{"embeddable":true,"href":"https:\/\/www.elsindical.com.ar\/notas\/wp-json\/wp\/v2\/users\/1"}],"replies":[{"embeddable":true,"href":"https:\/\/www.elsindical.com.ar\/notas\/wp-json\/wp\/v2\/comments?post=111441"}],"version-history":[{"count":1,"href":"https:\/\/www.elsindical.com.ar\/notas\/wp-json\/wp\/v2\/posts\/111441\/revisions"}],"predecessor-version":[{"id":111444,"href":"https:\/\/www.elsindical.com.ar\/notas\/wp-json\/wp\/v2\/posts\/111441\/revisions\/111444"}],"wp:featuredmedia":[{"embeddable":true,"href":"https:\/\/www.elsindical.com.ar\/notas\/wp-json\/wp\/v2\/media\/111442"}],"wp:attachment":[{"href":"https:\/\/www.elsindical.com.ar\/notas\/wp-json\/wp\/v2\/media?parent=111441"}],"wp:term":[{"taxonomy":"category","embeddable":true,"href":"https:\/\/www.elsindical.com.ar\/notas\/wp-json\/wp\/v2\/categories?post=111441"},{"taxonomy":"post_tag","embeddable":true,"href":"https:\/\/www.elsindical.com.ar\/notas\/wp-json\/wp\/v2\/tags?post=111441"}],"curies":[{"name":"wp","href":"https:\/\/api.w.org\/{rel}","templated":true}]}}