{"id":111416,"date":"2022-02-13T00:09:07","date_gmt":"2022-02-13T03:09:07","guid":{"rendered":"https:\/\/www.elsindical.com.ar\/notas\/?p=111416"},"modified":"2022-02-13T00:09:08","modified_gmt":"2022-02-13T03:09:08","slug":"chile-tension-por-la-crisis-migratoria-el-gobierno-militariza-cuatro-provincias-del-norte","status":"publish","type":"post","link":"https:\/\/www.elsindical.com.ar\/notas\/chile-tension-por-la-crisis-migratoria-el-gobierno-militariza-cuatro-provincias-del-norte\/","title":{"rendered":"Chile: Tensi\u00f3n por la crisis migratoria el Gobierno militariza cuatro provincias del norte"},"content":{"rendered":"\n<div class=\"wp-block-image\"><figure class=\"aligncenter size-full\"><a href=\"https:\/\/www.elsindical.com.ar\/notas\/var\/www\/html\/notas\/wp-content\/uploads\/2022\/02\/Chile-protestas-01.jpg\"><img loading=\"lazy\" decoding=\"async\" width=\"758\" height=\"496\" src=\"https:\/\/www.elsindical.com.ar\/notas\/var\/www\/html\/notas\/wp-content\/uploads\/2022\/02\/Chile-protestas-01.jpg\" alt=\"\" class=\"wp-image-111417\" srcset=\"https:\/\/www.elsindical.com.ar\/notas\/var\/www\/html\/notas\/wp-content\/uploads\/2022\/02\/Chile-protestas-01.jpg 758w, https:\/\/www.elsindical.com.ar\/notas\/var\/www\/html\/notas\/wp-content\/uploads\/2022\/02\/Chile-protestas-01-300x196.jpg 300w, https:\/\/www.elsindical.com.ar\/notas\/var\/www\/html\/notas\/wp-content\/uploads\/2022\/02\/Chile-protestas-01-458x300.jpg 458w\" sizes=\"auto, (max-width: 758px) 100vw, 758px\" \/><\/a><\/figure><\/div>\n\n\n\n<p>As\u00ed lo explic\u00f3 el ministro del Interior, Rodrigo Delgado, tras una reuni\u00f3n de emergencia con el gremio de los transportistas, que exig\u00edan medidas de seguridad y el endurecimiento de las fronteras.<\/p>\n\n\n\n<p><strong>El Gobierno de Chile decret\u00f3 este s\u00e1bado \u00abestado de excepci\u00f3n\u00bb<\/strong> y el despliegue militar en los sectores fronterizos de cuatro provincias de las regiones de Antofagasta y Arica, en el norte, despu\u00e9s de dos jornadas de cortes de carreteras y huelgas de camioneros contra la migraci\u00f3n irregular.<\/p>\n\n\n\n<p>As\u00ed lo explic\u00f3 el ministro del Interior, Rodrigo Delgado, tras una reuni\u00f3n de emergencia con el gremio de los transportistas, que exig\u00edan medidas de seguridad y el endurecimiento de las fronteras.<br><br>\u00abEl estado de excepci\u00f3n permitir\u00e1 la colaboraci\u00f3n entre las Fuerzas Armadas y la polic\u00eda con dos focos: Combatir el tr\u00e1fico de drogas y el tr\u00e1fico de migrantes\u00bb, explic\u00f3 Delgado desde la ciudad de Antofagasta.<br><br>Fue precisamente e<strong>l fallecimiento en esta regi\u00f3n de un camionero el pasado jueves<\/strong> lo que gatill\u00f3 las protestas de los \u00faltimos dos d\u00edas, con cortes de carretera en varios puntos del pa\u00eds y el bloqueo de un aeropuerto regional y varias faenas mineras.<\/p>\n\n\n\n<p>De la misma manera, el Gobierno <strong>anunci\u00f3 la puesta en marcha de la nueva<\/strong> ley de migraciones, promovida por el conservador Sebasti\u00e1n Pi\u00f1era, que busca endurecer las fronteras y \u00abordenar la casa\u00bb.<br><br>Pese a que la norma entr\u00f3 en vigor en 2021, faltaba la aprobaci\u00f3n del reglamento, que fue publicado esta ma\u00f1ana en el diario oficial y permitir\u00e1 a partir de este s\u00e1bado agilizar las expulsiones e incluso hacer \u00abdevoluciones en caliente\u00bb, sin un procedimiento judicial.<br><br><strong>\u00abLa gente que quiera entrar a Chile lo debe hacer por la puerta, no por la ventana, sincerando las verdaderas razones del ingreso\u00bb<\/strong>, agreg\u00f3 el ministro.<br><br>Las provincias que<strong> estar\u00e1n militarizadas son Arica, Parincota, Tamarugal y El Loa, en las frontera con Per\u00fa y Bolivia<\/strong>, donde tambi\u00e9n se reforzar\u00e1 el control con medios a\u00e9reos y terrestres: radiopatrullas de carretera, motos, helic\u00f3pteros y un avi\u00f3n vig\u00eda, inform\u00f3 Delgado.<\/p>\n\n\n\n<p>En estas<strong> provincias y otras zonas del norte de Chile<\/strong> existe desde hace meses una fuerte crisis migratoria con la llegada masiva de personas indocumentadas y la celebraci\u00f3n de huelgas contra la migraci\u00f3n, paros de transportistas y ataques xen\u00f3fobos.<br><br><strong>Pese a la pandemia y la crisis social de 2019<\/strong>, Chile sigue siendo uno de los pa\u00edses m\u00e1s atractivos para migrar dentro de Am\u00e9rica Latina por su estabilidad pol\u00edtica y econ\u00f3mica.<br><br>Los inclementes <strong>pasos altipl\u00e1nicos<\/strong> del norte siguen formando la principal ruta de ingreso irregular, un paso en el que han perdido la vida al menos dos personas en lo que va de a\u00f1o y una veintena desde que se inici\u00f3 el flujo masivo en febrero de 2021.<br><br>En <strong>Chile hay 1,4 millones de migrantes<\/strong>, lo que equivale a m\u00e1s del 7 % de la poblaci\u00f3n, y los venezolanos son los m\u00e1s numerosos, seguidos de peruanos, haitianos y colombianos.\u00a0<\/p>\n\n\n\n<figure class=\"wp-block-gallery has-nested-images columns-1 is-cropped wp-block-gallery-1 is-layout-flex wp-block-gallery-is-layout-flex\">\n<figure class=\"wp-block-image size-large\"><a href=\"https:\/\/www.elsindical.com.ar\/notas\/var\/www\/html\/notas\/wp-content\/uploads\/2022\/02\/Chile-protestas-02.jpg\"><img loading=\"lazy\" decoding=\"async\" width=\"754\" height=\"487\" data-id=\"111418\" src=\"https:\/\/www.elsindical.com.ar\/notas\/var\/www\/html\/notas\/wp-content\/uploads\/2022\/02\/Chile-protestas-02.jpg\" alt=\"\" class=\"wp-image-111418\" srcset=\"https:\/\/www.elsindical.com.ar\/notas\/var\/www\/html\/notas\/wp-content\/uploads\/2022\/02\/Chile-protestas-02.jpg 754w, https:\/\/www.elsindical.com.ar\/notas\/var\/www\/html\/notas\/wp-content\/uploads\/2022\/02\/Chile-protestas-02-300x194.jpg 300w, https:\/\/www.elsindical.com.ar\/notas\/var\/www\/html\/notas\/wp-content\/uploads\/2022\/02\/Chile-protestas-02-464x300.jpg 464w\" sizes=\"auto, (max-width: 754px) 100vw, 754px\" \/><\/a><\/figure>\n\n\n\n<figure class=\"wp-block-image size-large\"><a href=\"https:\/\/www.elsindical.com.ar\/notas\/var\/www\/html\/notas\/wp-content\/uploads\/2022\/02\/Chile-protestas-03.jpg\"><img loading=\"lazy\" decoding=\"async\" width=\"758\" height=\"495\" data-id=\"111419\" src=\"https:\/\/www.elsindical.com.ar\/notas\/var\/www\/html\/notas\/wp-content\/uploads\/2022\/02\/Chile-protestas-03.jpg\" alt=\"\" class=\"wp-image-111419\" srcset=\"https:\/\/www.elsindical.com.ar\/notas\/var\/www\/html\/notas\/wp-content\/uploads\/2022\/02\/Chile-protestas-03.jpg 758w, https:\/\/www.elsindical.com.ar\/notas\/var\/www\/html\/notas\/wp-content\/uploads\/2022\/02\/Chile-protestas-03-300x196.jpg 300w, https:\/\/www.elsindical.com.ar\/notas\/var\/www\/html\/notas\/wp-content\/uploads\/2022\/02\/Chile-protestas-03-459x300.jpg 459w\" sizes=\"auto, (max-width: 758px) 100vw, 758px\" \/><\/a><\/figure>\n<\/figure>\n","protected":false},"excerpt":{"rendered":"<p>As\u00ed lo explic\u00f3 el ministro del Interior, Rodrigo Delgado, tras una reuni\u00f3n de emergencia con el gremio de los transportistas, que exig\u00edan medidas de seguridad y el endurecimiento de las fronteras. El Gobierno de Chile decret\u00f3 este s\u00e1bado \u00abestado de excepci\u00f3n\u00bb y el despliegue militar en los sectores fronterizos de cuatro provincias de las regiones&hellip;<\/p>\n","protected":false},"author":1,"featured_media":111417,"comment_status":"open","ping_status":"open","sticky":false,"template":"","format":"standard","meta":{"footnotes":""},"categories":[18],"tags":[1200,390,2450,3347,613],"class_list":["post-111416","post","type-post","status-publish","format-standard","has-post-thumbnail","hentry","category-internacionales","tag-chile","tag-crisis","tag-diario-el-sindical","tag-protestas","tag-seguridad"],"_links":{"self":[{"href":"https:\/\/www.elsindical.com.ar\/notas\/wp-json\/wp\/v2\/posts\/111416","targetHints":{"allow":["GET"]}}],"collection":[{"href":"https:\/\/www.elsindical.com.ar\/notas\/wp-json\/wp\/v2\/posts"}],"about":[{"href":"https:\/\/www.elsindical.com.ar\/notas\/wp-json\/wp\/v2\/types\/post"}],"author":[{"embeddable":true,"href":"https:\/\/www.elsindical.com.ar\/notas\/wp-json\/wp\/v2\/users\/1"}],"replies":[{"embeddable":true,"href":"https:\/\/www.elsindical.com.ar\/notas\/wp-json\/wp\/v2\/comments?post=111416"}],"version-history":[{"count":1,"href":"https:\/\/www.elsindical.com.ar\/notas\/wp-json\/wp\/v2\/posts\/111416\/revisions"}],"predecessor-version":[{"id":111420,"href":"https:\/\/www.elsindical.com.ar\/notas\/wp-json\/wp\/v2\/posts\/111416\/revisions\/111420"}],"wp:featuredmedia":[{"embeddable":true,"href":"https:\/\/www.elsindical.com.ar\/notas\/wp-json\/wp\/v2\/media\/111417"}],"wp:attachment":[{"href":"https:\/\/www.elsindical.com.ar\/notas\/wp-json\/wp\/v2\/media?parent=111416"}],"wp:term":[{"taxonomy":"category","embeddable":true,"href":"https:\/\/www.elsindical.com.ar\/notas\/wp-json\/wp\/v2\/categories?post=111416"},{"taxonomy":"post_tag","embeddable":true,"href":"https:\/\/www.elsindical.com.ar\/notas\/wp-json\/wp\/v2\/tags?post=111416"}],"curies":[{"name":"wp","href":"https:\/\/api.w.org\/{rel}","templated":true}]}}