{"id":111411,"date":"2022-02-12T10:55:00","date_gmt":"2022-02-12T13:55:00","guid":{"rendered":"https:\/\/www.elsindical.com.ar\/notas\/?p=111411"},"modified":"2022-02-12T10:55:00","modified_gmt":"2022-02-12T13:55:00","slug":"el-tramite-de-fe-de-vida-vuelve-a-ser-obligatorio-para-jubilados-y-pensionados-desde-del-1-de-marzo-como-gestionarlo","status":"publish","type":"post","link":"https:\/\/www.elsindical.com.ar\/notas\/el-tramite-de-fe-de-vida-vuelve-a-ser-obligatorio-para-jubilados-y-pensionados-desde-del-1-de-marzo-como-gestionarlo\/","title":{"rendered":"El tr\u00e1mite de \u201cfe de vida\u201d vuelve a ser obligatorio para jubilados y pensionados desde del 1 de marzo: \u00bfc\u00f3mo gestionarlo?"},"content":{"rendered":"\n<div class=\"wp-block-image\"><figure class=\"aligncenter size-full is-resized\"><a href=\"https:\/\/www.elsindical.com.ar\/notas\/var\/www\/html\/notas\/wp-content\/uploads\/2022\/02\/ANSES-fe-de-vida.jpg\"><img loading=\"lazy\" decoding=\"async\" src=\"https:\/\/www.elsindical.com.ar\/notas\/var\/www\/html\/notas\/wp-content\/uploads\/2022\/02\/ANSES-fe-de-vida.jpg\" alt=\"\" class=\"wp-image-111412\" width=\"785\" height=\"449\" srcset=\"https:\/\/www.elsindical.com.ar\/notas\/var\/www\/html\/notas\/wp-content\/uploads\/2022\/02\/ANSES-fe-de-vida.jpg 700w, https:\/\/www.elsindical.com.ar\/notas\/var\/www\/html\/notas\/wp-content\/uploads\/2022\/02\/ANSES-fe-de-vida-300x171.jpg 300w, https:\/\/www.elsindical.com.ar\/notas\/var\/www\/html\/notas\/wp-content\/uploads\/2022\/02\/ANSES-fe-de-vida-500x286.jpg 500w, https:\/\/www.elsindical.com.ar\/notas\/var\/www\/html\/notas\/wp-content\/uploads\/2022\/02\/ANSES-fe-de-vida-220x126.jpg 220w\" sizes=\"auto, (max-width: 785px) 100vw, 785px\" \/><\/a><\/figure><\/div>\n\n\n\n<p>Desde la llegada del Covid-19 el tr\u00e1mite de acreditaci\u00f3n de la Fe de Vida qued\u00f3 suspendido y renovado repetidas veces. La \u00faltima pr\u00f3rroga tiene fecha de vencimiento 28 de febrero.<\/p>\n\n\n\n<p>La acreditaci\u00f3n de\u00a0<strong>Fe de Vida<\/strong>\u00a0es un requisito para el cobro de jubilaciones y pensiones que se encuentra suspendido hasta el 28 de febrero a consecuencia de la pandemia.\u00a0<\/p>\n\n\n\n<p><strong>A pocos d\u00edas de la posibilidad de su restablecimiento, la banca oficial adecu\u00f3 sus sistemas y env\u00edo comunicaciones a sus clientes ofreciendo una opci\u00f3n virtual de este tr\u00e1mite.<\/strong><\/p>\n\n\n\n<p>El Banco Naci\u00f3n distribuy\u00f3 un flyer en el que indic\u00f3 que, a partir del 1\u00b0 de marzo, vuelve a ser necesaria la confirmaci\u00f3n de supervivencia para el cobro.<\/p>\n\n\n\n<p>La Resoluci\u00f3n 277 de diciembre de 2021 de ANSES estableci\u00f3 que, a partir del 1\u00b0 de marzo, ser\u00e1n las entidades pagadoras las responsables de certificar la supervivencia de los beneficiarios y aclar\u00f3 que los listados que entrega semanalmente s\u00f3lo son de car\u00e1cter colaborativo.<\/p>\n\n\n\n<p>Determinar la modalidad y la frecuencia en la que es necesaria la Fe de Vida es facultad cada entidad.<\/p>\n\n\n\n<p>Las formas m\u00e1s habituales para cumplir con este requisito es&nbsp;<strong>cobrar por ventanilla, realizar una compra con tarjeta de cr\u00e9dito o d\u00e9bito asociada a la cuenta bancaria, poner huella digital en diferentes t\u00f3tems o acercarse a una terminal de autoconsulta.<\/strong><\/p>\n\n\n\n<p>Durante las restricciones a la circulaci\u00f3n, los bancos tambi\u00e9n implementaron aplicaciones por las cu\u00e1les puede darse la&nbsp;<strong>Fe de Vida<\/strong>&nbsp;mediante movimientos faciales.<\/p>\n\n\n\n<p>El BNA explic\u00f3 que el tr\u00e1mite estar\u00e1 disponible v\u00eda la app de la entidad, sin moverse de la casa. Se puede realizar para la persona que debe presentarlo o para un tercero. La misma tendr\u00e1 una vigencia mensual, lo que obligar\u00e1 a repetir el proceso todos los meses.<\/p>\n","protected":false},"excerpt":{"rendered":"<p>Desde la llegada del Covid-19 el tr\u00e1mite de acreditaci\u00f3n de la Fe de Vida qued\u00f3 suspendido y renovado repetidas veces. La \u00faltima pr\u00f3rroga tiene fecha de vencimiento 28 de febrero. La acreditaci\u00f3n de\u00a0Fe de Vida\u00a0es un requisito para el cobro de jubilaciones y pensiones que se encuentra suspendido hasta el 28 de febrero a consecuencia&hellip;<\/p>\n","protected":false},"author":1,"featured_media":111412,"comment_status":"open","ping_status":"open","sticky":false,"template":"","format":"standard","meta":{"footnotes":""},"categories":[25],"tags":[80,2450,36522,36523],"class_list":["post-111411","post","type-post","status-publish","format-standard","has-post-thumbnail","hentry","category-sociedad","tag-anses","tag-diario-el-sindical","tag-fe-de-vida","tag-jubilaciones-y-pensiones"],"_links":{"self":[{"href":"https:\/\/www.elsindical.com.ar\/notas\/wp-json\/wp\/v2\/posts\/111411","targetHints":{"allow":["GET"]}}],"collection":[{"href":"https:\/\/www.elsindical.com.ar\/notas\/wp-json\/wp\/v2\/posts"}],"about":[{"href":"https:\/\/www.elsindical.com.ar\/notas\/wp-json\/wp\/v2\/types\/post"}],"author":[{"embeddable":true,"href":"https:\/\/www.elsindical.com.ar\/notas\/wp-json\/wp\/v2\/users\/1"}],"replies":[{"embeddable":true,"href":"https:\/\/www.elsindical.com.ar\/notas\/wp-json\/wp\/v2\/comments?post=111411"}],"version-history":[{"count":1,"href":"https:\/\/www.elsindical.com.ar\/notas\/wp-json\/wp\/v2\/posts\/111411\/revisions"}],"predecessor-version":[{"id":111413,"href":"https:\/\/www.elsindical.com.ar\/notas\/wp-json\/wp\/v2\/posts\/111411\/revisions\/111413"}],"wp:featuredmedia":[{"embeddable":true,"href":"https:\/\/www.elsindical.com.ar\/notas\/wp-json\/wp\/v2\/media\/111412"}],"wp:attachment":[{"href":"https:\/\/www.elsindical.com.ar\/notas\/wp-json\/wp\/v2\/media?parent=111411"}],"wp:term":[{"taxonomy":"category","embeddable":true,"href":"https:\/\/www.elsindical.com.ar\/notas\/wp-json\/wp\/v2\/categories?post=111411"},{"taxonomy":"post_tag","embeddable":true,"href":"https:\/\/www.elsindical.com.ar\/notas\/wp-json\/wp\/v2\/tags?post=111411"}],"curies":[{"name":"wp","href":"https:\/\/api.w.org\/{rel}","templated":true}]}}