{"id":111408,"date":"2022-02-12T10:49:23","date_gmt":"2022-02-12T13:49:23","guid":{"rendered":"https:\/\/www.elsindical.com.ar\/notas\/?p=111408"},"modified":"2022-02-12T10:49:24","modified_gmt":"2022-02-12T13:49:24","slug":"aysa-preve-un-aumento-de-32-este-ano-que-se-sumaria-subas-en-la-luz-y-el-gas","status":"publish","type":"post","link":"https:\/\/www.elsindical.com.ar\/notas\/aysa-preve-un-aumento-de-32-este-ano-que-se-sumaria-subas-en-la-luz-y-el-gas\/","title":{"rendered":"AySA prev\u00e9 un aumento de 32% este a\u00f1o, que se sumar\u00eda subas en la luz y el gas"},"content":{"rendered":"\n<div class=\"wp-block-image\"><figure class=\"aligncenter size-full is-resized\"><a href=\"https:\/\/www.elsindical.com.ar\/notas\/var\/www\/html\/notas\/wp-content\/uploads\/2022\/02\/Aysa-logo.jpg\"><img loading=\"lazy\" decoding=\"async\" src=\"https:\/\/www.elsindical.com.ar\/notas\/var\/www\/html\/notas\/wp-content\/uploads\/2022\/02\/Aysa-logo.jpg\" alt=\"\" class=\"wp-image-111409\" width=\"833\" height=\"312\" srcset=\"https:\/\/www.elsindical.com.ar\/notas\/var\/www\/html\/notas\/wp-content\/uploads\/2022\/02\/Aysa-logo.jpg 670w, https:\/\/www.elsindical.com.ar\/notas\/var\/www\/html\/notas\/wp-content\/uploads\/2022\/02\/Aysa-logo-300x112.jpg 300w, https:\/\/www.elsindical.com.ar\/notas\/var\/www\/html\/notas\/wp-content\/uploads\/2022\/02\/Aysa-logo-500x187.jpg 500w\" sizes=\"auto, (max-width: 833px) 100vw, 833px\" \/><\/a><\/figure><\/div>\n\n\n\n<p>El mecanismo para la quita de subsidios a la luz y el gas a\u00fan no est\u00e1 resuelto, pero el incremento del costo de los servicios se avecina. Tambi\u00e9n es probable un incremento en el costo del transporte p\u00fablico. Lo que s\u00ed ya es hoy una certeza es el aumento del servicio de agua y cloacas en el \u00e1rea metropolitana de Buenos Aires.<\/p>\n\n\n\n<p>La empresa p\u00fablica Agua y Saneamientos Argentinos (AySA) prev\u00e9 aplicar un incremento del 32 por ciento durante este a\u00f1o, aunque de manera escalonada. Seg\u00fan trascendi\u00f3, en marzo el aumento ser\u00e1 de 20 por ciento, en tanto que un 10 por ciento restante se aplicar\u00e1 a partir de julio. Como el \u00faltimo salto se aplicar\u00eda sobre el precio vigente en ese momento, el acumulado de esas subas llegar\u00e1 a la meta anual establecida.<\/p>\n\n\n\n<p>De todos modos, la reglamentaci\u00f3n vigente exige la modificaci\u00f3n de la tarifa sea discutida en una audiencia p\u00fablica en la que debe tomar intervenci\u00f3n el Ente Regulador de Agua y Saneamiento (ERAS), que deber\u00e1 elaborar un informe t\u00e9cnico previo al debate p\u00fablico.<\/p>\n\n\n\n<p>Si bien el salto, de aprobarse, ser\u00eda significativo. Est\u00e1 claro que la suba quedar\u00eda muy por debajo de la inflaci\u00f3n estimada para el a\u00f1o en curso, que seg\u00fan consultoras privadas podr\u00eda superar el 50 por ciento.<\/p>\n\n\n\n<p>Por eso, AySA afirma que el incremento propuesto no alcanzar\u00e1 para cubrir el sostenimiento operativo, que es altamente dependiente del costo de la energ\u00eda el\u00e9ctrica, lo que hace presumir que pese a aplicar la suba el monto del subsidio aportado por el Estado lejos de disminuir, como prescribe el acuerdo en ciernes con el FMI, deber\u00eda incrementarse.<\/p>\n\n\n\n<p>\u201cSi bien el incremento de la tarifa de agua fue muy fuerte en 2018, luego en relaci\u00f3n a las tarifas de energ\u00edas el\u00e9ctricas, peajes y a las tarifas vinculadas a las empresas amigas de aquel entonces, las de agua quedaron muy retrasadas\u201d, hab\u00eda se\u00f1alado Malena Galmarini, presidente de AySA, a comienzos de 2020. Sin embargo, la pandemia que se desat\u00f3 semanas despu\u00e9s mantuvo todas las tarifas congeladas.<\/p>\n","protected":false},"excerpt":{"rendered":"<p>El mecanismo para la quita de subsidios a la luz y el gas a\u00fan no est\u00e1 resuelto, pero el incremento del costo de los servicios se avecina. Tambi\u00e9n es probable un incremento en el costo del transporte p\u00fablico. Lo que s\u00ed ya es hoy una certeza es el aumento del servicio de agua y cloacas&hellip;<\/p>\n","protected":false},"author":1,"featured_media":111409,"comment_status":"open","ping_status":"open","sticky":false,"template":"","format":"standard","meta":{"footnotes":""},"categories":[9],"tags":[19131,12912,2450,20850],"class_list":["post-111408","post","type-post","status-publish","format-standard","has-post-thumbnail","hentry","category-economia","tag-aumento-tarifa","tag-aysa","tag-diario-el-sindical","tag-malena-galmarini"],"_links":{"self":[{"href":"https:\/\/www.elsindical.com.ar\/notas\/wp-json\/wp\/v2\/posts\/111408","targetHints":{"allow":["GET"]}}],"collection":[{"href":"https:\/\/www.elsindical.com.ar\/notas\/wp-json\/wp\/v2\/posts"}],"about":[{"href":"https:\/\/www.elsindical.com.ar\/notas\/wp-json\/wp\/v2\/types\/post"}],"author":[{"embeddable":true,"href":"https:\/\/www.elsindical.com.ar\/notas\/wp-json\/wp\/v2\/users\/1"}],"replies":[{"embeddable":true,"href":"https:\/\/www.elsindical.com.ar\/notas\/wp-json\/wp\/v2\/comments?post=111408"}],"version-history":[{"count":1,"href":"https:\/\/www.elsindical.com.ar\/notas\/wp-json\/wp\/v2\/posts\/111408\/revisions"}],"predecessor-version":[{"id":111410,"href":"https:\/\/www.elsindical.com.ar\/notas\/wp-json\/wp\/v2\/posts\/111408\/revisions\/111410"}],"wp:featuredmedia":[{"embeddable":true,"href":"https:\/\/www.elsindical.com.ar\/notas\/wp-json\/wp\/v2\/media\/111409"}],"wp:attachment":[{"href":"https:\/\/www.elsindical.com.ar\/notas\/wp-json\/wp\/v2\/media?parent=111408"}],"wp:term":[{"taxonomy":"category","embeddable":true,"href":"https:\/\/www.elsindical.com.ar\/notas\/wp-json\/wp\/v2\/categories?post=111408"},{"taxonomy":"post_tag","embeddable":true,"href":"https:\/\/www.elsindical.com.ar\/notas\/wp-json\/wp\/v2\/tags?post=111408"}],"curies":[{"name":"wp","href":"https:\/\/api.w.org\/{rel}","templated":true}]}}