{"id":111392,"date":"2022-02-11T16:13:10","date_gmt":"2022-02-11T19:13:10","guid":{"rendered":"https:\/\/www.elsindical.com.ar\/notas\/?p=111392"},"modified":"2022-02-11T16:14:34","modified_gmt":"2022-02-11T19:14:34","slug":"diplomatura-en-ciencias-de-la-salud-orientada-a-profesionales-de-las-danzas-populares","status":"publish","type":"post","link":"https:\/\/www.elsindical.com.ar\/notas\/diplomatura-en-ciencias-de-la-salud-orientada-a-profesionales-de-las-danzas-populares\/","title":{"rendered":"Diplomatura en Ciencias de la Salud orientada a profesionales de las danzas populares"},"content":{"rendered":"\n<figure class=\"wp-block-image size-large\"><a href=\"https:\/\/www.elsindical.com.ar\/notas\/var\/www\/html\/notas\/wp-content\/uploads\/2022\/02\/Diplomatura-en-Ciencias-de-la-salud.jpg\"><img loading=\"lazy\" decoding=\"async\" width=\"1024\" height=\"247\" src=\"https:\/\/www.elsindical.com.ar\/notas\/var\/www\/html\/notas\/wp-content\/uploads\/2022\/02\/Diplomatura-en-Ciencias-de-la-salud-1024x247.jpg\" alt=\"\" class=\"wp-image-111393\" srcset=\"https:\/\/www.elsindical.com.ar\/notas\/var\/www\/html\/notas\/wp-content\/uploads\/2022\/02\/Diplomatura-en-Ciencias-de-la-salud-1024x247.jpg 1024w, https:\/\/www.elsindical.com.ar\/notas\/var\/www\/html\/notas\/wp-content\/uploads\/2022\/02\/Diplomatura-en-Ciencias-de-la-salud-300x72.jpg 300w, https:\/\/www.elsindical.com.ar\/notas\/var\/www\/html\/notas\/wp-content\/uploads\/2022\/02\/Diplomatura-en-Ciencias-de-la-salud-768x185.jpg 768w, https:\/\/www.elsindical.com.ar\/notas\/var\/www\/html\/notas\/wp-content\/uploads\/2022\/02\/Diplomatura-en-Ciencias-de-la-salud-500x120.jpg 500w, https:\/\/www.elsindical.com.ar\/notas\/var\/www\/html\/notas\/wp-content\/uploads\/2022\/02\/Diplomatura-en-Ciencias-de-la-salud.jpg 1134w\" sizes=\"auto, (max-width: 1024px) 100vw, 1024px\" \/><\/a><\/figure>\n\n\n\n<p>Este proyecto de formaci\u00f3n tiene como objetivo el desarrollo de un espacio que invite a profundizar el estudio y pr\u00e1ctica vivencial consciente de las necesidades que se manifiestan dentro de la comunidad que re\u00fane a las diferentes t\u00e9cnicas corporales.<\/p>\n\n\n\n<p>Un destacado equipo de profesionales, que tienen como finalidad el estudio del cuerpo como parte de un ser bio-psico-social, ser\u00e1n los encargados de llevar adelante la presente formaci\u00f3n. Considerando un aporte importante como inicio de un contexto formativo integrador, para la actual impronta de la comunidad de las danzas populares, tales como bailarines, docentes y profesionales de la salud con inter\u00e9s en acompa\u00f1ar o que ya se desempe\u00f1an en el \u00e1mbito de las danzas.<\/p>\n\n\n\n<p>La Diplomatura en Ciencias de la Salud orientada a profesionales de las danzas populares -con enfoque interdisciplinario- responde al creciente nivel de exigencia que demandan las danzas en la actualidad.<\/p>\n\n\n\n<p>Estos trayectos tienen un especial \u00e9nfasis en la formaci\u00f3n pr\u00e1ctica y en la adquisici\u00f3n de contenidos te\u00f3ricos integradores que permitan construir y complementar la formaci\u00f3n, en b\u00fasqueda de profesionales comprometidos con la salud e interesados en adquirir herramientas espec\u00edficas de abordaje f\u00edsico-psico-emocional y nutricional de un cuerpo atravesado por diversos recorridos din\u00e1micos y coreogr\u00e1ficos.<\/p>\n\n\n\n<p>Es entonces que, discerniendo el comportamiento del cuerpo terciado por los movimientos propios de las danzas, obtendremos un mejor rendimiento, sin lesiones y una calidad art\u00edstica potencialmente competente. <strong>Perfil de las\/los aspirantes<\/strong><br>&#8211; Bailarines profesionales<br>&#8211; Estudiantes de carreras universitarias o terciarias en danzas populares<br>&#8211; Docentes de diferentes lenguajes y t\u00e9cnicas corporales<br>&#8211; Directores de grupos coreogr\u00e1ficos<br>&#8211; Profesionales de la salud interesados en el \u00e1mbito de las danzas<\/p>\n\n\n\n<p><strong>Metodolog\u00eda<\/strong><br>La Diplomatura se ofrecer\u00e1 en formato virtual.<\/p>\n\n\n\n<p>La metodolog\u00eda que se propone es esencialmente te\u00f3rico-pr\u00e1ctica, de car\u00e1cter participativo, integral, tendientes a enriquecer y promover el proceso de aprendizaje.&nbsp;<\/p>\n\n\n\n<p>Los contenidos ser\u00e1n desarrollados por un cuerpo docente interdisciplinario, fomentando el intercambio de un lenguaje cient\u00edfico adaptado a las necesidades pr\u00e1cticas de las danzas.<\/p>\n\n\n\n<p>Se desarrollar\u00e1n exposiciones con contenido cient\u00edfico actualizado y experiencia vivencial a cargo de los profesionales de la salud y de las danzas; talleres y trabajos pr\u00e1cticos para la implementaci\u00f3n del conocimiento adquirido.<\/p>\n\n\n\n<p><strong>M\u00e1s informaci\u00f3n<\/strong><br>Reglamento de diplomaturas de la UNA&nbsp;<strong><a rel=\"noreferrer noopener\" href=\"https:\/\/assets.una.edu.ar\/files\/contenidos\/1638806034_2021-una-re-res-cs-70-reglamento-diplomaturas.pdf\" target=\"_blank\">(descargar)<\/a><\/strong><\/p>\n","protected":false},"excerpt":{"rendered":"<p>Este proyecto de formaci\u00f3n tiene como objetivo el desarrollo de un espacio que invite a profundizar el estudio y pr\u00e1ctica vivencial consciente de las necesidades que se manifiestan dentro de la comunidad que re\u00fane a las diferentes t\u00e9cnicas corporales. Un destacado equipo de profesionales, que tienen como finalidad el estudio del cuerpo como parte de&hellip;<\/p>\n","protected":false},"author":1,"featured_media":111393,"comment_status":"open","ping_status":"open","sticky":false,"template":"","format":"standard","meta":{"footnotes":""},"categories":[5],"tags":[],"class_list":["post-111392","post","type-post","status-publish","format-standard","has-post-thumbnail","hentry","category-cultura"],"_links":{"self":[{"href":"https:\/\/www.elsindical.com.ar\/notas\/wp-json\/wp\/v2\/posts\/111392","targetHints":{"allow":["GET"]}}],"collection":[{"href":"https:\/\/www.elsindical.com.ar\/notas\/wp-json\/wp\/v2\/posts"}],"about":[{"href":"https:\/\/www.elsindical.com.ar\/notas\/wp-json\/wp\/v2\/types\/post"}],"author":[{"embeddable":true,"href":"https:\/\/www.elsindical.com.ar\/notas\/wp-json\/wp\/v2\/users\/1"}],"replies":[{"embeddable":true,"href":"https:\/\/www.elsindical.com.ar\/notas\/wp-json\/wp\/v2\/comments?post=111392"}],"version-history":[{"count":2,"href":"https:\/\/www.elsindical.com.ar\/notas\/wp-json\/wp\/v2\/posts\/111392\/revisions"}],"predecessor-version":[{"id":111395,"href":"https:\/\/www.elsindical.com.ar\/notas\/wp-json\/wp\/v2\/posts\/111392\/revisions\/111395"}],"wp:featuredmedia":[{"embeddable":true,"href":"https:\/\/www.elsindical.com.ar\/notas\/wp-json\/wp\/v2\/media\/111393"}],"wp:attachment":[{"href":"https:\/\/www.elsindical.com.ar\/notas\/wp-json\/wp\/v2\/media?parent=111392"}],"wp:term":[{"taxonomy":"category","embeddable":true,"href":"https:\/\/www.elsindical.com.ar\/notas\/wp-json\/wp\/v2\/categories?post=111392"},{"taxonomy":"post_tag","embeddable":true,"href":"https:\/\/www.elsindical.com.ar\/notas\/wp-json\/wp\/v2\/tags?post=111392"}],"curies":[{"name":"wp","href":"https:\/\/api.w.org\/{rel}","templated":true}]}}