{"id":111387,"date":"2022-02-11T12:49:11","date_gmt":"2022-02-11T15:49:11","guid":{"rendered":"https:\/\/www.elsindical.com.ar\/notas\/?p=111387"},"modified":"2022-02-11T12:58:05","modified_gmt":"2022-02-11T15:58:05","slug":"martiniano-molina-denuncia-ser-objeto-de-una-operacion-de-prensa-para-desacreditarlo","status":"publish","type":"post","link":"https:\/\/www.elsindical.com.ar\/notas\/martiniano-molina-denuncia-ser-objeto-de-una-operacion-de-prensa-para-desacreditarlo\/","title":{"rendered":"Martiniano Molina denuncia ser objeto de una operaci\u00f3n de prensa para desacreditarlo"},"content":{"rendered":"\n<div class=\"wp-block-image\"><figure class=\"aligncenter size-full is-resized\"><a href=\"https:\/\/www.elsindical.com.ar\/notas\/var\/www\/html\/notas\/wp-content\/uploads\/2022\/02\/Martiniano-Molina-operacion-de-prensa.jpg\"><img loading=\"lazy\" decoding=\"async\" src=\"https:\/\/www.elsindical.com.ar\/notas\/var\/www\/html\/notas\/wp-content\/uploads\/2022\/02\/Martiniano-Molina-operacion-de-prensa.jpg\" alt=\"\" class=\"wp-image-111388\" width=\"707\" height=\"603\" srcset=\"https:\/\/www.elsindical.com.ar\/notas\/var\/www\/html\/notas\/wp-content\/uploads\/2022\/02\/Martiniano-Molina-operacion-de-prensa.jpg 535w, https:\/\/www.elsindical.com.ar\/notas\/var\/www\/html\/notas\/wp-content\/uploads\/2022\/02\/Martiniano-Molina-operacion-de-prensa-300x256.jpg 300w, https:\/\/www.elsindical.com.ar\/notas\/var\/www\/html\/notas\/wp-content\/uploads\/2022\/02\/Martiniano-Molina-operacion-de-prensa-352x300.jpg 352w\" sizes=\"auto, (max-width: 707px) 100vw, 707px\" \/><\/a><\/figure><\/div>\n\n\n\n<p>   El diputado provincial Martiniano Molina desminti\u00f3 categ\u00f3ricamente el contenido de la nota period\u00edstica publicada el 11 de febrero de 2022, por el medio quilme\u00f1o El Sol, donde se lo acusa de formar parte de una organizaci\u00f3n investigada por la justicia, relacionada con el caso de la estafa piramidal conocida en los medios como \u00abGeneraci\u00f3n Zoe\u00bb, donde tambi\u00e9n se menciona a Diego Santilli.<br><br>El ex intendente junto a sus asesores legales iniciar\u00e1 las acciones pertinentes contra el medio citado y todo aquel que reproduzca dicha informaci\u00f3n que no cuenta con ninguna prueba respaldatoria.<br><br>Martiniano Molina junto al espacio pol\u00edtico del que forma parte repudian toda operaci\u00f3n pol\u00edtica replicada por medios sin una seria investigaci\u00f3n period\u00edstica previa.<\/p>\n","protected":false},"excerpt":{"rendered":"<p>El diputado provincial Martiniano Molina desminti\u00f3 categ\u00f3ricamente el contenido de la nota period\u00edstica publicada el 11 de febrero de 2022, por el medio quilme\u00f1o El Sol, donde se lo acusa de formar parte de una organizaci\u00f3n investigada por la justicia, relacionada con el caso de la estafa piramidal conocida en los medios como \u00abGeneraci\u00f3n Zoe\u00bb,&hellip;<\/p>\n","protected":false},"author":1,"featured_media":111388,"comment_status":"open","ping_status":"open","sticky":false,"template":"","format":"standard","meta":{"footnotes":""},"categories":[6,13],"tags":[106,1968,2450,18139,22674,1455],"class_list":["post-111387","post","type-post","status-publish","format-standard","has-post-thumbnail","hentry","category-denuncias","category-politica","tag-asesores","tag-demanda","tag-diario-el-sindical","tag-diario-el-sol","tag-martiniano-molina","tag-noticias"],"_links":{"self":[{"href":"https:\/\/www.elsindical.com.ar\/notas\/wp-json\/wp\/v2\/posts\/111387","targetHints":{"allow":["GET"]}}],"collection":[{"href":"https:\/\/www.elsindical.com.ar\/notas\/wp-json\/wp\/v2\/posts"}],"about":[{"href":"https:\/\/www.elsindical.com.ar\/notas\/wp-json\/wp\/v2\/types\/post"}],"author":[{"embeddable":true,"href":"https:\/\/www.elsindical.com.ar\/notas\/wp-json\/wp\/v2\/users\/1"}],"replies":[{"embeddable":true,"href":"https:\/\/www.elsindical.com.ar\/notas\/wp-json\/wp\/v2\/comments?post=111387"}],"version-history":[{"count":2,"href":"https:\/\/www.elsindical.com.ar\/notas\/wp-json\/wp\/v2\/posts\/111387\/revisions"}],"predecessor-version":[{"id":111391,"href":"https:\/\/www.elsindical.com.ar\/notas\/wp-json\/wp\/v2\/posts\/111387\/revisions\/111391"}],"wp:featuredmedia":[{"embeddable":true,"href":"https:\/\/www.elsindical.com.ar\/notas\/wp-json\/wp\/v2\/media\/111388"}],"wp:attachment":[{"href":"https:\/\/www.elsindical.com.ar\/notas\/wp-json\/wp\/v2\/media?parent=111387"}],"wp:term":[{"taxonomy":"category","embeddable":true,"href":"https:\/\/www.elsindical.com.ar\/notas\/wp-json\/wp\/v2\/categories?post=111387"},{"taxonomy":"post_tag","embeddable":true,"href":"https:\/\/www.elsindical.com.ar\/notas\/wp-json\/wp\/v2\/tags?post=111387"}],"curies":[{"name":"wp","href":"https:\/\/api.w.org\/{rel}","templated":true}]}}