{"id":111374,"date":"2022-02-11T11:20:30","date_gmt":"2022-02-11T14:20:30","guid":{"rendered":"https:\/\/www.elsindical.com.ar\/notas\/?p=111374"},"modified":"2022-02-11T11:20:32","modified_gmt":"2022-02-11T14:20:32","slug":"la-pfa-realizo-varios-allanamientos-por-depilacion-laser-con-equipos-prohibidos","status":"publish","type":"post","link":"https:\/\/www.elsindical.com.ar\/notas\/la-pfa-realizo-varios-allanamientos-por-depilacion-laser-con-equipos-prohibidos\/","title":{"rendered":"La PFA realiz\u00f3 varios allanamientos por depilaci\u00f3n l\u00e1ser con equipos prohibidos"},"content":{"rendered":"\n<figure class=\"wp-block-image size-large\"><a href=\"https:\/\/www.elsindical.com.ar\/notas\/var\/www\/html\/notas\/wp-content\/uploads\/2022\/02\/depilasion-laser-trucha-1.jpeg\"><img loading=\"lazy\" decoding=\"async\" width=\"1024\" height=\"619\" src=\"https:\/\/www.elsindical.com.ar\/notas\/var\/www\/html\/notas\/wp-content\/uploads\/2022\/02\/depilasion-laser-trucha-1-1024x619.jpeg\" alt=\"\" class=\"wp-image-111375\" srcset=\"https:\/\/www.elsindical.com.ar\/notas\/var\/www\/html\/notas\/wp-content\/uploads\/2022\/02\/depilasion-laser-trucha-1-1024x619.jpeg 1024w, https:\/\/www.elsindical.com.ar\/notas\/var\/www\/html\/notas\/wp-content\/uploads\/2022\/02\/depilasion-laser-trucha-1-300x181.jpeg 300w, https:\/\/www.elsindical.com.ar\/notas\/var\/www\/html\/notas\/wp-content\/uploads\/2022\/02\/depilasion-laser-trucha-1-768x464.jpeg 768w, https:\/\/www.elsindical.com.ar\/notas\/var\/www\/html\/notas\/wp-content\/uploads\/2022\/02\/depilasion-laser-trucha-1-496x300.jpeg 496w, https:\/\/www.elsindical.com.ar\/notas\/var\/www\/html\/notas\/wp-content\/uploads\/2022\/02\/depilasion-laser-trucha-1.jpeg 1280w\" sizes=\"auto, (max-width: 1024px) 100vw, 1024px\" \/><\/a><\/figure>\n\n\n\n<p class=\"wp-block-paragraph\">Agentes federales de la Divisi\u00f3n Delitos contra la Salud P\u00fablica desarticularon una organizaci\u00f3n dedicada a la depilaci\u00f3n l\u00e1ser y a la est\u00e9tica corporal con equipos m\u00e9dicos prohibidos.<\/p>\n\n\n\n<p class=\"wp-block-paragraph\">A ra\u00edz de distintas tareas investigativas, los efectivos lograron establecer que el accionar delictivo de la banda vinculada al rubro de est\u00e9tica y cuidados de la piel en general (tratamientos de depilaci\u00f3n definitiva, colocaci\u00f3n de botox y col\u00e1geno, aplicaci\u00f3n de \u00e1cido hialuronico) era montar centros de est\u00e9tica no habilitados, sin la presencia m\u00e9dica necesaria, ni habilitaci\u00f3n sanitaria en infracci\u00f3n a lo estipulado por Organizaci\u00f3n Mundial de la Salud, el Ministerio de Salud de la Naci\u00f3n y el A.N.M.A.T.<\/p>\n\n\n\n<p class=\"wp-block-paragraph\">Con las pruebas aportadas por los detectives, el Juzgado Nacional en lo Criminal y Correccional Federal Nro. 4 de Dr. Ariel Lijo, por ante la Secretar\u00eda Nro. 7 del Dr. Diego Arce dispuso un total de 8 allanamientos en Capital Federal y el conurbano bonaerense logrando el secuestro de 2 m\u00e1quinas de depilaci\u00f3n l\u00e1ser, 3 m\u00e1quinas para el cuidado personal no homologadas por el A.N.M.A.T, 1 m\u00e1quina de estimulaci\u00f3n, distintos medicamentos psicotr\u00f3picos, varias recetas m\u00e9dicas fraudulentas, insumos de est\u00e9tica varios, 2 notebooks y 17.670 pesos en efectivo.<\/p>\n\n\n\n<p class=\"wp-block-paragraph\">Los elementos secuestrados quedaron a disposici\u00f3n del juzgado interventor.<\/p>\n\n\n\n<p class=\"wp-block-paragraph\">Lugares allanados:<\/p>\n\n\n\n<p class=\"wp-block-paragraph\">1) RIVADAVIA 6100 CAP.FED<br>2) BLANCO ENCALADA N\u00ba 2300 CAP.FED.-<br>3) PARANA N\u00ba 500 CAP.FED.<br>4) CASULLO N\u00ba 40 MOR\u00d3N<br>5) MAESTRO \u00c1NGEL DELIA N\u00ba 1600 SAN MIGUEL<br>6) JOSE MARIA BOSCH N\u00ba 900 VILLA BOSCH<br>7) AV. MEEKS N\u00ba 70 \u201cPASEO DE COMPRAS EL ALJIBE\u201d LOMAS DE ZAMORA<br>8) LAVALLE N\u00ba 600 QUILMES<\/p>\n\n\n\n<figure class=\"wp-block-gallery has-nested-images columns-1 is-cropped wp-block-gallery-1 is-layout-flex wp-block-gallery-is-layout-flex\">\n<figure class=\"wp-block-image size-large\"><a href=\"https:\/\/www.elsindical.com.ar\/notas\/var\/www\/html\/notas\/wp-content\/uploads\/2022\/02\/depilasion-laser-trucha-2.jpeg\"><img loading=\"lazy\" decoding=\"async\" width=\"576\" height=\"1024\" data-id=\"111376\" src=\"https:\/\/www.elsindical.com.ar\/notas\/var\/www\/html\/notas\/wp-content\/uploads\/2022\/02\/depilasion-laser-trucha-2-576x1024.jpeg\" alt=\"\" class=\"wp-image-111376\" srcset=\"https:\/\/www.elsindical.com.ar\/notas\/var\/www\/html\/notas\/wp-content\/uploads\/2022\/02\/depilasion-laser-trucha-2-576x1024.jpeg 576w, https:\/\/www.elsindical.com.ar\/notas\/var\/www\/html\/notas\/wp-content\/uploads\/2022\/02\/depilasion-laser-trucha-2-169x300.jpeg 169w, https:\/\/www.elsindical.com.ar\/notas\/var\/www\/html\/notas\/wp-content\/uploads\/2022\/02\/depilasion-laser-trucha-2.jpeg 720w\" sizes=\"auto, (max-width: 576px) 100vw, 576px\" \/><\/a><\/figure>\n\n\n\n<figure class=\"wp-block-image size-large\"><a href=\"https:\/\/www.elsindical.com.ar\/notas\/var\/www\/html\/notas\/wp-content\/uploads\/2022\/02\/depilasion-laser-trucha-3.jpeg\"><img loading=\"lazy\" decoding=\"async\" width=\"768\" height=\"1024\" data-id=\"111377\" src=\"https:\/\/www.elsindical.com.ar\/notas\/var\/www\/html\/notas\/wp-content\/uploads\/2022\/02\/depilasion-laser-trucha-3-768x1024.jpeg\" alt=\"\" class=\"wp-image-111377\" srcset=\"https:\/\/www.elsindical.com.ar\/notas\/var\/www\/html\/notas\/wp-content\/uploads\/2022\/02\/depilasion-laser-trucha-3-768x1024.jpeg 768w, https:\/\/www.elsindical.com.ar\/notas\/var\/www\/html\/notas\/wp-content\/uploads\/2022\/02\/depilasion-laser-trucha-3-225x300.jpeg 225w, https:\/\/www.elsindical.com.ar\/notas\/var\/www\/html\/notas\/wp-content\/uploads\/2022\/02\/depilasion-laser-trucha-3.jpeg 960w\" sizes=\"auto, (max-width: 768px) 100vw, 768px\" \/><\/a><\/figure>\n\n\n\n<figure class=\"wp-block-image size-large\"><a href=\"https:\/\/www.elsindical.com.ar\/notas\/var\/www\/html\/notas\/wp-content\/uploads\/2022\/02\/depilasion-laser-trucha-4.jpeg\"><img loading=\"lazy\" decoding=\"async\" width=\"1024\" height=\"1024\" data-id=\"111379\" src=\"https:\/\/www.elsindical.com.ar\/notas\/var\/www\/html\/notas\/wp-content\/uploads\/2022\/02\/depilasion-laser-trucha-4-1024x1024.jpeg\" alt=\"\" class=\"wp-image-111379\" srcset=\"https:\/\/www.elsindical.com.ar\/notas\/var\/www\/html\/notas\/wp-content\/uploads\/2022\/02\/depilasion-laser-trucha-4-1024x1024.jpeg 1024w, https:\/\/www.elsindical.com.ar\/notas\/var\/www\/html\/notas\/wp-content\/uploads\/2022\/02\/depilasion-laser-trucha-4-300x300.jpeg 300w, https:\/\/www.elsindical.com.ar\/notas\/var\/www\/html\/notas\/wp-content\/uploads\/2022\/02\/depilasion-laser-trucha-4-150x150.jpeg 150w, https:\/\/www.elsindical.com.ar\/notas\/var\/www\/html\/notas\/wp-content\/uploads\/2022\/02\/depilasion-laser-trucha-4-768x768.jpeg 768w, https:\/\/www.elsindical.com.ar\/notas\/var\/www\/html\/notas\/wp-content\/uploads\/2022\/02\/depilasion-laser-trucha-4-50x50.jpeg 50w, https:\/\/www.elsindical.com.ar\/notas\/var\/www\/html\/notas\/wp-content\/uploads\/2022\/02\/depilasion-laser-trucha-4.jpeg 1280w\" sizes=\"auto, (max-width: 1024px) 100vw, 1024px\" \/><\/a><\/figure>\n\n\n\n<figure class=\"wp-block-image size-large\"><a href=\"https:\/\/www.elsindical.com.ar\/notas\/var\/www\/html\/notas\/wp-content\/uploads\/2022\/02\/depilasion-laser-trucha-5.jpeg\"><img loading=\"lazy\" decoding=\"async\" width=\"1024\" height=\"766\" data-id=\"111378\" src=\"https:\/\/www.elsindical.com.ar\/notas\/var\/www\/html\/notas\/wp-content\/uploads\/2022\/02\/depilasion-laser-trucha-5-1024x766.jpeg\" alt=\"\" class=\"wp-image-111378\" srcset=\"https:\/\/www.elsindical.com.ar\/notas\/var\/www\/html\/notas\/wp-content\/uploads\/2022\/02\/depilasion-laser-trucha-5-1024x766.jpeg 1024w, https:\/\/www.elsindical.com.ar\/notas\/var\/www\/html\/notas\/wp-content\/uploads\/2022\/02\/depilasion-laser-trucha-5-300x224.jpeg 300w, https:\/\/www.elsindical.com.ar\/notas\/var\/www\/html\/notas\/wp-content\/uploads\/2022\/02\/depilasion-laser-trucha-5-768x574.jpeg 768w, https:\/\/www.elsindical.com.ar\/notas\/var\/www\/html\/notas\/wp-content\/uploads\/2022\/02\/depilasion-laser-trucha-5-401x300.jpeg 401w, https:\/\/www.elsindical.com.ar\/notas\/var\/www\/html\/notas\/wp-content\/uploads\/2022\/02\/depilasion-laser-trucha-5.jpeg 1280w\" sizes=\"auto, (max-width: 1024px) 100vw, 1024px\" \/><\/a><\/figure>\n<\/figure>\n","protected":false},"excerpt":{"rendered":"<p>Agentes federales de la Divisi\u00f3n Delitos contra la Salud P\u00fablica desarticularon una organizaci\u00f3n dedicada a la depilaci\u00f3n l\u00e1ser y a la est\u00e9tica corporal con equipos m\u00e9dicos prohibidos. A ra\u00edz de distintas tareas investigativas, los efectivos lograron establecer que el accionar delictivo de la banda vinculada al rubro de est\u00e9tica y cuidados de la piel en&hellip;<\/p>\n","protected":false},"author":1,"featured_media":111375,"comment_status":"open","ping_status":"open","sticky":false,"template":"","format":"standard","meta":{"footnotes":""},"categories":[22],"tags":[493,1394,36517,2450,698],"class_list":["post-111374","post","type-post","status-publish","format-standard","has-post-thumbnail","hentry","category-policiales","tag-allanamientos","tag-anmat","tag-depilacion-laser","tag-diario-el-sindical","tag-pfa"],"_links":{"self":[{"href":"https:\/\/www.elsindical.com.ar\/notas\/wp-json\/wp\/v2\/posts\/111374","targetHints":{"allow":["GET"]}}],"collection":[{"href":"https:\/\/www.elsindical.com.ar\/notas\/wp-json\/wp\/v2\/posts"}],"about":[{"href":"https:\/\/www.elsindical.com.ar\/notas\/wp-json\/wp\/v2\/types\/post"}],"author":[{"embeddable":true,"href":"https:\/\/www.elsindical.com.ar\/notas\/wp-json\/wp\/v2\/users\/1"}],"replies":[{"embeddable":true,"href":"https:\/\/www.elsindical.com.ar\/notas\/wp-json\/wp\/v2\/comments?post=111374"}],"version-history":[{"count":1,"href":"https:\/\/www.elsindical.com.ar\/notas\/wp-json\/wp\/v2\/posts\/111374\/revisions"}],"predecessor-version":[{"id":111380,"href":"https:\/\/www.elsindical.com.ar\/notas\/wp-json\/wp\/v2\/posts\/111374\/revisions\/111380"}],"wp:featuredmedia":[{"embeddable":true,"href":"https:\/\/www.elsindical.com.ar\/notas\/wp-json\/wp\/v2\/media\/111375"}],"wp:attachment":[{"href":"https:\/\/www.elsindical.com.ar\/notas\/wp-json\/wp\/v2\/media?parent=111374"}],"wp:term":[{"taxonomy":"category","embeddable":true,"href":"https:\/\/www.elsindical.com.ar\/notas\/wp-json\/wp\/v2\/categories?post=111374"},{"taxonomy":"post_tag","embeddable":true,"href":"https:\/\/www.elsindical.com.ar\/notas\/wp-json\/wp\/v2\/tags?post=111374"}],"curies":[{"name":"wp","href":"https:\/\/api.w.org\/{rel}","templated":true}]}}