{"id":111291,"date":"2022-02-08T08:40:28","date_gmt":"2022-02-08T11:40:28","guid":{"rendered":"https:\/\/www.elsindical.com.ar\/notas\/?p=111291"},"modified":"2022-02-08T08:40:29","modified_gmt":"2022-02-08T11:40:29","slug":"del-viso-violaba-a-su-hija-discapacitada-la-embarazo-y-enterro-al-bebe-en-su-jardin","status":"publish","type":"post","link":"https:\/\/www.elsindical.com.ar\/notas\/del-viso-violaba-a-su-hija-discapacitada-la-embarazo-y-enterro-al-bebe-en-su-jardin\/","title":{"rendered":"Del Viso: Violaba a su hija discapacitada, la embaraz\u00f3 y enterr\u00f3 al beb\u00e9 en su jard\u00edn"},"content":{"rendered":"\n<div class=\"wp-block-image\"><figure class=\"aligncenter size-full is-resized\"><a href=\"https:\/\/www.elsindical.com.ar\/notas\/var\/www\/html\/notas\/wp-content\/uploads\/2022\/02\/bebe-enterrado-en-Del-Viso.jpg\"><img loading=\"lazy\" decoding=\"async\" src=\"https:\/\/www.elsindical.com.ar\/notas\/var\/www\/html\/notas\/wp-content\/uploads\/2022\/02\/bebe-enterrado-en-Del-Viso.jpg\" alt=\"\" class=\"wp-image-111292\" width=\"589\" height=\"532\" srcset=\"https:\/\/www.elsindical.com.ar\/notas\/var\/www\/html\/notas\/wp-content\/uploads\/2022\/02\/bebe-enterrado-en-Del-Viso.jpg 474w, https:\/\/www.elsindical.com.ar\/notas\/var\/www\/html\/notas\/wp-content\/uploads\/2022\/02\/bebe-enterrado-en-Del-Viso-300x271.jpg 300w, https:\/\/www.elsindical.com.ar\/notas\/var\/www\/html\/notas\/wp-content\/uploads\/2022\/02\/bebe-enterrado-en-Del-Viso-332x300.jpg 332w\" sizes=\"auto, (max-width: 589px) 100vw, 589px\" \/><\/a><\/figure><\/div>\n\n\n\n<p>   El nieto vio cuando su t\u00eda daba a luz y la auxili\u00f3 junto a su novia. Posteriormente, el apresado coloc\u00f3 al reci\u00e9n nacido en una bolsa y lo enterr\u00f3. El joven reci\u00e9n se anim\u00f3 a denunciar el hecho casi dos meses despu\u00e9s.<\/p>\n\n\n\n<p><strong>Un hombre de 70 a\u00f1os<\/strong>\u00a0fue detenido en las \u00faltimas horas luego de ser denunciado por\u00a0<strong>violar a su hija de 21 que es discapacitada motriz y tiene retraso madurativo, dejarla embarazada y luego enterrar al beb\u00e9 reci\u00e9n nacido en el jard\u00edn<\/strong>\u00a0de la casa que ambos compart\u00edan en la localidad bonaerense de Del Viso.<\/p>\n\n\n\n<p>Fuentes policiales informaron que<strong>\u00a0Juan Alejandro G\u00f3mez asfixi\u00f3 a la criatura y lo puso en una bolsa para enterrarlo en el patio<\/strong>\u00a0de la vivienda situada en la calle Capdevila al 7700, partido de Pilar, donde en el domicilio de adelante viv\u00edan ambas personas y en el de atr\u00e1s\u00a0<strong>el nieto, quien fue quien vio todo pero que se anim\u00f3 a denunciar un mes despu\u00e9s del episodio<\/strong>.<\/p>\n\n\n\n<p>El hallazgo se produjo el domingo, luego del llamado al 911 de El\u00edas G\u00f3mez, de 28, por lo que arrib\u00f3 al lugar personal de la Subdelegaci\u00f3n Departamental de Investigaciones (SubDDI) de San Isidro.<\/p>\n\n\n\n<p>Seg\u00fan relat\u00f3 el joven,&nbsp;<strong>el beb\u00e9 naci\u00f3 el 10 de diciembre pasado y enseguida se produjo el crimen, por lo que reci\u00e9n se anim\u00f3 a contar el asesinato casi dos meses despu\u00e9s<\/strong>.<\/p>\n\n\n\n<p>De acuerdo a la investigaci\u00f3n,&nbsp;<strong>la madre es una chica de 21 a\u00f1os<\/strong>&nbsp;identificada como Mar\u00eda de los Milagros G\u00f3mez, que resid\u00eda junto a su padre, quienes al momento del arribo de la Polic\u00eda&nbsp;<strong>no se encontraban en el lugar<\/strong>.<\/p>\n\n\n\n<p>El\u00edas G\u00f3mez entr\u00f3 en diciembre pasado a la casa de su abuelo y&nbsp;<strong>vio a su t\u00eda tirada en el piso, desvanecida, junto a su beb\u00e9 y el cord\u00f3n umbilical intacto<\/strong>.&nbsp;De inmediato&nbsp;<strong>fue a buscar a su novia y ambos lograron cortar el cord\u00f3n umbilical<\/strong>.<\/p>\n\n\n\n<p>Luego de acompa\u00f1ar a su pareja hasta su casa, al regresar unos 40 minutos despu\u00e9s descubri\u00f3 a su abuelo cuando&nbsp;<strong>met\u00eda al beb\u00e9 en una bolsa para enterrarlo en el fondo del patio<\/strong>.&nbsp;El joven&nbsp;<strong>ocult\u00f3 lo sucedido hasta la semana pasada<\/strong>, cuando decidi\u00f3 hacer la denuncia.<\/p>\n\n\n\n<p>Despu\u00e9s del hecho, el acusado abandon\u00f3 la casa junto a su hija y, presuntamente&nbsp;<strong>se habr\u00edan ido a la vivienda de un amigo<\/strong>.<\/p>\n\n\n\n<p>Personal de Polic\u00eda Cient\u00edfica y de Bomberos de Pilar\u00a0<strong>exhum\u00f3 el cad\u00e1ver del beb\u00e9 que se cree que antes de ser enterrado sufri\u00f3 una asfixia mec\u00e1nica<\/strong>, precisaron los voceros de la investigaci\u00f3n.<\/p>\n\n\n\n<p>Los uniformados, bajo las directivas del fiscal Manuel Cayuela, de la Unidad Funcional de Instrucci\u00f3n (UFI) especializada en violencia de G\u00e9nero de Pilar del Departamento Judicial San Isidro, continuaron con la b\u00fasqueda del sospechoso y su hija.<\/p>\n\n\n\n<p>A partir del dato de que podr\u00edan estar ocultos en la vivienda de un amigo arribaron hasta el domicilio del mismo en la localidad bonaerense de Ingeniero Budge, partido de Lomas de Zamora, donde&nbsp;<strong>el due\u00f1o de la casa asegur\u00f3 que hac\u00eda tiempo que no lo ve\u00eda<\/strong>.<\/p>\n\n\n\n<p>Luego de una serie de investigaciones, se determin\u00f3 que padre e hija podr\u00edan estar en la calle&nbsp;<strong>Gualeguaych\u00fa al 1200, en el barrio porte\u00f1o de Floresta<\/strong>.&nbsp;En ese aspecto,&nbsp;<strong>ambos fueron localizados all\u00ed en las \u00faltimas horas, cuando arribaban al lugar<\/strong>.<\/p>\n\n\n\n<p>Mientras&nbsp;<strong>el sujeto qued\u00f3 detenido<\/strong>, la hija fue revisada por personal m\u00e9dico y luego internada en el Hospital Sanguinetti de Pilar, donde&nbsp;<strong>se certific\u00f3 que era abusada sexualmente desde hac\u00eda a\u00f1os<\/strong>.&nbsp;La joven relat\u00f3 que esas violaciones&nbsp;<strong>las hab\u00eda cometido su padre y el embarazo era producto de las mismas<\/strong>.<\/p>\n\n\n\n<p>Asimismo, se indic\u00f3 que G\u00f3mez&nbsp;<strong>trat\u00f3 de ocultar el embarazo de su hija y a medida que la panza crec\u00eda dec\u00eda al que le preguntara por esa cuesti\u00f3n que era por una excesiva alimentaci\u00f3n<\/strong>.<\/p>\n\n\n\n<p>El detenido qued\u00f3 imputado por&nbsp;<strong>\u00ababuso sexual con acceso carnal en concurso real con homicidio criminis causa\u00bb<\/strong>&nbsp;y qued\u00f3 a disposici\u00f3n del fiscal Cayuela.<\/p>\n","protected":false},"excerpt":{"rendered":"<p>El nieto vio cuando su t\u00eda daba a luz y la auxili\u00f3 junto a su novia. Posteriormente, el apresado coloc\u00f3 al reci\u00e9n nacido en una bolsa y lo enterr\u00f3. El joven reci\u00e9n se anim\u00f3 a denunciar el hecho casi dos meses despu\u00e9s. Un hombre de 70 a\u00f1os\u00a0fue detenido en las \u00faltimas horas luego de ser&hellip;<\/p>\n","protected":false},"author":1,"featured_media":111292,"comment_status":"open","ping_status":"open","sticky":false,"template":"","format":"standard","meta":{"footnotes":""},"categories":[22],"tags":[361,4350,2450,36493,36492,1411],"class_list":["post-111291","post","type-post","status-publish","format-standard","has-post-thumbnail","hentry","category-policiales","tag-bebe","tag-del-viso","tag-diario-el-sindical","tag-fiscal-manuel-cayuela","tag-juan-alejandro-gomez","tag-pilar"],"_links":{"self":[{"href":"https:\/\/www.elsindical.com.ar\/notas\/wp-json\/wp\/v2\/posts\/111291","targetHints":{"allow":["GET"]}}],"collection":[{"href":"https:\/\/www.elsindical.com.ar\/notas\/wp-json\/wp\/v2\/posts"}],"about":[{"href":"https:\/\/www.elsindical.com.ar\/notas\/wp-json\/wp\/v2\/types\/post"}],"author":[{"embeddable":true,"href":"https:\/\/www.elsindical.com.ar\/notas\/wp-json\/wp\/v2\/users\/1"}],"replies":[{"embeddable":true,"href":"https:\/\/www.elsindical.com.ar\/notas\/wp-json\/wp\/v2\/comments?post=111291"}],"version-history":[{"count":1,"href":"https:\/\/www.elsindical.com.ar\/notas\/wp-json\/wp\/v2\/posts\/111291\/revisions"}],"predecessor-version":[{"id":111293,"href":"https:\/\/www.elsindical.com.ar\/notas\/wp-json\/wp\/v2\/posts\/111291\/revisions\/111293"}],"wp:featuredmedia":[{"embeddable":true,"href":"https:\/\/www.elsindical.com.ar\/notas\/wp-json\/wp\/v2\/media\/111292"}],"wp:attachment":[{"href":"https:\/\/www.elsindical.com.ar\/notas\/wp-json\/wp\/v2\/media?parent=111291"}],"wp:term":[{"taxonomy":"category","embeddable":true,"href":"https:\/\/www.elsindical.com.ar\/notas\/wp-json\/wp\/v2\/categories?post=111291"},{"taxonomy":"post_tag","embeddable":true,"href":"https:\/\/www.elsindical.com.ar\/notas\/wp-json\/wp\/v2\/tags?post=111291"}],"curies":[{"name":"wp","href":"https:\/\/api.w.org\/{rel}","templated":true}]}}