{"id":111247,"date":"2022-02-07T11:03:14","date_gmt":"2022-02-07T14:03:14","guid":{"rendered":"https:\/\/www.elsindical.com.ar\/notas\/?p=111247"},"modified":"2022-02-07T11:03:15","modified_gmt":"2022-02-07T14:03:15","slug":"almirante-brown-seis-delincuentes-balearon-a-un-policia-y-huyeron-con-1-millon-de-pesos","status":"publish","type":"post","link":"https:\/\/www.elsindical.com.ar\/notas\/almirante-brown-seis-delincuentes-balearon-a-un-policia-y-huyeron-con-1-millon-de-pesos\/","title":{"rendered":"Almirante Brown: Seis delincuentes balearon a un polic\u00eda y huyeron con 1 mill\u00f3n de pesos"},"content":{"rendered":"\n<div class=\"wp-block-image\"><figure class=\"aligncenter size-full\"><a href=\"https:\/\/www.elsindical.com.ar\/notas\/var\/www\/html\/notas\/wp-content\/uploads\/2022\/02\/robo-mayorista-de-Solano.jpg\"><img loading=\"lazy\" decoding=\"async\" width=\"850\" height=\"461\" src=\"https:\/\/www.elsindical.com.ar\/notas\/var\/www\/html\/notas\/wp-content\/uploads\/2022\/02\/robo-mayorista-de-Solano.jpg\" alt=\"\" class=\"wp-image-111248\" srcset=\"https:\/\/www.elsindical.com.ar\/notas\/var\/www\/html\/notas\/wp-content\/uploads\/2022\/02\/robo-mayorista-de-Solano.jpg 850w, https:\/\/www.elsindical.com.ar\/notas\/var\/www\/html\/notas\/wp-content\/uploads\/2022\/02\/robo-mayorista-de-Solano-300x163.jpg 300w, https:\/\/www.elsindical.com.ar\/notas\/var\/www\/html\/notas\/wp-content\/uploads\/2022\/02\/robo-mayorista-de-Solano-768x417.jpg 768w, https:\/\/www.elsindical.com.ar\/notas\/var\/www\/html\/notas\/wp-content\/uploads\/2022\/02\/robo-mayorista-de-Solano-500x271.jpg 500w\" sizes=\"auto, (max-width: 850px) 100vw, 850px\" \/><\/a><\/figure><\/div>\n\n\n\n<p class=\"wp-block-paragraph\">Un polic\u00eda federal retirado result\u00f3 herido de un disparo en la cabeza luego de que seis delincuentes armados a bordo de tres motocicletas ingresaron a robar a un mayorista de San Francisco Solano, en el partido de Almirante Brown, de donde se llevaron casi un mill\u00f3n de pesos, y por el hecho fueron detenidos dos j\u00f3venes, informaron hoy fuentes policiales y judiciales.<\/p>\n\n\n\n<p class=\"wp-block-paragraph\">El episodio ocurri\u00f3 el pasado viernes cuando personal de la comisar\u00eda 5ta. recibi\u00f3 un llamado de un robo en una distribuidora de embutidos ubicada en la calle El Picaflor y Arturo Illia, en la mencionada localidad del partido de Almirante Brown, al sur del Gran Buenos Aires.<\/p>\n\n\n\n<p class=\"wp-block-paragraph\">Al arribar al lugar los efectivos se entrevistaron con el due\u00f1o del negocio, quien se\u00f1al\u00f3 que minutos antes seis \u201cmotochorros\u201d armados ingresaron al local con intenciones de robo.<\/p>\n\n\n\n<p class=\"wp-block-paragraph\">En ese momento, los delincuentes mantuvieron un enfrentamiento con un polic\u00eda federal retirado, de 55 a\u00f1os, quien se desempe\u00f1a como custodio del local, adem\u00e1s de tener una relaci\u00f3n de amistad con el due\u00f1o.<\/p>\n\n\n\n<p class=\"wp-block-paragraph\">Fuentes policiales aseguraron a la agencia de noticias T\u00e9lam que en ese momento comenz\u00f3 un forcejeo entre el custodio con uno de los delincuentes, el cual dispar\u00f3.<\/p>\n\n\n\n<p class=\"wp-block-paragraph\">Producto del disparo, el polic\u00eda retirado sufri\u00f3 un corte en el cuero cabelludo, por lo que fue trasladado al hospital para brindarle curaciones.<\/p>\n\n\n\n<p class=\"wp-block-paragraph\">Tras el hecho, los efectivos dieron alerta a los m\u00f3viles de la zona para dar con los delincuentes, quienes huyeron con una suma aproximada a los 980 mil pesos.<\/p>\n\n\n\n<p class=\"wp-block-paragraph\">Minutos despu\u00e9s, un m\u00f3vil del Comando de Patrullas observ\u00f3 a dos sujetos a bordo de una motocicleta marca Honda XRE de color blanco sin patente.<\/p>\n\n\n\n<p class=\"wp-block-paragraph\">R\u00e1pidamente procedieron a identificarlos y tras constatar que sus caracter\u00edsticas f\u00edsicas coincid\u00edan con las observadas en las c\u00e1maras de seguridad del hecho, quedaron aprehendidos.<\/p>\n\n\n\n<p class=\"wp-block-paragraph\">Los sospechosos fueron identificados como Marcelo Enrique Garc\u00eda (22) y Sebasti\u00e1n Jonathan Mart\u00ednez (20), quienes ten\u00edan en su poder 25 mil pesos en efectivo, parte del bot\u00edn.<\/p>\n\n\n\n<p class=\"wp-block-paragraph\">El hecho fue investigado por el fiscal Nicol\u00e1s Espejo, de la Unidad Funcional de Instrucci\u00f3n (UFI) 7 de Lomas de Zamora, quien caratul\u00f3 al expediente como \u201crobo, abuso de arma y lesiones\u201d<\/p>\n","protected":false},"excerpt":{"rendered":"<p>Un polic\u00eda federal retirado result\u00f3 herido de un disparo en la cabeza luego de que seis delincuentes armados a bordo de tres motocicletas ingresaron a robar a un mayorista de San Francisco Solano, en el partido de Almirante Brown, de donde se llevaron casi un mill\u00f3n de pesos, y por el hecho fueron detenidos dos&hellip;<\/p>\n","protected":false},"author":1,"featured_media":111248,"comment_status":"open","ping_status":"open","sticky":false,"template":"","format":"standard","meta":{"footnotes":""},"categories":[22],"tags":[2670,581,2450,698,8650,116,3279],"class_list":["post-111247","post","type-post","status-publish","format-standard","has-post-thumbnail","hentry","category-policiales","tag-almirante-brown","tag-delincuentes","tag-diario-el-sindical","tag-pfa","tag-policia-retirado","tag-robo","tag-san-francisco-solano"],"_links":{"self":[{"href":"https:\/\/www.elsindical.com.ar\/notas\/wp-json\/wp\/v2\/posts\/111247","targetHints":{"allow":["GET"]}}],"collection":[{"href":"https:\/\/www.elsindical.com.ar\/notas\/wp-json\/wp\/v2\/posts"}],"about":[{"href":"https:\/\/www.elsindical.com.ar\/notas\/wp-json\/wp\/v2\/types\/post"}],"author":[{"embeddable":true,"href":"https:\/\/www.elsindical.com.ar\/notas\/wp-json\/wp\/v2\/users\/1"}],"replies":[{"embeddable":true,"href":"https:\/\/www.elsindical.com.ar\/notas\/wp-json\/wp\/v2\/comments?post=111247"}],"version-history":[{"count":1,"href":"https:\/\/www.elsindical.com.ar\/notas\/wp-json\/wp\/v2\/posts\/111247\/revisions"}],"predecessor-version":[{"id":111249,"href":"https:\/\/www.elsindical.com.ar\/notas\/wp-json\/wp\/v2\/posts\/111247\/revisions\/111249"}],"wp:featuredmedia":[{"embeddable":true,"href":"https:\/\/www.elsindical.com.ar\/notas\/wp-json\/wp\/v2\/media\/111248"}],"wp:attachment":[{"href":"https:\/\/www.elsindical.com.ar\/notas\/wp-json\/wp\/v2\/media?parent=111247"}],"wp:term":[{"taxonomy":"category","embeddable":true,"href":"https:\/\/www.elsindical.com.ar\/notas\/wp-json\/wp\/v2\/categories?post=111247"},{"taxonomy":"post_tag","embeddable":true,"href":"https:\/\/www.elsindical.com.ar\/notas\/wp-json\/wp\/v2\/tags?post=111247"}],"curies":[{"name":"wp","href":"https:\/\/api.w.org\/{rel}","templated":true}]}}