{"id":111167,"date":"2022-02-03T00:01:34","date_gmt":"2022-02-03T03:01:34","guid":{"rendered":"https:\/\/www.elsindical.com.ar\/notas\/?p=111167"},"modified":"2022-02-03T00:01:35","modified_gmt":"2022-02-03T03:01:35","slug":"la-provincia-emitio-un-alerta-epidemiologico-por-intoxicacion-con-la-cocaina-envenenada","status":"publish","type":"post","link":"https:\/\/www.elsindical.com.ar\/notas\/la-provincia-emitio-un-alerta-epidemiologico-por-intoxicacion-con-la-cocaina-envenenada\/","title":{"rendered":"La Provincia emiti\u00f3 un alerta epidemiol\u00f3gico por intoxicaci\u00f3n con la coca\u00edna envenenada"},"content":{"rendered":"\n<figure class=\"wp-block-image size-large\"><a href=\"https:\/\/www.elsindical.com.ar\/notas\/var\/www\/html\/notas\/wp-content\/uploads\/2022\/02\/Alerta-por-cocaina-adulterada.jpg\"><img loading=\"lazy\" decoding=\"async\" width=\"878\" height=\"1024\" src=\"https:\/\/www.elsindical.com.ar\/notas\/var\/www\/html\/notas\/wp-content\/uploads\/2022\/02\/Alerta-por-cocaina-adulterada-878x1024.jpg\" alt=\"\" class=\"wp-image-111168\" srcset=\"https:\/\/www.elsindical.com.ar\/notas\/var\/www\/html\/notas\/wp-content\/uploads\/2022\/02\/Alerta-por-cocaina-adulterada-878x1024.jpg 878w, https:\/\/www.elsindical.com.ar\/notas\/var\/www\/html\/notas\/wp-content\/uploads\/2022\/02\/Alerta-por-cocaina-adulterada-257x300.jpg 257w, https:\/\/www.elsindical.com.ar\/notas\/var\/www\/html\/notas\/wp-content\/uploads\/2022\/02\/Alerta-por-cocaina-adulterada-768x896.jpg 768w, https:\/\/www.elsindical.com.ar\/notas\/var\/www\/html\/notas\/wp-content\/uploads\/2022\/02\/Alerta-por-cocaina-adulterada.jpg 1097w\" sizes=\"auto, (max-width: 878px) 100vw, 878px\" \/><\/a><\/figure>\n\n\n\n<p>El Ministerio de Salud de la Provincia de Buenos Aires emiti\u00f3 esta tarde un alerta epidemiol\u00f3gico por contaminaci\u00f3n vinculada con el consumo de coca\u00edna envenenada. El documento da cuenta de la identificaci\u00f3n de casos con signos de shock, depresi\u00f3n del sensorio, dificultad respiratoria, excitaci\u00f3n psicomotriz, y que presentan antecedentes de consumo reciente de coca\u00edna en establecimientos de salud de los municipios de Hurlingham, San Mart\u00edn, Tres de Febrero, Mor\u00f3n, Tigre, Ituzaing\u00f3 y General Rodr\u00edguez.<\/p>\n\n\n\n<p>De acuerdo a la informaci\u00f3n difundida, \u201cen la admisi\u00f3n de los servicios de guardia de efectores de salud de la provincia de Buenos Aires se contin\u00faa registrando el ingreso de personas en grave estado, asimismo, el sistema de emergencias est\u00e1 ingresando personas a diferentes establecimientos de salud, ocasionando una constante ampliaci\u00f3n de la cifra de personas hospitalizadas\u201d.<\/p>\n\n\n\n<p>Con la informaci\u00f3n disponible, el Ministerio de Salud considera que \u201cpodr\u00eda tratarse de cuadros de intoxicaci\u00f3n por opi\u00e1ceos y se desconoce la existencia de otro producto vinculado\u201d y promete comunicar oficialmente qu\u00e9 es lo que produce la intoxicaci\u00f3n \u201ccuando se concluyan los estudios correspondientes\u201d.<\/p>\n\n\n\n<p>Adem\u00e1s, emiti\u00f3 las siguientes recomendaciones generales a la poblaci\u00f3n y a los efectores de salud:<\/p>\n\n\n\n<p>\u25cf Sospechar de intoxicaci\u00f3n por coca\u00edna adulterada, frente a toda persona que en las \u00faltimas 24 horas haya ingerido coca\u00edna y presente alguno de los siguientes signos y s\u00edntomas: dificultad respiratoria, bradipnea, convulsiones, miosis, depresi\u00f3n del sensorio, parestesias, excitaci\u00f3n psicomotriz.<\/p>\n\n\n\n<p>\u25cf No se recomienda el uso de FLUMAZENIL en estos casos.<\/p>\n\n\n\n<p>\u25cf Evaluar la administraci\u00f3n de NALOXONA como ant\u00eddoto.<\/p>\n\n\n\n<p>\u25cf Solicitar coagulograma y evaluar trastornos de la coagulaci\u00f3n para eventual tratamiento.<\/p>\n\n\n\n<p>\u25cf Notificar de inmediato al CEPROTOX para asesoramiento y orientaci\u00f3n:<\/p>\n","protected":false},"excerpt":{"rendered":"<p>El Ministerio de Salud de la Provincia de Buenos Aires emiti\u00f3 esta tarde un alerta epidemiol\u00f3gico por contaminaci\u00f3n vinculada con el consumo de coca\u00edna envenenada. El documento da cuenta de la identificaci\u00f3n de casos con signos de shock, depresi\u00f3n del sensorio, dificultad respiratoria, excitaci\u00f3n psicomotriz, y que presentan antecedentes de consumo reciente de coca\u00edna en&hellip;<\/p>\n","protected":false},"author":1,"featured_media":111168,"comment_status":"open","ping_status":"open","sticky":false,"template":"","format":"standard","meta":{"footnotes":""},"categories":[13,23],"tags":[2126,36464,2450,1317,1097,29093,938,12549,1932,820,646,10975,4497],"class_list":["post-111167","post","type-post","status-publish","format-standard","has-post-thumbnail","hentry","category-politica","category-salud","tag-alerta","tag-cocaina-adulterada","tag-diario-el-sindical","tag-general-rodriguez","tag-hurlingham","tag-intoxicacion","tag-ituzaingo","tag-ministerio-de-salud-bonaerense","tag-moron","tag-san-martin","tag-tigre","tag-tres-de-febrero","tag-zona-norte"],"_links":{"self":[{"href":"https:\/\/www.elsindical.com.ar\/notas\/wp-json\/wp\/v2\/posts\/111167","targetHints":{"allow":["GET"]}}],"collection":[{"href":"https:\/\/www.elsindical.com.ar\/notas\/wp-json\/wp\/v2\/posts"}],"about":[{"href":"https:\/\/www.elsindical.com.ar\/notas\/wp-json\/wp\/v2\/types\/post"}],"author":[{"embeddable":true,"href":"https:\/\/www.elsindical.com.ar\/notas\/wp-json\/wp\/v2\/users\/1"}],"replies":[{"embeddable":true,"href":"https:\/\/www.elsindical.com.ar\/notas\/wp-json\/wp\/v2\/comments?post=111167"}],"version-history":[{"count":1,"href":"https:\/\/www.elsindical.com.ar\/notas\/wp-json\/wp\/v2\/posts\/111167\/revisions"}],"predecessor-version":[{"id":111169,"href":"https:\/\/www.elsindical.com.ar\/notas\/wp-json\/wp\/v2\/posts\/111167\/revisions\/111169"}],"wp:featuredmedia":[{"embeddable":true,"href":"https:\/\/www.elsindical.com.ar\/notas\/wp-json\/wp\/v2\/media\/111168"}],"wp:attachment":[{"href":"https:\/\/www.elsindical.com.ar\/notas\/wp-json\/wp\/v2\/media?parent=111167"}],"wp:term":[{"taxonomy":"category","embeddable":true,"href":"https:\/\/www.elsindical.com.ar\/notas\/wp-json\/wp\/v2\/categories?post=111167"},{"taxonomy":"post_tag","embeddable":true,"href":"https:\/\/www.elsindical.com.ar\/notas\/wp-json\/wp\/v2\/tags?post=111167"}],"curies":[{"name":"wp","href":"https:\/\/api.w.org\/{rel}","templated":true}]}}