{"id":111091,"date":"2022-01-30T20:05:43","date_gmt":"2022-01-30T23:05:43","guid":{"rendered":"https:\/\/www.elsindical.com.ar\/notas\/?p=111091"},"modified":"2022-01-30T20:05:44","modified_gmt":"2022-01-30T23:05:44","slug":"ernesto-bernal-un-ridiculo-con-doble-moral","status":"publish","type":"post","link":"https:\/\/www.elsindical.com.ar\/notas\/ernesto-bernal-un-ridiculo-con-doble-moral\/","title":{"rendered":"Ernesto Bernal un rid\u00edculo con doble moral"},"content":{"rendered":"\n<figure class=\"wp-block-image size-large\"><a href=\"https:\/\/www.elsindical.com.ar\/notas\/var\/www\/html\/notas\/wp-content\/uploads\/2022\/01\/Ernesto-Bernal.jpg\"><img loading=\"lazy\" decoding=\"async\" width=\"846\" height=\"1024\" src=\"https:\/\/www.elsindical.com.ar\/notas\/var\/www\/html\/notas\/wp-content\/uploads\/2022\/01\/Ernesto-Bernal-846x1024.jpg\" alt=\"\" class=\"wp-image-111092\" srcset=\"https:\/\/www.elsindical.com.ar\/notas\/var\/www\/html\/notas\/wp-content\/uploads\/2022\/01\/Ernesto-Bernal-846x1024.jpg 846w, https:\/\/www.elsindical.com.ar\/notas\/var\/www\/html\/notas\/wp-content\/uploads\/2022\/01\/Ernesto-Bernal-248x300.jpg 248w, https:\/\/www.elsindical.com.ar\/notas\/var\/www\/html\/notas\/wp-content\/uploads\/2022\/01\/Ernesto-Bernal-768x930.jpg 768w, https:\/\/www.elsindical.com.ar\/notas\/var\/www\/html\/notas\/wp-content\/uploads\/2022\/01\/Ernesto-Bernal.jpg 850w\" sizes=\"auto, (max-width: 846px) 100vw, 846px\" \/><\/a><\/figure>\n\n\n\n<p class=\"wp-block-paragraph\">   Una vez m\u00e1s las redes sociales tienen esos personajes que llenan sus muros con im\u00e1genes de iglesias, se definen defensores de las dos vidas y hasta dicen ser solidarios, pero cuando no est\u00e1n en modo hip\u00f3crita se les escapa lo infames que son.<\/p>\n\n\n\n<p class=\"wp-block-paragraph\">Una publicaci\u00f3n en un grupo ofrec\u00eda trabajo de pe\u00f3n de limpieza temporario con un horario de 08: 00hs a 17:00 hs. y un pago que se encontraba por debajo del habitual para trabajo eventuales, lo que motivo que algunos de los miembros del grupo se expresaran en contra de los ofrecimientos que solo tienen como fin un beneficio para quien hace la oferta laboral.<\/p>\n\n\n\n<p class=\"wp-block-paragraph\">Las respuestas fueron las esperadas en una Argentina dividida en cuanto a la visi\u00f3n social que tiene cada sector, aunque los que se identifican con los de la derecha adem\u00e1s de infundados suelen ser discriminatorios y repudiables.<\/p>\n\n\n\n<p class=\"wp-block-paragraph\">Entre estos personajes impresentables y que merecen un fuerte repudio social, el m\u00e1s activo fue Ernesto Bernal, un anciano cargado de odio social que comenz\u00f3 a ser hostil con los que consideraban poco el pago ofrecido y no tard\u00f3 en mostrar su falta de argumentos y su limitada inteligencia para debatir.<\/p>\n\n\n\n<p class=\"wp-block-paragraph\">Seg\u00fan este a\u00f1oso ignorante de las leyes laborales, los que no tangan estudio deben aceptar lo que les den ya que no tienen derecho a reclamar un pago digno, curiosamente este personaje no califica para su propio ejemplo, pero debe ser que \u00e9l se auto referencia como un hombre de m\u00e9rito.<\/p>\n\n\n\n<p class=\"wp-block-paragraph\">Lo invit\u00e9 a debatir p\u00fablicamente sobre sus argumentos ya que a mi comentario sin nombrarlo su reacci\u00f3n rid\u00edcula fue la de ir a mi muro a poner caritas como si un adolescente se tratara y si todo fuera un chiste jugar\u00eda sin problemas su juego, pero cuando alguien en una red y en un grupo de compra venta descalifica a otros por su condici\u00f3n social, no lo tomo como un juego, no soy ni quiero ser indiferente y considero es un acto de justicia social exponer a semejante impresentable, que como todos los cobardes de su cala\u00f1a te insultan y te bloquean.<\/p>\n\n\n\n<p class=\"wp-block-paragraph\">De nada sirve hacerte el cat\u00f3lico, el solidario si en tu cabeza solo existe el odio insensato, porque respeto al que debate con ideas, puedo no compartirlas pero tiene una l\u00f3gica, ahora cuando agred\u00eds a otros que por falta de experiencia te parecen menos, pero evad\u00eds un debate p\u00fablico donde como dice el refr\u00e1n \u00ablos pingos se ven en la cancha\u00bb y huis como los pollitos en fuga, sos pat\u00e9tico, Ernesto Bernal, que tus nietos, tus hijos, tus amigos y conocidos sepan lo que sos, pero especialmente la comunidad de la iglesia sepa que sos un gran hip\u00f3crita, un pecador y un incoherente. <\/p>\n\n\n\n<p class=\"wp-block-paragraph\">Por Marcelo Ricardo Hawrylciw<\/p>\n","protected":false},"excerpt":{"rendered":"<p>Una vez m\u00e1s las redes sociales tienen esos personajes que llenan sus muros con im\u00e1genes de iglesias, se definen defensores de las dos vidas y hasta dicen ser solidarios, pero cuando no est\u00e1n en modo hip\u00f3crita se les escapa lo infames que son. Una publicaci\u00f3n en un grupo ofrec\u00eda trabajo de pe\u00f3n de limpieza temporario&hellip;<\/p>\n","protected":false},"author":1,"featured_media":111092,"comment_status":"open","ping_status":"open","sticky":false,"template":"","format":"standard","meta":{"footnotes":""},"categories":[21],"tags":[36444,13298,2450,7290,36443,2605,29346],"class_list":["post-111091","post","type-post","status-publish","format-standard","has-post-thumbnail","hentry","category-opinion","tag-argumentos","tag-debate","tag-diario-el-sindical","tag-doble-moral","tag-ernesto-bernal","tag-redes-sociales","tag-ridiculo"],"_links":{"self":[{"href":"https:\/\/www.elsindical.com.ar\/notas\/wp-json\/wp\/v2\/posts\/111091","targetHints":{"allow":["GET"]}}],"collection":[{"href":"https:\/\/www.elsindical.com.ar\/notas\/wp-json\/wp\/v2\/posts"}],"about":[{"href":"https:\/\/www.elsindical.com.ar\/notas\/wp-json\/wp\/v2\/types\/post"}],"author":[{"embeddable":true,"href":"https:\/\/www.elsindical.com.ar\/notas\/wp-json\/wp\/v2\/users\/1"}],"replies":[{"embeddable":true,"href":"https:\/\/www.elsindical.com.ar\/notas\/wp-json\/wp\/v2\/comments?post=111091"}],"version-history":[{"count":1,"href":"https:\/\/www.elsindical.com.ar\/notas\/wp-json\/wp\/v2\/posts\/111091\/revisions"}],"predecessor-version":[{"id":111093,"href":"https:\/\/www.elsindical.com.ar\/notas\/wp-json\/wp\/v2\/posts\/111091\/revisions\/111093"}],"wp:featuredmedia":[{"embeddable":true,"href":"https:\/\/www.elsindical.com.ar\/notas\/wp-json\/wp\/v2\/media\/111092"}],"wp:attachment":[{"href":"https:\/\/www.elsindical.com.ar\/notas\/wp-json\/wp\/v2\/media?parent=111091"}],"wp:term":[{"taxonomy":"category","embeddable":true,"href":"https:\/\/www.elsindical.com.ar\/notas\/wp-json\/wp\/v2\/categories?post=111091"},{"taxonomy":"post_tag","embeddable":true,"href":"https:\/\/www.elsindical.com.ar\/notas\/wp-json\/wp\/v2\/tags?post=111091"}],"curies":[{"name":"wp","href":"https:\/\/api.w.org\/{rel}","templated":true}]}}