{"id":111073,"date":"2022-01-30T09:36:40","date_gmt":"2022-01-30T12:36:40","guid":{"rendered":"https:\/\/www.elsindical.com.ar\/notas\/?p=111073"},"modified":"2022-01-30T09:40:56","modified_gmt":"2022-01-30T12:40:56","slug":"pinamar-siguen-las-picadas-ilegales-en-la-playa-camioneta-atropella-a-motociclista","status":"publish","type":"post","link":"https:\/\/www.elsindical.com.ar\/notas\/pinamar-siguen-las-picadas-ilegales-en-la-playa-camioneta-atropella-a-motociclista\/","title":{"rendered":"Pinamar: Siguen las picadas ilegales en la playa, camioneta atropella a motociclista"},"content":{"rendered":"\n<figure class=\"wp-block-image size-full\"><a href=\"https:\/\/www.elsindical.com.ar\/notas\/var\/www\/html\/notas\/wp-content\/uploads\/2022\/01\/camioneta-Pinamar-picada.jpg\"><img loading=\"lazy\" decoding=\"async\" width=\"764\" height=\"731\" src=\"https:\/\/www.elsindical.com.ar\/notas\/var\/www\/html\/notas\/wp-content\/uploads\/2022\/01\/camioneta-Pinamar-picada.jpg\" alt=\"\" class=\"wp-image-111074\" srcset=\"https:\/\/www.elsindical.com.ar\/notas\/var\/www\/html\/notas\/wp-content\/uploads\/2022\/01\/camioneta-Pinamar-picada.jpg 764w, https:\/\/www.elsindical.com.ar\/notas\/var\/www\/html\/notas\/wp-content\/uploads\/2022\/01\/camioneta-Pinamar-picada-300x287.jpg 300w, https:\/\/www.elsindical.com.ar\/notas\/var\/www\/html\/notas\/wp-content\/uploads\/2022\/01\/camioneta-Pinamar-picada-314x300.jpg 314w\" sizes=\"auto, (max-width: 764px) 100vw, 764px\" \/><\/a><\/figure>\n\n\n\n<p>El motociclista sufri\u00f3 m\u00faltiples fracturas y se encuentra internado. En tanto, el otro conductor qued\u00f3 detenido.<\/p>\n\n\n\n<p>\u201cLa Frontera\u201d en&nbsp;Pinamar&nbsp;fue escenario ayer de un&nbsp;accidente vehicular producto de la imprudencia al volante. <strong>Una camioneta 4&#215;4 embisti\u00f3 a una moto mientras corr\u00eda una picada entre los m\u00e9danos del Norte del distrito costero.<\/strong> El motociclista sufri\u00f3 m\u00faltiples fracturas y se encuentra internado en el hospital municipal.<\/p>\n\n\n\n<p>El hecho sucedi\u00f3 en la tarde del viernes en uno de los sectores que los lugare\u00f1os reconocen como&nbsp;\u201collas\u201d&nbsp;por sus caracter\u00edsticas: son&nbsp;un gran pozo rodeado de altas cumbres de arena. Es un lugar al que todas las tardes, siempre y cuando el clima acompa\u00f1e, muchas personas se acercan para observar y filmar las temerarias maniobras de camionetas, motos, cuatriciclos y UTV\u2019s.<\/p>\n\n\n\n<p><strong>\u201cEs la misma locura de siempre donde la gente pone en riesgo su vida por diversi\u00f3n\u201d, dijo Lucas Ventoso, secretario de Seguridad de Pinamar,&nbsp;en una temporada de verano que ya lleva varios muertos y heridos graves en situaciones similares. <\/strong>Asegur\u00f3&nbsp;adem\u00e1s que a la polic\u00eda se le hace virtualmente imposible actuar contra los conductores de este tipo de veh\u00edculos y que no cuenta con los recursos para poner \u201ccientos de polic\u00edas\u201d a cuidar los m\u00e9danos.<\/p>\n\n\n\n<p>El reciente accidente qued\u00f3 registrado en el tel\u00e9fono celular de uno de los testigos. Las im\u00e1genes muestran a la <strong>Volkswagen Amarok de color negro avanzar a toda velocidad en medio de una picada con otras dos camionetas<\/strong> cuando de pronto en su camino se cruza una moto Yamaha azul, cuyo conductor, un hombre llamado Gonzalo Rodr\u00edguez, sali\u00f3 despedido al ser embestido.<\/p>\n\n\n\n<figure class=\"wp-block-embed is-type-video is-provider-youtube wp-block-embed-youtube wp-embed-aspect-16-9 wp-has-aspect-ratio\"><div class=\"wp-block-embed__wrapper\">\n<iframe loading=\"lazy\" title=\"Picada de camionetas en Pinamar\" width=\"700\" height=\"394\" src=\"https:\/\/www.youtube.com\/embed\/fh-hleCAyA4?feature=oembed\" frameborder=\"0\" allow=\"accelerometer; autoplay; clipboard-write; encrypted-media; gyroscope; picture-in-picture\" allowfullscreen><\/iframe>\n<\/div><\/figure>\n","protected":false},"excerpt":{"rendered":"<p>El motociclista sufri\u00f3 m\u00faltiples fracturas y se encuentra internado. En tanto, el otro conductor qued\u00f3 detenido. \u201cLa Frontera\u201d en&nbsp;Pinamar&nbsp;fue escenario ayer de un&nbsp;accidente vehicular producto de la imprudencia al volante. Una camioneta 4&#215;4 embisti\u00f3 a una moto mientras corr\u00eda una picada entre los m\u00e9danos del Norte del distrito costero. El motociclista sufri\u00f3 m\u00faltiples fracturas y&hellip;<\/p>\n","protected":false},"author":1,"featured_media":111074,"comment_status":"open","ping_status":"open","sticky":false,"template":"","format":"standard","meta":{"footnotes":""},"categories":[22],"tags":[2497,2450,17997,5359,36434,1516],"class_list":["post-111073","post","type-post","status-publish","format-standard","has-post-thumbnail","hentry","category-policiales","tag-atropellado","tag-diario-el-sindical","tag-la-frontera","tag-motociclista","tag-picadas-ilegales","tag-pinamar"],"_links":{"self":[{"href":"https:\/\/www.elsindical.com.ar\/notas\/wp-json\/wp\/v2\/posts\/111073","targetHints":{"allow":["GET"]}}],"collection":[{"href":"https:\/\/www.elsindical.com.ar\/notas\/wp-json\/wp\/v2\/posts"}],"about":[{"href":"https:\/\/www.elsindical.com.ar\/notas\/wp-json\/wp\/v2\/types\/post"}],"author":[{"embeddable":true,"href":"https:\/\/www.elsindical.com.ar\/notas\/wp-json\/wp\/v2\/users\/1"}],"replies":[{"embeddable":true,"href":"https:\/\/www.elsindical.com.ar\/notas\/wp-json\/wp\/v2\/comments?post=111073"}],"version-history":[{"count":2,"href":"https:\/\/www.elsindical.com.ar\/notas\/wp-json\/wp\/v2\/posts\/111073\/revisions"}],"predecessor-version":[{"id":111076,"href":"https:\/\/www.elsindical.com.ar\/notas\/wp-json\/wp\/v2\/posts\/111073\/revisions\/111076"}],"wp:featuredmedia":[{"embeddable":true,"href":"https:\/\/www.elsindical.com.ar\/notas\/wp-json\/wp\/v2\/media\/111074"}],"wp:attachment":[{"href":"https:\/\/www.elsindical.com.ar\/notas\/wp-json\/wp\/v2\/media?parent=111073"}],"wp:term":[{"taxonomy":"category","embeddable":true,"href":"https:\/\/www.elsindical.com.ar\/notas\/wp-json\/wp\/v2\/categories?post=111073"},{"taxonomy":"post_tag","embeddable":true,"href":"https:\/\/www.elsindical.com.ar\/notas\/wp-json\/wp\/v2\/tags?post=111073"}],"curies":[{"name":"wp","href":"https:\/\/api.w.org\/{rel}","templated":true}]}}