{"id":111065,"date":"2022-01-29T16:30:26","date_gmt":"2022-01-29T19:30:26","guid":{"rendered":"https:\/\/www.elsindical.com.ar\/notas\/?p=111065"},"modified":"2022-01-29T16:30:28","modified_gmt":"2022-01-29T19:30:28","slug":"alderete-y-caliva-la-deuda-es-con-el-pueblo","status":"publish","type":"post","link":"https:\/\/www.elsindical.com.ar\/notas\/alderete-y-caliva-la-deuda-es-con-el-pueblo\/","title":{"rendered":"Alderete y Caliva: \u00abLa deuda es con el pueblo\u00bb"},"content":{"rendered":"\n<div class=\"wp-block-image\"><figure class=\"aligncenter size-full\"><a href=\"https:\/\/www.elsindical.com.ar\/notas\/var\/www\/html\/notas\/wp-content\/uploads\/2022\/01\/comunicado-la-deuda-es-con-el-Pueblo.jpg\"><img loading=\"lazy\" decoding=\"async\" width=\"750\" height=\"750\" src=\"https:\/\/www.elsindical.com.ar\/notas\/var\/www\/html\/notas\/wp-content\/uploads\/2022\/01\/comunicado-la-deuda-es-con-el-Pueblo.jpg\" alt=\"\" class=\"wp-image-111066\" srcset=\"https:\/\/www.elsindical.com.ar\/notas\/var\/www\/html\/notas\/wp-content\/uploads\/2022\/01\/comunicado-la-deuda-es-con-el-Pueblo.jpg 750w, https:\/\/www.elsindical.com.ar\/notas\/var\/www\/html\/notas\/wp-content\/uploads\/2022\/01\/comunicado-la-deuda-es-con-el-Pueblo-300x300.jpg 300w, https:\/\/www.elsindical.com.ar\/notas\/var\/www\/html\/notas\/wp-content\/uploads\/2022\/01\/comunicado-la-deuda-es-con-el-Pueblo-150x150.jpg 150w, https:\/\/www.elsindical.com.ar\/notas\/var\/www\/html\/notas\/wp-content\/uploads\/2022\/01\/comunicado-la-deuda-es-con-el-Pueblo-50x50.jpg 50w\" sizes=\"auto, (max-width: 750px) 100vw, 750px\" \/><\/a><\/figure><\/div>\n\n\n\n<p><strong>Reproducimos el comunicado de los diputados nacionales Juan Carlos Alderete y L\u00eda Ver\u00f3nica Caliva, respecto a la decisi\u00f3n del gobierno nacional de acordar con el Fondo Monetario Internacional.<\/strong><\/p>\n\n\n\n<p>El gobierno anunci\u00f3 un acuerdo con el FMI. Siempre hemos planteado que esa deuda es una estafa, cuyo objetivo real no s\u00f3lo fue fugar capitales, garantizando superganancias a la timba financiera y a los monopolios, sino atarnos y condicionarnos pol\u00edticamente. Desde ya que ni un solo d\u00f3lar de ese pr\u00e9stamo recibido se utiliz\u00f3 para promover la industria nacional, hacer calles ni construir rutas, hospitales o escuelas. Los responsables de esta estafa son el gobierno de Macri y el FMI.<\/p>\n\n\n\n<p>Tampoco acordamos con la estrategia de negociaci\u00f3n que se llev\u00f3 adelante. Se dej\u00f3 pasar el momento de fortaleza luego del triunfo del Frente de Todos en 2019, en que se podr\u00eda haber investigado la estafa, y se eligi\u00f3 el camino del pago y la negociaci\u00f3n larga. Se desliz\u00f3 la idea de que \u00abel FMI hab\u00eda cambiado\u00bb y que est\u00e1bamos frente a un \u00abFondo m\u00e1s bueno\u00bb. As\u00ed, el FMI fue corriendo el arco y esper\u00f3 su momento, mientras la Argentina le fue pagando cerca de U$D 7.000 millones de d\u00f3lares. Luego, con las reservas vac\u00edas, arrinconados por un Fondo Monetario endurecido y una oposici\u00f3n reaccionaria que juega al desgaste, a la crisis y voltear al gobierno, quedamos a merced del FMI y sus socios.<\/p>\n\n\n\n<p>No hay acuerdos buenos con el FMI. El acuerdo con el Fondo condiciona a la Argentina y lo pagar\u00e1 con sufrimiento nuestro pueblo. Lo firmado restringe adem\u00e1s las posibilidades de lograr la recuperaci\u00f3n econ\u00f3mica, ni hablar de la posibilidad de poder dar respuesta a las enormes necesidades populares. Contiene un ajuste fiscal a partir de este a\u00f1o, revisiones trimestrales por parte de ese organismo y desembolsos en d\u00f3lares en funci\u00f3n de esas evaluaciones. El monitoreo constante de nuestras cuentas por parte del FMI es cesi\u00f3n de soberan\u00eda humillante.<\/p>\n\n\n\n<p>Todas estas cosas las hemos dicho p\u00fablicamente y tambi\u00e9n al interior del Frente de TODOS. Por eso hoy, reafirmamos que la deuda es con pueblo y la naci\u00f3n Argentina. Sostenemos la necesidad imperiosa de investigar la deuda contra\u00edda con el FMI y la fenomenal fuga de capitales que se produjo. El Congreso Nacional form\u00f3 una comisi\u00f3n Bicameral para investigar estos hechos, pero jam\u00e1s avanz\u00f3. Es urgente hacerlo porque el pueblo tiene que conocer a d\u00f3nde est\u00e1 la plata de la deuda que tom\u00f3 el macrismo con el FMI.<\/p>\n\n\n\n<p>Fuimos parte de los que luchamos en las calles y en las urnas para derrotar al macrismo. Somos parte del Frente de TODOS y vamos a seguir luchando para que la crisis que nos dej\u00f3 el macrismo no lo pague el pueblo, sino aquellos quienes se enriquecieron en la fiesta del endeudamiento de Macri y FMI. Seguiremos en las calles, sin equivocar el blanco, contra los verdaderos enemigos de los intereses de nuestra patria y del pueblo argentino.<\/p>\n","protected":false},"excerpt":{"rendered":"<p>Reproducimos el comunicado de los diputados nacionales Juan Carlos Alderete y L\u00eda Ver\u00f3nica Caliva, respecto a la decisi\u00f3n del gobierno nacional de acordar con el Fondo Monetario Internacional. El gobierno anunci\u00f3 un acuerdo con el FMI. Siempre hemos planteado que esa deuda es una estafa, cuyo objetivo real no s\u00f3lo fue fugar capitales, garantizando superganancias&hellip;<\/p>\n","protected":false},"author":1,"featured_media":111066,"comment_status":"open","ping_status":"open","sticky":false,"template":"","format":"standard","meta":{"footnotes":""},"categories":[13],"tags":[2450,22023,6925,761,36425,36426,76],"class_list":["post-111065","post","type-post","status-publish","format-standard","has-post-thumbnail","hentry","category-politica","tag-diario-el-sindical","tag-economia","tag-fmi","tag-gobierno-nacional","tag-jan-carlos-alderete","tag-lia-veronica-caliva","tag-mauricio-macri"],"_links":{"self":[{"href":"https:\/\/www.elsindical.com.ar\/notas\/wp-json\/wp\/v2\/posts\/111065","targetHints":{"allow":["GET"]}}],"collection":[{"href":"https:\/\/www.elsindical.com.ar\/notas\/wp-json\/wp\/v2\/posts"}],"about":[{"href":"https:\/\/www.elsindical.com.ar\/notas\/wp-json\/wp\/v2\/types\/post"}],"author":[{"embeddable":true,"href":"https:\/\/www.elsindical.com.ar\/notas\/wp-json\/wp\/v2\/users\/1"}],"replies":[{"embeddable":true,"href":"https:\/\/www.elsindical.com.ar\/notas\/wp-json\/wp\/v2\/comments?post=111065"}],"version-history":[{"count":1,"href":"https:\/\/www.elsindical.com.ar\/notas\/wp-json\/wp\/v2\/posts\/111065\/revisions"}],"predecessor-version":[{"id":111067,"href":"https:\/\/www.elsindical.com.ar\/notas\/wp-json\/wp\/v2\/posts\/111065\/revisions\/111067"}],"wp:featuredmedia":[{"embeddable":true,"href":"https:\/\/www.elsindical.com.ar\/notas\/wp-json\/wp\/v2\/media\/111066"}],"wp:attachment":[{"href":"https:\/\/www.elsindical.com.ar\/notas\/wp-json\/wp\/v2\/media?parent=111065"}],"wp:term":[{"taxonomy":"category","embeddable":true,"href":"https:\/\/www.elsindical.com.ar\/notas\/wp-json\/wp\/v2\/categories?post=111065"},{"taxonomy":"post_tag","embeddable":true,"href":"https:\/\/www.elsindical.com.ar\/notas\/wp-json\/wp\/v2\/tags?post=111065"}],"curies":[{"name":"wp","href":"https:\/\/api.w.org\/{rel}","templated":true}]}}