{"id":111062,"date":"2022-01-29T16:24:47","date_gmt":"2022-01-29T19:24:47","guid":{"rendered":"https:\/\/www.elsindical.com.ar\/notas\/?p=111062"},"modified":"2022-01-29T16:24:49","modified_gmt":"2022-01-29T19:24:49","slug":"una-nueva-deuda-acuerdo-con-el-fmi-para-garantizar-impunidad-a-la-historica-estafa-cometida-con-la-deuda-publica-por-el-gobierno-macrista","status":"publish","type":"post","link":"https:\/\/www.elsindical.com.ar\/notas\/una-nueva-deuda-acuerdo-con-el-fmi-para-garantizar-impunidad-a-la-historica-estafa-cometida-con-la-deuda-publica-por-el-gobierno-macrista\/","title":{"rendered":"Una nueva deuda\/acuerdo con el FMI para garantizar impunidad a la hist\u00f3rica estafa cometida con la deuda p\u00fablica por el gobierno Macrista."},"content":{"rendered":"\n<figure class=\"wp-block-image size-full\"><a href=\"https:\/\/www.elsindical.com.ar\/notas\/var\/www\/html\/notas\/wp-content\/uploads\/2022\/01\/Onservatorio-del-derecho-a-la-ciudad.jpg\"><img loading=\"lazy\" decoding=\"async\" width=\"768\" height=\"907\" src=\"https:\/\/www.elsindical.com.ar\/notas\/var\/www\/html\/notas\/wp-content\/uploads\/2022\/01\/Onservatorio-del-derecho-a-la-ciudad.jpg\" alt=\"\" class=\"wp-image-111063\" srcset=\"https:\/\/www.elsindical.com.ar\/notas\/var\/www\/html\/notas\/wp-content\/uploads\/2022\/01\/Onservatorio-del-derecho-a-la-ciudad.jpg 768w, https:\/\/www.elsindical.com.ar\/notas\/var\/www\/html\/notas\/wp-content\/uploads\/2022\/01\/Onservatorio-del-derecho-a-la-ciudad-254x300.jpg 254w\" sizes=\"auto, (max-width: 768px) 100vw, 768px\" \/><\/a><\/figure>\n\n\n\n<p><em>Resumen: \u201cEste nuevo acuerdo es el resultado de que el Ejecutivo no avanz\u00f3 local ni internacionalmente con la denuncia de nulidad del cr\u00e9dito Macri-FMI, pese a tener a su favor la ley y la raz\u00f3n. La negociaci\u00f3n termina siendo apenas un default diferido y no una soluci\u00f3n al endeudamiento\u201d.<\/em><\/p>\n\n\n\n<p>Hoy, <a rel=\"noreferrer noopener\" target=\"_blank\" href=\"https:\/\/www.ambito.com\/economia\/fmi\/martin-guzman-detallo-punto-punto-el-acuerdo-el-n5360317\">28 de enero<\/a>, el presidente de la Naci\u00f3n <a rel=\"noreferrer noopener\" target=\"_blank\" href=\"https:\/\/youtu.be\/MwHFyjqttMM\">comunic\u00f3<\/a> que lleg\u00f3 a un acuerdo con el Fondo Monetario Internacional. Con posterioridad, el <a rel=\"noreferrer noopener\" target=\"_blank\" href=\"https:\/\/youtu.be\/pZ2OhoJ4uPE\">ministro de Econom\u00eda, Mart\u00edn Guzm\u00e1n<\/a>, brind\u00f3 m\u00e1s detalles de este acuerdo.<\/p>\n\n\n\n<p><strong>1.<\/strong> En primer lugar, <strong>este \u201cacuerdo\u201d con el FMI implica la asunci\u00f3n de una nueva deuda<\/strong> por parte de la Argentina. El acuerdo no ser\u00e1 un Extended Fund Facility (EFF) de diez a\u00f1os, sino que se tratar\u00e1 de un programa de dos a\u00f1os y medio, del tipo Stand By, como el que firm\u00f3 el gobierno de Mauricio Macri en 2018.<\/p>\n\n\n\n<p>Es decir, la Argentina tomar\u00e1 una nueva deuda por 44.500 mil millones de d\u00f3lares. El FMI durante los dos a\u00f1os y medio desembolsar\u00e1 este monto que servir\u00e1 para pagar los vencimientos de la deuda tomada por el macrismo con el mismo FMI en el 2018. Lo que sobre, ir\u00e1 a fortalecer las reservas.<\/p>\n\n\n\n<p>En la <a rel=\"noreferrer noopener\" target=\"_blank\" href=\"https:\/\/www.cronista.com\/economia-politica\/deuda-imposible-cuanto-hay-que-pagar-fmi-hasta-marzo-de-2022\/\">suma de todo 2022<\/a> se deben pagar 24 vencimientos por capital, intereses y sobrecargos de un total de u$s 19.115 millones. Y en 2023, por otros u$s 19.367 millones.<\/p>\n\n\n\n<p>Luego de los dos a\u00f1os y medio, casi se habr\u00e1n pagado los u$s 44.500 millones tomados por Macri, pero nos quedar\u00e1 una nueva deuda por el mismo monto con el FMI.<\/p>\n\n\n\n<p>No se cuenta con informaci\u00f3n de c\u00f3mo se pagar\u00e1 la deuda pendiente luego de los dos a\u00f1os y medio.<\/p>\n\n\n\n<p>La negociaci\u00f3n termina siendo apenas un default diferido y no una soluci\u00f3n al endeudamiento. En pocos a\u00f1os m\u00e1s, Argentina deber\u00e1 volver a reestructurar su deuda.<\/p>\n\n\n\n<p><strong>2.<\/strong> Podr\u00eda pensarse que este acuerdo implica patear el problema para m\u00e1s adelante, para dentro de dos a\u00f1os y medio. Pero no es as\u00ed. <strong>Este acuerdo y toma de nueva deuda implicar\u00e1 las siguientes consecuencias perniciosas para el pa\u00eds<\/strong>:<\/p>\n\n\n\n<p><strong>3.<\/strong> <strong>Garantizar\u00e1 impunidad a los\/las funcionarios\/as que intervinieron en el endeudamiento con el FMI en 2018 y permitieron la fuga de dichos d\u00f3lares<\/strong>, comenzando por el ex presidente Macri. Desde 2018 hemos presentados las denuncias penales pertinentes.<\/p>\n\n\n\n<p>La Sindicatura General de la Naci\u00f3n, la Oficina Anticorrupci\u00f3n, el Banco Central y la Procuraci\u00f3n del Tesoro investigaron el endeudamiento con el FMI en 2018 y detectaron la comisi\u00f3n de numerosos delitos, entre ellos, defraudaci\u00f3n a la administraci\u00f3n p\u00fablica. Todo el ciclo de endeudamiento y fuga de los d\u00f3lares podr\u00eda constituir una asociaci\u00f3n il\u00edcita. El endeudamiento con el FMI no tuvo la autorizaci\u00f3n formal de ninguna autoridad electa democr\u00e1ticamente. No tuvo aprobaci\u00f3n o autorizaci\u00f3n del Congreso Nacional. No existi\u00f3 si quiera un decreto del ex presidente Macri autorizando al ministro de econom\u00eda a acordar con el fondo por un monto hist\u00f3rico para el pa\u00eds. No se respet\u00f3 ninguna de las leyes que regulan el tr\u00e1mite para tomar deuda p\u00fablica. Se flexibilizaron las normas financieras para permitir que los d\u00f3lares fueran fugados como consecuencia de la bicicleta financiera instalada y no se adopt\u00f3 ninguna medida para frenar esa situaci\u00f3n hasta que se agotaron los d\u00f3lares del FMI.<\/p>\n\n\n\n<p>Cuatro organismos p\u00fablicos realizaron informes coincidentes con lo que hab\u00edamos denunciado y presentaron sus resultados en las causas abiertas en la justicia penal federal. <strong>Con estos resultados tanto el Poder Ejecutivo como el Congreso Nacional ten\u00edan la obligaci\u00f3n de frenar las consecuencias de la comisi\u00f3n de estos delitos<\/strong>. En cambio, el Ejecutivo decidi\u00f3 pagar al FMI en estos \u00faltimos dos a\u00f1os 6434 millones de d\u00f3lares, entre capital e intereses. A este monto se debe sumar el pago que se realiz\u00f3 el d\u00eda de hoy de 715 millones m\u00e1s.<\/p>\n\n\n\n<p>Tanto el Poder Ejecutivo como el Congreso Nacional no ten\u00edan ning\u00fan impedimento jur\u00eddico para declarar nula e inconstitucional la deuda con el FMI. El Ejecutivo decidi\u00f3 no hacerlo y ahora remitir\u00e1 este nuevo acuerdo al Congreso que terminar\u00e1 convalidando tanto el acuerdo del 2018 como el de ahora.<\/p>\n\n\n\n<p><strong>De aprobar el Congreso este nuevo acuerdo pr\u00e1cticamente ser\u00e1 una amnist\u00eda a los\/as responsables de la mayor estafa de la historia argentina<\/strong> con relaci\u00f3n a la deuda externa. De esta forma, la Argentina asumir\u00e1 el pago de la totalidad de una deuda que su pueblo ni directa ni indirectamente a trav\u00e9s de sus representantes decidi\u00f3 asumir originariamente y de la cual no se benefici\u00f3 en absoluto porque fue destinada en su totalidad a la fuga de capitales.<\/p>\n\n\n\n<p>La alternativa de declarar inconstitucional y nula la deuda con el FMI para obtener mejores condiciones en la negociaci\u00f3n estuvo disponible desde el primer momento que asumi\u00f3 el nuevo gobierno. El contexto de la pandemia tambi\u00e9n habr\u00eda colaborado en seguir este camino. Hasta ahora hemos pagado U$S 7.149 millones de d\u00f3lares.<\/p>\n\n\n\n<p><strong>4.<\/strong> <strong>No se emplearon todos los mecanismos institucionales nacionales e internacionales para que el FMI asuma la corresponsabilidad en esta estafa<\/strong>. El propio FMI viol\u00f3 su estatuto en numerosos art\u00edculos (prest\u00f3 m\u00e1s d\u00f3lares de los que pod\u00eda, ten\u00eda prohibido otorgar cr\u00e9ditos a pa\u00edses en situaci\u00f3n grave de fuga de capitales, etc.). El proceso de negociaci\u00f3n de este acuerdo parti\u00f3 del reconocimiento de que el FMI no tuvo ninguna responsabilidad y, por lo tanto, nunca se puso en discusi\u00f3n el monto de la deuda. Como resultado, el acuerdo no implica ninguna quita de capital. Es m\u00e1s, el FMI no ha garantizado ni m\u00e1s plazo, ni mejor tasa, ni eliminado los sobre cargos. S\u00f3lo otorgar\u00e1 m\u00e1s cr\u00e9dito para pagar la anterior deuda.<\/p>\n\n\n\n<p><strong>5. El FMI exige para realizar los nuevos desembolsos que Argentina se someta a revisiones trimestrales antes de cada uno, que en dos a\u00f1os y medio totalizar\u00e1n diez (10)<\/strong>. El FMI tendr\u00e1 el poder de controlar la econom\u00eda y las pol\u00edticas bajo la constante amenaza de no realizar los desembolsos y que el pa\u00eds ingrese en default. Nuevamente se acuerda perder la soberan\u00eda econ\u00f3mica y pol\u00edtica en base a una deuda que en su origen es inconstitucional.<\/p>\n\n\n\n<p>El FMI prest\u00f3 en 2018 esta suma exorbitante no s\u00f3lo para que Macri pudiera ser reelegido sino principalmente para disciplinar al pa\u00eds y alinearlo en la disputa geopol\u00edtica que tiene Estados Unidos con China. Este acuerdo profundiza la intensidad de esta sujeci\u00f3n y sus alcances temporales.<\/p>\n\n\n\n<p>Ahora s\u00ed el FMI tendr\u00e1 legalizada un arma constante sobre la cabeza de la econom\u00eda argentina dominada por las manos que gobiernan Norteam\u00e9rica.<\/p>\n\n\n\n<p><strong>6.<\/strong> El ministro Guzm\u00e1n inform\u00f3 que a\u00fan <strong>resta trabajar en los memorandos de las pol\u00edticas econ\u00f3micas y financieras entre el Gobierno Nacional y el FMI<\/strong>, y que esto llevar\u00eda algunas semanas. En concreto a\u00fan no est\u00e1 formalizado este nuevo acuerdo. Las promesas de acuerdo se pueden romper durante las negociaciones en los memorandos.<\/p>\n\n\n\n<p><strong>\u00bfEntonces por qu\u00e9 se realiza este anuncio tan relevante si a\u00fan no hay suelo firme?<\/strong> Porque el Ejecutivo hab\u00eda decidido pagar los correspondientes 715 millones d\u00f3lares el d\u00eda de hoy. Este gobierno se debilita cada vez que paga al FMI sin tener un acuerdo. En las \u00faltimas semanas se alzaron muchos posicionamientos dentro del Frente de Todos exigiendo la suspensi\u00f3n de los pagos de una deuda odiosa e inconstitucional. Vemos entonces que, el Gobierno con este anuncio busca legitimidad y autoridad para seguir honrando sin cuestionamientos la deuda con el FMI, cerrando los ojos para evitar ver que estamos frente a una estafa hist\u00f3rica. En marzo deber\u00e1 pagar 3 mil millones de d\u00f3lares de capital y sobre fin de a\u00f1o se sumar\u00e1n 15 mil millones m\u00e1s.<\/p>\n\n\n\n<p><strong>7.<\/strong> <strong>En el anuncio se destaca que con este arreglo Argentina no se compromete a reformas<\/strong> jubilatorias, laborales, achicamiento del gasto social, corte de la recuperaci\u00f3n econ\u00f3mica, restricci\u00f3n de la actividad productiva, despidos de empleados p\u00fablicos, privatizaciones. etc.<\/p>\n\n\n\n<p>Una cuesti\u00f3n es que en los memorandos no figure el compromiso del pa\u00eds a realizar estas pol\u00edticas, otra cuesti\u00f3n es que no se realicen en el futuro. Actualmente, se est\u00e1n discutiendo en audiencia p\u00fablica las nuevas tarifas de gas y electricidad. La propuesta del Estado Nacional es disminuir el subsidio a la energ\u00eda y que esos valores sean soportados por la poblaci\u00f3n. \u00bfEsto no es achicamiento del gasto social?<\/p>\n\n\n\n<p>Se anunci\u00f3 que se buscar\u00e1 una reducci\u00f3n gradual del d\u00e9ficit fiscal: se proyecta un d\u00e9ficit primario de 2,5 para 2022 del PBI, de 1,9 para 2023, de 0,9 para 2024 y 0 para el 2025. Para que esto no signifique ajuste, el ministro Guzm\u00e1n detall\u00f3 que el gobierno buscar\u00e1 financiarse con la recaudaci\u00f3n tributaria del segmento de mayor contribuci\u00f3n y tambi\u00e9n disponer de medidas para atacar los problemas de lavado de dinero. \u00bfC\u00f3mo combatir\u00e1 el lavado de dinero un gobierno que apuesta reiteradas veces a los blanqueos de capitales?<\/p>\n\n\n\n<p><strong>8.<\/strong> <strong>El acuerdo compromete un ajuste fiscal para los \u00faltimos dos a\u00f1os del mandato de Alberto Fern\u00e1ndez de 8920 millones de d\u00f3lares<\/strong> (al tipo de cambio del presupuesto 2022) y de 4200 millones de d\u00f3lares respecto al presupuesto que el propio Guzm\u00e1n present\u00f3 en el Parlamento y que no fue aprobado. Se trata de un ajuste fiscal de 1,7% del PBI en dos a\u00f1os y de 1,1% en 2022. Corresponde agregar que hasta hace pocas semanas el ministro Guzm\u00e1n sosten\u00eda que la discusi\u00f3n con el FMI era que mientras el organismo quer\u00eda d\u00e9ficit 0 en 2024, Argentina para no ahogar la recuperaci\u00f3n econ\u00f3mica, propon\u00eda esa meta para 2027. Lo que se acord\u00f3 (d\u00e9ficit 0 en 2025) parece acercarse m\u00e1s a la posici\u00f3n del FMI.&nbsp; El ajuste sobre la emisi\u00f3n monetaria es mayor a\u00fan. Se pasa del 3,7 % del PBI en 2021 al 1 % en 2022. La expectativa es avanzar a tasas de inter\u00e9s reales positivas, lo cual adem\u00e1s de resultar muy complejo dada la situaci\u00f3n inflacionaria, tiende a alimentar el comportamiento especulativo del mercado de capitales en pesos y a desalentar la pol\u00edtica de cr\u00e9dito para el desarrollo productivo. Tambi\u00e9n se asume que la brecha entre el d\u00f3lar oficial y los mercados paralelos debe descender al 30 %, lo cual supone inducir la devaluaci\u00f3n del d\u00f3lar oficial en toda aquella proporci\u00f3n que no sea resuelta por la mejora en las expectativas que genere el acuerdo. Por \u00faltimo, la pol\u00edtica de salarios y jubilaciones queda subordinada a las metas fiscales establecidas. M\u00e1s all\u00e1 de lo preciso de las metas establecidas, el acuerdo supone la cesi\u00f3n de soberan\u00eda expresada en la instalaci\u00f3n de una misi\u00f3n permanente del FMI en el pa\u00eds a la cual habr\u00eda que consultar las pol\u00edticas, y el desarrollo de 10 revisiones trimestrales de car\u00e1cter vinculante. En suma, estamos asumiendo un acuerdo que limita nuestra soberan\u00eda en el manejo de la coyuntura y que compromete la pol\u00edtica fiscal y monetaria y que al limitar la mejora en los ingresos y aumentar las tasas de inter\u00e9s tiende a desacelerar la tasa de crecimiento de la econom\u00eda porque limita la expansi\u00f3n del mercado interno y la pol\u00edtica de cr\u00e9dito, y a quitarle herramientas al gobierno para intervenir sobre la situaci\u00f3n de desigualdad social, el hambre y la pobreza. Los costos que el gobierno est\u00e1 asumiendo con un acuerdo como este, son el resultado de no haber avanzado local e internacionalmente con la denuncia de nulidad del cr\u00e9dito Macri-FMI, pese a tener a su favor la ley y la raz\u00f3n.<\/p>\n\n\n\n<p><strong>9.<\/strong> <strong>Este acuerdo tambi\u00e9n es la reafirmaci\u00f3n de la profundizaci\u00f3n del extractivismo.<\/strong> La deuda es la excusa perfecta para estimular las actividades econ\u00f3micas extractivas con el af\u00e1n de conseguir d\u00f3lares. Toda preocupaci\u00f3n social y ambiental ser\u00e1 relegada para poder incrementar la exportaci\u00f3n. En este marco se comprende, por ejemplo, porque el Ejecutivo para las sesiones extraordinarias del Congreso decidi\u00f3 poner en tratamiento el proyecto de Ley tendiente a crear el \u201cR\u00e9gimen de Fomento al Desarrollo Agroindustrial Federal, Inclusivo, Sustentable y Exportador\u201d (Msje. 93\/21- Exp. Diputados 12-PE-2021), y no la ley de presupuestos m\u00ednimos para la protecci\u00f3n de humedales.<\/p>\n\n\n\n<p><strong>10.<\/strong> <strong>Juntos por el Cambio<\/strong> en un comunicado manifest\u00f3 que \u201cconsidera positivo este primer entendimiento con el Fondo Monetario Internacional que evita as\u00ed un costoso default\u201d.<\/p>\n\n\n\n<p>Resulta evidente que frente a un acuerdo que hace borr\u00f3n y cuenta nueva, y elimina responsabilidades administrativas, civiles y penales del anterior gobierno, ser\u00eda bienvenido por Juntos por el Cambio.<\/p>\n\n\n\n<p>Estas manifestaciones nos adelantan que el acuerdo en el Congreso ser\u00e1 aprobado.<\/p>\n\n\n\n<p>Frente a un gobierno que rompe el acuerdo electoral y un Congreso que amnistiar\u00e1 a los\/as responsables de la mayor estafa de la historia del pa\u00eds y entregar\u00e1 la soberan\u00eda del Estado, como ciudadan\u00eda debemos exigir que se plebiscite la valoraci\u00f3n de nula e inconstitucional de la deuda antes de avanzar con un nuevo acuerdo y el cese inmediato de los pagos al FMI.<\/p>\n\n\n\n<p><strong>Hemos perdido la posibilidad de adoptar una estrategia de negociaci\u00f3n orientada a demostrar la corresponsabilidad del FMI en la crisis argentina para pasar a un acuerdo que se basa esencialmente en el cogobierno con el FMI.<\/strong><\/p>\n\n\n\n<hr class=\"wp-block-separator\"\/>\n\n\n\n<p><a href=\"https:\/\/mail.yahoo.com\/d\/folders\/1\/messages\/51900#_ftnref1\"><sup>[1]<\/sup><\/a> Presidente de Unidad Popular Nacional.<\/p>\n\n\n\n<p><a href=\"https:\/\/mail.yahoo.com\/d\/folders\/1\/messages\/51900#_ftnref2\"><sup>[2]<\/sup><\/a> Fundador del Observatorio del Derecho a la Ciudad e Integrante de El Movimiento La Ciudad Somos Quienes La Habitamos. &#8212;<\/p>\n\n\n\n<p><strong><em>Jonatan Emanuel Baldiviezo&nbsp;<\/em><\/strong><\/p>\n\n\n\n<p>&nbsp;<a rel=\"noreferrer noopener\" target=\"_blank\" href=\"https:\/\/buff.ly\/2HKsYD1\">SUMATE como SOCIO APORTANTE<\/a> del OBSERVATORIO.&nbsp;<\/p>\n\n\n\n<p>Necesitamos tu Colaboraci\u00f3n:&nbsp;<a rel=\"noreferrer noopener\" target=\"_blank\" href=\"https:\/\/buff.ly\/2HKsYD1\">https:\/\/buff.ly\/2HKsYD1<\/a><\/p>\n\n\n\n<p><a rel=\"noreferrer noopener\" target=\"_blank\" href=\"https:\/\/www.facebook.com\/JonatanEBaldiviezo\">www.facebook.com\/JonatanEBaldiviezo<\/a><\/p>\n\n\n\n<p>Twitter: @jonatanbaldivie<\/p>\n\n\n\n<p>(011) 3266-7008<\/p>\n\n\n\n<p><strong>OBSERVATORIO DEL DERECHO A LA CIUDAD (ODC)<\/strong><\/p>\n\n\n\n<p><a rel=\"noreferrer noopener\" target=\"_blank\" href=\"mailto:observatorioderechoalaciudad@gmail.com\">observatorioderechoalaciudad@gmail.com<\/a>&nbsp;<\/p>\n\n\n\n<p><a rel=\"noreferrer noopener\" target=\"_blank\" href=\"http:\/\/www.observatoriociudad.org\/\">http:\/\/www.observatoriociudad.org\/<\/a><\/p>\n\n\n\n<p>? Telegram:&nbsp;<a rel=\"noreferrer noopener\" target=\"_blank\" href=\"https:\/\/t.me\/ObservatorioDerechoalaCiudad\">https:\/\/t.me\/ObservatorioDerechoalaCiudad<\/a><\/p>\n\n\n\n<p>? Facebook:&nbsp;<a rel=\"noreferrer noopener\" target=\"_blank\" href=\"http:\/\/www.facebook.com\/ObservatorioDerechoalaCiudad\/\">www.facebook.com\/ObservatorioDerechoalaCiudad\/<\/a><\/p>\n\n\n\n<p>? Twitter:&nbsp;<a rel=\"noreferrer noopener\" target=\"_blank\" href=\"https:\/\/twitter.com\/observatorioODC\">https:\/\/twitter.com\/observatorioODC<\/a><\/p>\n\n\n\n<p>? Instagram:&nbsp;<a rel=\"noreferrer noopener\" target=\"_blank\" href=\"https:\/\/www.instagram.com\/observatoriociudad\/\">https:\/\/www.instagram.com\/observatoriociudad\/&nbsp;<\/a>&nbsp;<\/p>\n\n\n\n<p><strong>COORDINADORA \u00abLA CIUDAD SOMOS QUIENES LA HABITAMOS\u00bb<\/strong><\/p>\n\n\n\n<p>? Telegram: <a rel=\"noreferrer noopener\" target=\"_blank\" href=\"https:\/\/t.me\/ObservatorioDerechoalaCiudad\">https:\/\/t.me\/ObservatorioDerechoalaCiudad<\/a><\/p>\n\n\n\n<p>? Facebook: <a rel=\"noreferrer noopener\" target=\"_blank\" href=\"https:\/\/www.facebook.com\/CoordinadoraCiudad\">https:\/\/www.facebook.com\/CoordinadoraCiudad<\/a><\/p>\n\n\n\n<p>? Twitter: <a rel=\"noreferrer noopener\" target=\"_blank\" href=\"https:\/\/twitter.com\/coordixpuaCABA\">https:\/\/twitter.com\/coordixpuaCABA<\/a><\/p>\n\n\n\n<p>? Instagram: <a rel=\"noreferrer noopener\" target=\"_blank\" href=\"https:\/\/www.instagram.com\/coordinadorapua\/\">https:\/\/www.instagram.com\/coordinadorapua\/<\/a><\/p>\n\n\n\n<p>?\ufe0f *Youtube*: <a rel=\"noreferrer noopener\" target=\"_blank\" href=\"http:\/\/www.youtube.com\/c\/ObservatoriodelDerechoalaCiudad\">http:\/\/www.youtube.com\/c\/ObservatoriodelDerechoalaCiudad<\/a><\/p>\n\n\n\n<p><strong>\u00abASOCIACI\u00d3N POR LA JUSTICIA AMBIENTAL (AJAM)\u00bb<\/strong><\/p>\n\n\n\n<p><a rel=\"noreferrer noopener\" target=\"_blank\" href=\"mailto:justiciaambientalarg@gmail.com\">justiciaambientalarg@gmail.com<\/a><\/p>\n\n\n\n<p><a rel=\"noreferrer noopener\" target=\"_blank\" href=\"http:\/\/www.facebook.com\/AsociacionPorLaJusticiaAmbiental\/\">www.facebook.com\/AsociacionPorLaJusticiaAmbiental\/<\/a>&nbsp;<\/p>\n","protected":false},"excerpt":{"rendered":"<p>Resumen: \u201cEste nuevo acuerdo es el resultado de que el Ejecutivo no avanz\u00f3 local ni internacionalmente con la denuncia de nulidad del cr\u00e9dito Macri-FMI, pese a tener a su favor la ley y la raz\u00f3n. La negociaci\u00f3n termina siendo apenas un default diferido y no una soluci\u00f3n al endeudamiento\u201d. Hoy, 28 de enero, el presidente&hellip;<\/p>\n","protected":false},"author":1,"featured_media":111063,"comment_status":"open","ping_status":"open","sticky":false,"template":"","format":"standard","meta":{"footnotes":""},"categories":[9,21,13],"tags":[926,3009,2450,22023,36424,6925,15012,884],"class_list":["post-111062","post","type-post","status-publish","format-standard","has-post-thumbnail","hentry","category-economia","category-opinion","category-politica","tag-acuerdo","tag-claudio-lozano","tag-diario-el-sindical","tag-economia","tag-eff","tag-fmi","tag-jonatan-baldiviezo","tag-macrismo"],"_links":{"self":[{"href":"https:\/\/www.elsindical.com.ar\/notas\/wp-json\/wp\/v2\/posts\/111062","targetHints":{"allow":["GET"]}}],"collection":[{"href":"https:\/\/www.elsindical.com.ar\/notas\/wp-json\/wp\/v2\/posts"}],"about":[{"href":"https:\/\/www.elsindical.com.ar\/notas\/wp-json\/wp\/v2\/types\/post"}],"author":[{"embeddable":true,"href":"https:\/\/www.elsindical.com.ar\/notas\/wp-json\/wp\/v2\/users\/1"}],"replies":[{"embeddable":true,"href":"https:\/\/www.elsindical.com.ar\/notas\/wp-json\/wp\/v2\/comments?post=111062"}],"version-history":[{"count":1,"href":"https:\/\/www.elsindical.com.ar\/notas\/wp-json\/wp\/v2\/posts\/111062\/revisions"}],"predecessor-version":[{"id":111064,"href":"https:\/\/www.elsindical.com.ar\/notas\/wp-json\/wp\/v2\/posts\/111062\/revisions\/111064"}],"wp:featuredmedia":[{"embeddable":true,"href":"https:\/\/www.elsindical.com.ar\/notas\/wp-json\/wp\/v2\/media\/111063"}],"wp:attachment":[{"href":"https:\/\/www.elsindical.com.ar\/notas\/wp-json\/wp\/v2\/media?parent=111062"}],"wp:term":[{"taxonomy":"category","embeddable":true,"href":"https:\/\/www.elsindical.com.ar\/notas\/wp-json\/wp\/v2\/categories?post=111062"},{"taxonomy":"post_tag","embeddable":true,"href":"https:\/\/www.elsindical.com.ar\/notas\/wp-json\/wp\/v2\/tags?post=111062"}],"curies":[{"name":"wp","href":"https:\/\/api.w.org\/{rel}","templated":true}]}}