{"id":111057,"date":"2022-01-29T10:37:40","date_gmt":"2022-01-29T13:37:40","guid":{"rendered":"https:\/\/www.elsindical.com.ar\/notas\/?p=111057"},"modified":"2022-01-29T10:37:41","modified_gmt":"2022-01-29T13:37:41","slug":"fallecio-la-joven-baleada-en-un-robo-en-ingeniero-budge","status":"publish","type":"post","link":"https:\/\/www.elsindical.com.ar\/notas\/fallecio-la-joven-baleada-en-un-robo-en-ingeniero-budge\/","title":{"rendered":"Falleci\u00f3 la joven baleada en un robo en Ingeniero Budge"},"content":{"rendered":"\n<div class=\"wp-block-image\"><figure class=\"aligncenter size-full\"><a href=\"https:\/\/www.elsindical.com.ar\/notas\/var\/www\/html\/notas\/wp-content\/uploads\/2022\/01\/Hospital-Alberto-Ballestrini.jpg\"><img loading=\"lazy\" decoding=\"async\" width=\"950\" height=\"533\" src=\"https:\/\/www.elsindical.com.ar\/notas\/var\/www\/html\/notas\/wp-content\/uploads\/2022\/01\/Hospital-Alberto-Ballestrini.jpg\" alt=\"\" class=\"wp-image-111058\" srcset=\"https:\/\/www.elsindical.com.ar\/notas\/var\/www\/html\/notas\/wp-content\/uploads\/2022\/01\/Hospital-Alberto-Ballestrini.jpg 950w, https:\/\/www.elsindical.com.ar\/notas\/var\/www\/html\/notas\/wp-content\/uploads\/2022\/01\/Hospital-Alberto-Ballestrini-300x168.jpg 300w, https:\/\/www.elsindical.com.ar\/notas\/var\/www\/html\/notas\/wp-content\/uploads\/2022\/01\/Hospital-Alberto-Ballestrini-768x431.jpg 768w, https:\/\/www.elsindical.com.ar\/notas\/var\/www\/html\/notas\/wp-content\/uploads\/2022\/01\/Hospital-Alberto-Ballestrini-500x281.jpg 500w\" sizes=\"auto, (max-width: 950px) 100vw, 950px\" \/><\/a><\/figure><\/div>\n\n\n\n<p>Una joven de 24 a\u00f1os que hab\u00eda sido baleada en el t\u00f3rax cuando delincuentes la asaltaron al salir de su casa, en Ingeniero Budge, muri\u00f3 este jueves &nbsp;en un hospital de La Matanza, informaron fuentes de la investigaci\u00f3n.<\/p>\n\n\n\n<p>El hecho ocurri\u00f3 el s\u00e1bado \u00faltimo en el cruce de avenida de La Noria y Ra\u00fal Llobera, en el barrio Olimpo, en Ingeniero Budge.<\/p>\n\n\n\n<p>Fuentes de la investigaci\u00f3n informaron que todo comenz\u00f3 cuando una joven, identificada como Maril\u00e9n Morales Cossio, sali\u00f3 de su vivienda y fue sorprendida por dos delincuentes armados con fines de robo.<\/p>\n\n\n\n<p>La v\u00edctima se resisti\u00f3 y uno de los asaltantes efectu\u00f3 un disparo que le ingres\u00f3 por la espalda, a la altura de la cintura, tras lo cual cay\u00f3 al piso gravemente herida. Los delincuentes se llevaron una camioneta Kangoo, de la familia de la v\u00edctima<\/p>\n\n\n\n<p>Los delincuentes huyeron a la carrera, mientras Morales Cossio fue trasladada al hospital Balestrini de Ciudad Evita, donde fue operada y permaneci\u00f3 internada cuatro d\u00edas hasta que el jueves a la noche falleci\u00f3 como consecuencia de las lesiones sufridas.<\/p>\n\n\n\n<p>Efectivos de la comisar\u00eda 10ma. de Ingeniero Budge procuraban identificar a los agresores a trav\u00e9s de distintas diligencias y medidas probatorias.<\/p>\n\n\n\n<p>La camioneta Kangoo robada, en tanto, fue hallada en otro barrio de Lomas de Zamora el mismo d\u00eda del robo.<\/p>\n\n\n\n<p>Adem\u00e1s, personal de Polic\u00eda Cient\u00edfica realiz\u00f3 las pericias correspondientes y secuestr\u00f3 en la vereda una vaina servida calibre 9 mil\u00edmetros, por lo que sospechan que el arma utilizada fue una pistola.<\/p>\n\n\n\n<p>El crimen es investigado por el fiscal Marcelo Dom\u00ednguez, a cargo de la Unidad Funcional de Instrucci\u00f3n (UFI) 5 del Departamento Judicial Lomas de Zamora, en una causa caratulada como \u201chomicidio en ocasi\u00f3n de robo\u201d.<\/p>\n\n\n\n<div class=\"wp-block-image\"><figure class=\"aligncenter size-full\"><a href=\"https:\/\/www.elsindical.com.ar\/notas\/var\/www\/html\/notas\/wp-content\/uploads\/2022\/01\/Marilen-Morales-Cossio.jpeg\"><img loading=\"lazy\" decoding=\"async\" width=\"640\" height=\"449\" src=\"https:\/\/www.elsindical.com.ar\/notas\/var\/www\/html\/notas\/wp-content\/uploads\/2022\/01\/Marilen-Morales-Cossio.jpeg\" alt=\"\" class=\"wp-image-111059\" srcset=\"https:\/\/www.elsindical.com.ar\/notas\/var\/www\/html\/notas\/wp-content\/uploads\/2022\/01\/Marilen-Morales-Cossio.jpeg 640w, https:\/\/www.elsindical.com.ar\/notas\/var\/www\/html\/notas\/wp-content\/uploads\/2022\/01\/Marilen-Morales-Cossio-300x210.jpeg 300w, https:\/\/www.elsindical.com.ar\/notas\/var\/www\/html\/notas\/wp-content\/uploads\/2022\/01\/Marilen-Morales-Cossio-428x300.jpeg 428w\" sizes=\"auto, (max-width: 640px) 100vw, 640px\" \/><\/a><\/figure><\/div>\n","protected":false},"excerpt":{"rendered":"<p>Una joven de 24 a\u00f1os que hab\u00eda sido baleada en el t\u00f3rax cuando delincuentes la asaltaron al salir de su casa, en Ingeniero Budge, muri\u00f3 este jueves &nbsp;en un hospital de La Matanza, informaron fuentes de la investigaci\u00f3n. El hecho ocurri\u00f3 el s\u00e1bado \u00faltimo en el cruce de avenida de La Noria y Ra\u00fal Llobera,&hellip;<\/p>\n","protected":false},"author":1,"featured_media":111058,"comment_status":"open","ping_status":"open","sticky":false,"template":"","format":"standard","meta":{"footnotes":""},"categories":[22],"tags":[2450,36423,746,1401,744,36422,116],"class_list":["post-111057","post","type-post","status-publish","format-standard","has-post-thumbnail","hentry","category-policiales","tag-diario-el-sindical","tag-hospital-ballestrini","tag-ingeniero-budge","tag-la-matanza","tag-lomas-de-zamora","tag-marilen-morales-cossio","tag-robo"],"_links":{"self":[{"href":"https:\/\/www.elsindical.com.ar\/notas\/wp-json\/wp\/v2\/posts\/111057","targetHints":{"allow":["GET"]}}],"collection":[{"href":"https:\/\/www.elsindical.com.ar\/notas\/wp-json\/wp\/v2\/posts"}],"about":[{"href":"https:\/\/www.elsindical.com.ar\/notas\/wp-json\/wp\/v2\/types\/post"}],"author":[{"embeddable":true,"href":"https:\/\/www.elsindical.com.ar\/notas\/wp-json\/wp\/v2\/users\/1"}],"replies":[{"embeddable":true,"href":"https:\/\/www.elsindical.com.ar\/notas\/wp-json\/wp\/v2\/comments?post=111057"}],"version-history":[{"count":1,"href":"https:\/\/www.elsindical.com.ar\/notas\/wp-json\/wp\/v2\/posts\/111057\/revisions"}],"predecessor-version":[{"id":111060,"href":"https:\/\/www.elsindical.com.ar\/notas\/wp-json\/wp\/v2\/posts\/111057\/revisions\/111060"}],"wp:featuredmedia":[{"embeddable":true,"href":"https:\/\/www.elsindical.com.ar\/notas\/wp-json\/wp\/v2\/media\/111058"}],"wp:attachment":[{"href":"https:\/\/www.elsindical.com.ar\/notas\/wp-json\/wp\/v2\/media?parent=111057"}],"wp:term":[{"taxonomy":"category","embeddable":true,"href":"https:\/\/www.elsindical.com.ar\/notas\/wp-json\/wp\/v2\/categories?post=111057"},{"taxonomy":"post_tag","embeddable":true,"href":"https:\/\/www.elsindical.com.ar\/notas\/wp-json\/wp\/v2\/tags?post=111057"}],"curies":[{"name":"wp","href":"https:\/\/api.w.org\/{rel}","templated":true}]}}