{"id":111055,"date":"2022-01-29T10:29:32","date_gmt":"2022-01-29T13:29:32","guid":{"rendered":"https:\/\/www.elsindical.com.ar\/notas\/?p=111055"},"modified":"2022-01-29T10:29:33","modified_gmt":"2022-01-29T13:29:33","slug":"la-policia-de-la-ciudad-hallo-a-la-mujer-y-su-hija-perdidas-en-lomas-de-zamora","status":"publish","type":"post","link":"https:\/\/www.elsindical.com.ar\/notas\/la-policia-de-la-ciudad-hallo-a-la-mujer-y-su-hija-perdidas-en-lomas-de-zamora\/","title":{"rendered":"La Polic\u00eda de la Ciudad hall\u00f3 a la mujer y su hija perdidas en Lomas de Zamora"},"content":{"rendered":"\n<div class=\"wp-block-image\"><figure class=\"aligncenter size-full\"><a href=\"https:\/\/www.elsindical.com.ar\/notas\/var\/www\/html\/notas\/wp-content\/uploads\/2022\/01\/Lucila-Daiana-Baez.png\"><img loading=\"lazy\" decoding=\"async\" width=\"616\" height=\"395\" src=\"https:\/\/www.elsindical.com.ar\/notas\/var\/www\/html\/notas\/wp-content\/uploads\/2022\/01\/Lucila-Daiana-Baez.png\" alt=\"\" class=\"wp-image-110579\" srcset=\"https:\/\/www.elsindical.com.ar\/notas\/var\/www\/html\/notas\/wp-content\/uploads\/2022\/01\/Lucila-Daiana-Baez.png 616w, https:\/\/www.elsindical.com.ar\/notas\/var\/www\/html\/notas\/wp-content\/uploads\/2022\/01\/Lucila-Daiana-Baez-300x192.png 300w, https:\/\/www.elsindical.com.ar\/notas\/var\/www\/html\/notas\/wp-content\/uploads\/2022\/01\/Lucila-Daiana-Baez-468x300.png 468w\" sizes=\"auto, (max-width: 616px) 100vw, 616px\" \/><\/a><\/figure><\/div>\n\n\n\n<p>La Polic\u00eda de la Ciudad encontr\u00f3 este viernes por la tarde en el microcentro porte\u00f1o a una mujer y su hija de 8 a\u00f1os que eran buscadas desde el 3 de enero \u00faltimo cuando se fueron de su vivienda en Temperley, partido de Lomas de Zamora. Ambas est\u00e1n en buen estado de salud.<\/p>\n\n\n\n<p>Todo ocurri\u00f3 a las 18 &nbsp;cuando efectivos de la Divisi\u00f3n Avenidas C\u00e9ntricas reconocieron en el cruce de la avenida Corrientes y Reconquista, en el microcentro, a la mujer de 27 a\u00f1os y su ni\u00f1a, de 8, quienes eran intensamente buscadas por la red social Facebook.<\/p>\n\n\n\n<p>Ante esta situaci\u00f3n, se dio r\u00e1pidamente aviso a la Comisar\u00eda Lomas de Zamora 3ra. Temperley, y momentos despu\u00e9s se hizo presente en el lugar personal de la Polic\u00eda Bonaerense junto con el padre de la mujer, y abuelo de la ni\u00f1a, quien explic\u00f3 que ambas sufren un retraso madurativo.<\/p>\n\n\n\n<p>Tras una discusi\u00f3n con su pareja, Lucila B\u00e1ez se hab\u00eda ido &nbsp;con su hija el pasado 3 de enero, de su casa ubicada en la calle Perito Moreno, en Temperley. Desde ese momento, nada se sab\u00eda de ella.<\/p>\n\n\n\n<p>La mujer tiene un retraso madurativo y en otras oportunidades se hab\u00eda ausentado de su hogar, por lo que la situaci\u00f3n preocupaba a los familiares y la polic\u00eda que la buscaron intensamente.<\/p>\n\n\n\n<p>Intervino en la causa la Unidad Funcional de Instrucci\u00f3n 16,&nbsp; a cargo de la fiscal Marcela Juan, perteneciente al Departamento Judicial de Lomas de Zamora.<\/p>\n","protected":false},"excerpt":{"rendered":"<p>La Polic\u00eda de la Ciudad encontr\u00f3 este viernes por la tarde en el microcentro porte\u00f1o a una mujer y su hija de 8 a\u00f1os que eran buscadas desde el 3 de enero \u00faltimo cuando se fueron de su vivienda en Temperley, partido de Lomas de Zamora. Ambas est\u00e1n en buen estado de salud. Todo ocurri\u00f3&hellip;<\/p>\n","protected":false},"author":1,"featured_media":110579,"comment_status":"open","ping_status":"open","sticky":false,"template":"","format":"standard","meta":{"footnotes":""},"categories":[1],"tags":[4284,2450,744,36374,749,24537],"class_list":["post-111055","post","type-post","status-publish","format-standard","has-post-thumbnail","hentry","category-destacadas","tag-caba","tag-diario-el-sindical","tag-lomas-de-zamora","tag-lucila-baez","tag-policia-bonaerense","tag-policia-de-la-ciudad"],"_links":{"self":[{"href":"https:\/\/www.elsindical.com.ar\/notas\/wp-json\/wp\/v2\/posts\/111055","targetHints":{"allow":["GET"]}}],"collection":[{"href":"https:\/\/www.elsindical.com.ar\/notas\/wp-json\/wp\/v2\/posts"}],"about":[{"href":"https:\/\/www.elsindical.com.ar\/notas\/wp-json\/wp\/v2\/types\/post"}],"author":[{"embeddable":true,"href":"https:\/\/www.elsindical.com.ar\/notas\/wp-json\/wp\/v2\/users\/1"}],"replies":[{"embeddable":true,"href":"https:\/\/www.elsindical.com.ar\/notas\/wp-json\/wp\/v2\/comments?post=111055"}],"version-history":[{"count":1,"href":"https:\/\/www.elsindical.com.ar\/notas\/wp-json\/wp\/v2\/posts\/111055\/revisions"}],"predecessor-version":[{"id":111056,"href":"https:\/\/www.elsindical.com.ar\/notas\/wp-json\/wp\/v2\/posts\/111055\/revisions\/111056"}],"wp:featuredmedia":[{"embeddable":true,"href":"https:\/\/www.elsindical.com.ar\/notas\/wp-json\/wp\/v2\/media\/110579"}],"wp:attachment":[{"href":"https:\/\/www.elsindical.com.ar\/notas\/wp-json\/wp\/v2\/media?parent=111055"}],"wp:term":[{"taxonomy":"category","embeddable":true,"href":"https:\/\/www.elsindical.com.ar\/notas\/wp-json\/wp\/v2\/categories?post=111055"},{"taxonomy":"post_tag","embeddable":true,"href":"https:\/\/www.elsindical.com.ar\/notas\/wp-json\/wp\/v2\/tags?post=111055"}],"curies":[{"name":"wp","href":"https:\/\/api.w.org\/{rel}","templated":true}]}}