{"id":111023,"date":"2022-01-27T12:00:53","date_gmt":"2022-01-27T15:00:53","guid":{"rendered":"https:\/\/www.elsindical.com.ar\/notas\/?p=111023"},"modified":"2022-01-27T12:00:54","modified_gmt":"2022-01-27T15:00:54","slug":"lomas-de-zamora-rechazaron-la-excarcelacion-de-la-mujer-acusada-de-matar-a-su-nieta-en-ingeniero-budge","status":"publish","type":"post","link":"https:\/\/www.elsindical.com.ar\/notas\/lomas-de-zamora-rechazaron-la-excarcelacion-de-la-mujer-acusada-de-matar-a-su-nieta-en-ingeniero-budge\/","title":{"rendered":"Lomas de Zamora: Rechazaron la excarcelaci\u00f3n de la mujer acusada de matar a su nieta en Ingeniero Budge"},"content":{"rendered":"\n<figure class=\"wp-block-image size-large\"><a href=\"https:\/\/www.elsindical.com.ar\/notas\/var\/www\/html\/notas\/wp-content\/uploads\/2022\/01\/Bettina-Paola-Fabbro.jpeg\"><img loading=\"lazy\" decoding=\"async\" width=\"1024\" height=\"672\" src=\"https:\/\/www.elsindical.com.ar\/notas\/var\/www\/html\/notas\/wp-content\/uploads\/2022\/01\/Bettina-Paola-Fabbro-1024x672.jpeg\" alt=\"\" class=\"wp-image-111024\" srcset=\"https:\/\/www.elsindical.com.ar\/notas\/var\/www\/html\/notas\/wp-content\/uploads\/2022\/01\/Bettina-Paola-Fabbro-1024x672.jpeg 1024w, https:\/\/www.elsindical.com.ar\/notas\/var\/www\/html\/notas\/wp-content\/uploads\/2022\/01\/Bettina-Paola-Fabbro-300x197.jpeg 300w, https:\/\/www.elsindical.com.ar\/notas\/var\/www\/html\/notas\/wp-content\/uploads\/2022\/01\/Bettina-Paola-Fabbro-768x504.jpeg 768w, https:\/\/www.elsindical.com.ar\/notas\/var\/www\/html\/notas\/wp-content\/uploads\/2022\/01\/Bettina-Paola-Fabbro-457x300.jpeg 457w, https:\/\/www.elsindical.com.ar\/notas\/var\/www\/html\/notas\/wp-content\/uploads\/2022\/01\/Bettina-Paola-Fabbro-1536x1008.jpeg 1536w, https:\/\/www.elsindical.com.ar\/notas\/var\/www\/html\/notas\/wp-content\/uploads\/2022\/01\/Bettina-Paola-Fabbro.jpeg 1600w\" sizes=\"auto, (max-width: 1024px) 100vw, 1024px\" \/><\/a><\/figure>\n\n\n\n<p class=\"wp-block-paragraph\">El juez de Garant\u00edas 8 de Lomas de Zamora, Gabriel Vitale, deneg\u00f3 la excarcelaci\u00f3n de la mujer de 51 a\u00f1os acusada asfixiar y matar a su nieta de 4 meses, en un hecho ocurrido el pasado 15 de este mes, en una vivienda de Ingeniero Budge.<\/p>\n\n\n\n<p class=\"wp-block-paragraph\">Fuentes judiciales informaron que el magistrado rechaz\u00f3 el planteo de la defensa de Bettina Paola Fabbro, de 51 a\u00f1os, imputada por el homicidio de su nieta.<\/p>\n\n\n\n<p class=\"wp-block-paragraph\"><strong>La mujer continuar\u00e1 detenida y todo indica que el mes pr\u00f3ximo la fiscal del caso, Marcela Juan, de la UFI 16 de Lomas de Zamora, pedir\u00e1 la prisi\u00f3n preventiva de la mujer y la elevaci\u00f3n a juicio de la causa.<\/strong><\/p>\n\n\n\n<p class=\"wp-block-paragraph\">Por otro lado, el juez habilit\u00f3 a la apertura del tel\u00e9fono de Fabbro. Esto permitir\u00e1 saber si la mujer cont\u00f3 con alguna colaboraci\u00f3n o le revel\u00f3 a alguien lo que iba a hacer con su nieta.<\/p>\n\n\n\n<p class=\"wp-block-paragraph\">Las mismas fuentes indicaron que la madre de la v\u00edctima, de 17 a\u00f1os, se encuentra con una medida de abrigo, ya que es madre de otra ni\u00f1a de 1 a\u00f1o y medio, luego de estar alojada en un centro de menores, en La Plata.<\/p>\n\n\n\n<p class=\"wp-block-paragraph\">La adolescente se encuentra imputada de abandono de persona. Si bien est\u00e1 descartada su participaci\u00f3n en el homicidio, se determin\u00f3 que la v\u00edctima estaba en estado de desnutrici\u00f3n y que la madre no le brindaba ning\u00fan tipo de asistencia.<\/p>\n\n\n\n<p class=\"wp-block-paragraph\">En la Justicia Penal Juvenil, la adolescente deber\u00e1 enfrentar un juicio oral por abandono de persona, que se har\u00e1 paralelamente al proceso que se le sigue a Fabbro.<\/p>\n\n\n\n<p class=\"wp-block-paragraph\"><strong>El hecho<\/strong><\/p>\n\n\n\n<p class=\"wp-block-paragraph\">Todo ocurri\u00f3 el s\u00e1bado 15 de este mes \u00faltimo alrededor de las 7 de la ma\u00f1ana cuando Bettina Fabbro acudi\u00f3 a la casa de una vecina, en Guamin\u00ed, entre Necol y Campana.<\/p>\n\n\n\n<p class=\"wp-block-paragraph\">Seg\u00fan se estableci\u00f3, le pidi\u00f3 si le pod\u00eda dejar al cuidado a su nieta de un a\u00f1o y medio ya que la de 4 meses se le \u201chab\u00eda ahogado\u201d. La vecina la ayud\u00f3 con la peque\u00f1a pero luego se determin\u00f3 que ingres\u00f3 con la v\u00edctima a la Unidad Sanitaria Finocchieto, en Budge, reci\u00e9n a las 10, es decir tres horas m\u00e1s tarde.<\/p>\n\n\n\n<p class=\"wp-block-paragraph\">La beba ten\u00eda golpes en el cuerpo, particularmente uno en la cara y otro en el cuello, que alertaron a los investigadores. \u201cLas primeras explicaciones de la mujer fueron confusas y contradictorias\u201d, revelaron.<\/p>\n\n\n\n<p class=\"wp-block-paragraph\">Luego, se estableci\u00f3 que la mujer de 51 a\u00f1os viv\u00eda con su hija \u2013 madre de las dos ni\u00f1as y de un a\u00f1o y medio y cuatro meses \u2013 en la vivienda de Budge. La menor tiene 17 a\u00f1os y no estaba en la casa cuando ocurrieron los hechos.<\/p>\n\n\n\n<p class=\"wp-block-paragraph\">\u201cTodos los testigos coincidieron en se\u00f1alar que las dos criaturas lloraban todo el d\u00eda y que la madre y la abuela las dejaban encerradas en la peque\u00f1a casa en la que viv\u00edan\u201d, informaron fuentes del caso.<\/p>\n\n\n\n<p class=\"wp-block-paragraph\">Los m\u00e9dicos en principio determinaron que los golpes de la beba de 4 meses son compatibles con maltratos, no con accidentes caseros. Luego, la autopsia determin\u00f3 que Ana hab\u00eda sido asesinada por alguien que la asfixi\u00f3 con la mano.<\/p>\n\n\n\n<p class=\"wp-block-paragraph\">A partir de estos&nbsp; elementos, la fiscal Marcela Juan, de la UFI 16 de Lomas de Zamora, dispuso la detenci\u00f3n de la abuela de v\u00edctima y la imput\u00f3 por \u201chomicidio agravado\u201d. En tanto, dio intervenci\u00f3n al fuero Penal Juvenil, quien qued\u00f3 acusada de \u201cabandono de persona\u201d.<\/p>\n","protected":false},"excerpt":{"rendered":"<p>El juez de Garant\u00edas 8 de Lomas de Zamora, Gabriel Vitale, deneg\u00f3 la excarcelaci\u00f3n de la mujer de 51 a\u00f1os acusada asfixiar y matar a su nieta de 4 meses, en un hecho ocurrido el pasado 15 de este mes, en una vivienda de Ingeniero Budge. Fuentes judiciales informaron que el magistrado rechaz\u00f3 el planteo&hellip;<\/p>\n","protected":false},"author":1,"featured_media":111024,"comment_status":"open","ping_status":"open","sticky":false,"template":"","format":"standard","meta":{"footnotes":""},"categories":[20],"tags":[36372,1779,746,10529,744],"class_list":["post-111023","post","type-post","status-publish","format-standard","has-post-thumbnail","hentry","category-judiciales","tag-bettina-paola-fabbro","tag-excarcelacion","tag-ingeniero-budge","tag-juez-gabriel-vitale","tag-lomas-de-zamora"],"_links":{"self":[{"href":"https:\/\/www.elsindical.com.ar\/notas\/wp-json\/wp\/v2\/posts\/111023","targetHints":{"allow":["GET"]}}],"collection":[{"href":"https:\/\/www.elsindical.com.ar\/notas\/wp-json\/wp\/v2\/posts"}],"about":[{"href":"https:\/\/www.elsindical.com.ar\/notas\/wp-json\/wp\/v2\/types\/post"}],"author":[{"embeddable":true,"href":"https:\/\/www.elsindical.com.ar\/notas\/wp-json\/wp\/v2\/users\/1"}],"replies":[{"embeddable":true,"href":"https:\/\/www.elsindical.com.ar\/notas\/wp-json\/wp\/v2\/comments?post=111023"}],"version-history":[{"count":1,"href":"https:\/\/www.elsindical.com.ar\/notas\/wp-json\/wp\/v2\/posts\/111023\/revisions"}],"predecessor-version":[{"id":111025,"href":"https:\/\/www.elsindical.com.ar\/notas\/wp-json\/wp\/v2\/posts\/111023\/revisions\/111025"}],"wp:featuredmedia":[{"embeddable":true,"href":"https:\/\/www.elsindical.com.ar\/notas\/wp-json\/wp\/v2\/media\/111024"}],"wp:attachment":[{"href":"https:\/\/www.elsindical.com.ar\/notas\/wp-json\/wp\/v2\/media?parent=111023"}],"wp:term":[{"taxonomy":"category","embeddable":true,"href":"https:\/\/www.elsindical.com.ar\/notas\/wp-json\/wp\/v2\/categories?post=111023"},{"taxonomy":"post_tag","embeddable":true,"href":"https:\/\/www.elsindical.com.ar\/notas\/wp-json\/wp\/v2\/tags?post=111023"}],"curies":[{"name":"wp","href":"https:\/\/api.w.org\/{rel}","templated":true}]}}