{"id":110979,"date":"2022-01-25T09:07:03","date_gmt":"2022-01-25T12:07:03","guid":{"rendered":"https:\/\/www.elsindical.com.ar\/notas\/?p=110979"},"modified":"2022-01-25T09:07:05","modified_gmt":"2022-01-25T12:07:05","slug":"avellaneda-ola-de-robos-en-el-barrio-el-pueblito-de-gerli","status":"publish","type":"post","link":"https:\/\/www.elsindical.com.ar\/notas\/avellaneda-ola-de-robos-en-el-barrio-el-pueblito-de-gerli\/","title":{"rendered":"Avellaneda: Ola de robos en el barrio El Pueblito de Gerli"},"content":{"rendered":"\n<figure class=\"wp-block-image size-full\"><a href=\"https:\/\/www.elsindical.com.ar\/notas\/var\/www\/html\/notas\/wp-content\/uploads\/2022\/01\/robo-a-Petra-en-Gerli.jpg\"><img loading=\"lazy\" decoding=\"async\" width=\"886\" height=\"514\" src=\"https:\/\/www.elsindical.com.ar\/notas\/var\/www\/html\/notas\/wp-content\/uploads\/2022\/01\/robo-a-Petra-en-Gerli.jpg\" alt=\"\" class=\"wp-image-110980\" srcset=\"https:\/\/www.elsindical.com.ar\/notas\/var\/www\/html\/notas\/wp-content\/uploads\/2022\/01\/robo-a-Petra-en-Gerli.jpg 886w, https:\/\/www.elsindical.com.ar\/notas\/var\/www\/html\/notas\/wp-content\/uploads\/2022\/01\/robo-a-Petra-en-Gerli-300x174.jpg 300w, https:\/\/www.elsindical.com.ar\/notas\/var\/www\/html\/notas\/wp-content\/uploads\/2022\/01\/robo-a-Petra-en-Gerli-768x446.jpg 768w, https:\/\/www.elsindical.com.ar\/notas\/var\/www\/html\/notas\/wp-content\/uploads\/2022\/01\/robo-a-Petra-en-Gerli-500x290.jpg 500w\" sizes=\"auto, (max-width: 886px) 100vw, 886px\" \/><\/a><\/figure>\n\n\n\n<p class=\"wp-block-paragraph\">   Una comerciante de un peque\u00f1o bar en el barrio El Pueblito de Gerli, partido de Avellaneda, fue entrevistada por los medios televisivos al tener que poner en fuga a dos delincuentes que armados intentaron robarle la recaudaci\u00f3n a punta de pistola, pero la mujer se defendi\u00f3 con una cuchilla de grandes dimensiones.<\/p>\n\n\n\n<p class=\"wp-block-paragraph\">Petra cont\u00f3 que en una semana este es el segundo intento de robo que sufre en su local y en conversaci\u00f3n con los medios relata que la zona parece estar liberada a los delincuentes, la mayor\u00eda de los robos son cometidos por motochorros.<\/p>\n\n\n\n<p class=\"wp-block-paragraph\">No es la primera vez que la zona es noticia en los grandes medios ya que han ocurrido hechos graves de robos con muertes de v\u00edctimas.<\/p>\n\n\n\n<p class=\"wp-block-paragraph\">La gesti\u00f3n que encabeza hoy Alejo Chornobroff es de las peores en materia de seguridad para los vecinos de Avellaneda, donde se premia a los funcionarios in\u00fatiles como Marcelo Rey que pas\u00f3 de director, a subsecretario y en el 2021 qued\u00f3 a cargo de la secretar\u00eda de seguridad como secretario a pesar de no tener ning\u00fan m\u00e9rito o capacidad para el cargo.<\/p>\n","protected":false},"excerpt":{"rendered":"<p>Una comerciante de un peque\u00f1o bar en el barrio El Pueblito de Gerli, partido de Avellaneda, fue entrevistada por los medios televisivos al tener que poner en fuga a dos delincuentes que armados intentaron robarle la recaudaci\u00f3n a punta de pistola, pero la mujer se defendi\u00f3 con una cuchilla de grandes dimensiones. Petra cont\u00f3 que&hellip;<\/p>\n","protected":false},"author":1,"featured_media":110980,"comment_status":"open","ping_status":"open","sticky":false,"template":"","format":"standard","meta":{"footnotes":""},"categories":[22],"tags":[30014,461,2450,21975,1662,984,21958,1174],"class_list":["post-110979","post","type-post","status-publish","format-standard","has-post-thumbnail","hentry","category-policiales","tag-alejo-chornobroff","tag-avellaneda","tag-diario-el-sindical","tag-el-pueblito","tag-gerli","tag-inseguridad","tag-marcelo-rey","tag-robos"],"_links":{"self":[{"href":"https:\/\/www.elsindical.com.ar\/notas\/wp-json\/wp\/v2\/posts\/110979","targetHints":{"allow":["GET"]}}],"collection":[{"href":"https:\/\/www.elsindical.com.ar\/notas\/wp-json\/wp\/v2\/posts"}],"about":[{"href":"https:\/\/www.elsindical.com.ar\/notas\/wp-json\/wp\/v2\/types\/post"}],"author":[{"embeddable":true,"href":"https:\/\/www.elsindical.com.ar\/notas\/wp-json\/wp\/v2\/users\/1"}],"replies":[{"embeddable":true,"href":"https:\/\/www.elsindical.com.ar\/notas\/wp-json\/wp\/v2\/comments?post=110979"}],"version-history":[{"count":1,"href":"https:\/\/www.elsindical.com.ar\/notas\/wp-json\/wp\/v2\/posts\/110979\/revisions"}],"predecessor-version":[{"id":110981,"href":"https:\/\/www.elsindical.com.ar\/notas\/wp-json\/wp\/v2\/posts\/110979\/revisions\/110981"}],"wp:featuredmedia":[{"embeddable":true,"href":"https:\/\/www.elsindical.com.ar\/notas\/wp-json\/wp\/v2\/media\/110980"}],"wp:attachment":[{"href":"https:\/\/www.elsindical.com.ar\/notas\/wp-json\/wp\/v2\/media?parent=110979"}],"wp:term":[{"taxonomy":"category","embeddable":true,"href":"https:\/\/www.elsindical.com.ar\/notas\/wp-json\/wp\/v2\/categories?post=110979"},{"taxonomy":"post_tag","embeddable":true,"href":"https:\/\/www.elsindical.com.ar\/notas\/wp-json\/wp\/v2\/tags?post=110979"}],"curies":[{"name":"wp","href":"https:\/\/api.w.org\/{rel}","templated":true}]}}