{"id":110968,"date":"2022-01-24T14:28:02","date_gmt":"2022-01-24T17:28:02","guid":{"rendered":"https:\/\/www.elsindical.com.ar\/notas\/?p=110968"},"modified":"2022-01-24T14:28:03","modified_gmt":"2022-01-24T17:28:03","slug":"anibal-falivene-es-o-se-hace","status":"publish","type":"post","link":"https:\/\/www.elsindical.com.ar\/notas\/anibal-falivene-es-o-se-hace\/","title":{"rendered":"An\u00edbal Falivene, \u00bfes o se hace?"},"content":{"rendered":"\n<div class=\"wp-block-image\"><figure class=\"aligncenter size-full is-resized\"><a href=\"https:\/\/www.elsindical.com.ar\/notas\/var\/www\/html\/notas\/wp-content\/uploads\/2022\/01\/Anibal-Falivene.jpg\"><img loading=\"lazy\" decoding=\"async\" src=\"https:\/\/www.elsindical.com.ar\/notas\/var\/www\/html\/notas\/wp-content\/uploads\/2022\/01\/Anibal-Falivene.jpg\" alt=\"\" class=\"wp-image-110969\" width=\"485\" height=\"485\" srcset=\"https:\/\/www.elsindical.com.ar\/notas\/var\/www\/html\/notas\/wp-content\/uploads\/2022\/01\/Anibal-Falivene.jpg 390w, https:\/\/www.elsindical.com.ar\/notas\/var\/www\/html\/notas\/wp-content\/uploads\/2022\/01\/Anibal-Falivene-300x300.jpg 300w, https:\/\/www.elsindical.com.ar\/notas\/var\/www\/html\/notas\/wp-content\/uploads\/2022\/01\/Anibal-Falivene-150x150.jpg 150w, https:\/\/www.elsindical.com.ar\/notas\/var\/www\/html\/notas\/wp-content\/uploads\/2022\/01\/Anibal-Falivene-50x50.jpg 50w\" sizes=\"auto, (max-width: 485px) 100vw, 485px\" \/><\/a><\/figure><\/div>\n\n\n\n<p>   An\u00edbal Germ\u00e1n Falivene, es el actual subsecretario de seguridad del Gobierno de la Ciudad que conduce Horacio Rodr\u00edguez Larreta y segundo de Marcelo D\u00b4Alessandro, pero veamos seg\u00fan la propia p\u00e1gina del gobierno de CABA, cu\u00e1les son las funciones de este funcionario.<\/p>\n\n\n\n<p><strong>Misiones y funciones<\/strong><\/p>\n\n\n\n<p>Coordinar las acciones de planificaci\u00f3n para prevenir e investigar la comisi\u00f3n de il\u00edcitos en base al Mapa del Delito, evaluando la eficiencia y eficacia del despliegue territorial de la Polic\u00eda de la Ciudad, su nivel de respuesta operativa a los llamados de Emergencia 911, as\u00ed como de los recursos investigativos, periciales, tecnol\u00f3gicos y del Sistema de Video Vigilancia, coordinando el intercambio de informaci\u00f3n criminal con los Poderes Constitucionales.<\/p>\n\n\n\n<p><strong>Responsabilidades primarias<\/strong><\/p>\n\n\n\n<ul class=\"wp-block-list\"><li>Coordinar la planificaci\u00f3n estrat\u00e9gica de despliegue territorial de los recursos tecnol\u00f3gicos y policiales del Ministerio de Justicia y Seguridad, el an\u00e1lisis integral, la supervisi\u00f3n de cumplimiento y la evaluaci\u00f3n de los resultados de los recursos policiales y los no policiales destinados a las tareas de seguridad comunal, de investigaci\u00f3n criminal, actividad pericial, video vigilancia, monitoreo de sensores, y despachos policiales por Emergencias 911.<\/li><li>Asesorar en la planificaci\u00f3n de los recursos policiales y no policiales destinados al despliegue territorial en la Ciudad, de las acciones estrat\u00e9gicas espec\u00edficas en las zonas m\u00e1s afectadas por el delito, y de la planificaci\u00f3n de modelos operativos y t\u00e1cticos especiales.<\/li><li>Intervenir en la elaboraci\u00f3n de reglas generales y protocolos de actuaci\u00f3n en actividades de labor policial, investigaci\u00f3n y an\u00e1lisis criminal, producci\u00f3n de prueba pericial, actividades de video vigilancia, y actividades de respuesta a emergencias policiales 911.<\/li><li>Instrumentar a trav\u00e9s de sus dependencias, un mapa del delito de la Ciudad Aut\u00f3noma de Buenos Aires para reflejar la situaci\u00f3n delictiva, a fin de efectuar el an\u00e1lisis estrat\u00e9gico y operacional como insumo para la toma de decisiones y adopci\u00f3n de pol\u00edticas p\u00fablicas y programas espec\u00edficos.<\/li><li>Elaborar la planificaci\u00f3n del sistema de video vigilancia en espacios p\u00fablicos, orientado a la identificaci\u00f3n de autores de delitos evadidos de establecimientos penitenciarios y\/o pr\u00f3fugos de la justicia, as\u00ed como la interconexi\u00f3n con sistemas de video vigilancia instalados en espacios privados de acceso p\u00fablico y en establecimientos privados que capten im\u00e1genes del espacio p\u00fablico.<\/li><li>Entender en las actividades coordinadas con otras fuerzas de seguridad, policiales, penitenciarias y\/u organismos p\u00fablicos en el marco de lo dispuesto por la Ley N\u00ba 24.059 y por la Ley N\u00ba 25.520, sus modificatorias y concordantes.<\/li><li>Colaborar con las \u00e1reas competentes en el intercambio de informaci\u00f3n criminal con representaciones de Estados Extranjeros u organismos internacionales, con el Estado Nacional, Provincias y Municipios, incluyendo a los poderes judiciales y ministerios p\u00fablicos de competencia federal, nacional y\/o local.<\/li><li>Registrar las cooperaciones con recursos policiales, periciales y tecnol\u00f3gicos con los Poderes Constitucionales, solicitadas por las autoridades competentes de los Poderes Judiciales, Ministerios P\u00fablicos Fiscales, y otros organismos de los Poderes Ejecutivos, con la finalidad de su seguimiento y an\u00e1lisis de su cumplimiento e impacto presupuestario.<\/li><\/ul>\n\n\n\n<p><strong>Objetivos<\/strong><\/p>\n\n\n\n<p>Lograr eficiencia y eficacia en las actividades llevadas a cabo por la Polic\u00eda de la Ciudad de Buenos Aires, en el orden preventivo e investigativo, de acuerdo a un m\u00e9todo de gesti\u00f3n fundamentado en el an\u00e1lisis de datos sobre la situaci\u00f3n delictiva, la planificaci\u00f3n estrat\u00e9gica de la pol\u00edtica p\u00fablica de seguridad, y la evaluaci\u00f3n de su cumplimiento y resultados.<\/p>\n\n\n\n<p>Tambi\u00e9n lo presentan de la siguiente forma:<\/p>\n\n\n\n<p><em>Subsecretario de Seguridad Comunal e Investigaci\u00f3n Criminal<\/em><\/p>\n\n\n\n<p>Abogado (UCA), con posgrados en Seguridad P\u00fablica, Criminolog\u00eda, Lavado de Activos y Financiaci\u00f3n del Terrorismo. Fue DG de Informaci\u00f3n y Estad\u00edstica Criminal en el Min. de Justicia y Seguridad. Desde 2018 se desempe\u00f1a como Subsecretario de Seguridad Comunal e Investigaci\u00f3n Criminal de la Ciudad.<\/p>\n\n\n\n<p><strong>La realidad<\/strong><\/p>\n\n\n\n<p>   An\u00edbal Germ\u00e1n Falivene, como se infiere de sus funciones es el principal responsable operativo e institucional del funcionamiento de la Polic\u00eda de la Ciudad, ergo, por los resultados a la fecha del accionar de la Polic\u00eda de la Ciudad no quedan dudas de que su tarea es cumplida de forma regular a mala.<\/p>\n\n\n\n<p>Si tomamos en cuenta la cantidad de efectivos policiales y su porcentaje imputado en delitos graves, estamos frente a una polic\u00eda con serios problemas de corrupci\u00f3n, esto los medios no lo analizan, pero es sencillo de llegar a este punto con solo hacer un ejercicio matem\u00e1tico.<\/p>\n\n\n\n<p>Es sin dudas uno de los pocos funcionarios en el \u00e1rea de seguridad en un gobierno con presencia diaria en redes sociales donde \u00abvende muy bien\u00bb una supuesta gesti\u00f3n exitosa, pero no alcanza con publicar procedimientos a diario porque los mismos son irrelevantes en el 95% de los casos y son habituales en todas las polic\u00edas, casi no hay nada para mostrar relevante y con la \u00faltima rueda de prensa en la Chacarita para la quema de la droga secuestrada en el a\u00f1o 2021, queda en evidencia que quemaron 1\/4 de la droga que circula a diario en CABA, es decir son totalmente ineficientes.<\/p>\n\n\n\n<p>Otro de los puntos donde la gesti\u00f3n de Falivene hace agua es en la prevenci\u00f3n de los delitos, con casi nada de inversi\u00f3n y equipos se puede realizar una importante prevenci\u00f3n de delitos, pero parece que eso no le interesa al subsecretario de seguridad ya que a toda hora las p\u00e1ginas de ventas de las redes sociales se llenan de avisos con ventas de productos ilegales, inhibidores de alarmas, de se\u00f1ales, equipos de radio que se utilizan para el hurto de autos, armas y drogas, ante esta curiosa situaci\u00f3n le escrib\u00ed al correo institucional del funcionario afalivene@buenosaires.gob.ar, advirtiendo de una serie de publicaciones en Marketplace de Facebook sobre la venta de equipos promocionados como inhibidores y la leyenda \u00abvos sab\u00e9s para qu\u00e9 te sirven\u00bb, la fecha fue el 13 de enero del 2022, a la fecha nunca tuve ni siquiera confirmaci\u00f3n de recibido.<\/p>\n\n\n\n<p>Un dato muy curioso del subsecretario Falivene es que seg\u00fan la AFIP, posee CUIT 20-24569296-0, registrado como Monotributista categor\u00eda B, s\u00ed aunque usted no lo crea, ya que el l\u00edmite de la misma corresponde a alguien que factura 57.000 pesos mensuales.<\/p>\n\n\n\n<p>Hay varias inc\u00f3gnitas sobre la capacidad de Felivene para el cargo y otras sobre la transparencia, seguir\u00e9 investigando y compartiendo con todos una investigaci\u00f3n period\u00edstica que otros medios no te van a informar nunca.<\/p>\n\n\n\n<p><\/p>\n\n\n\n<p>Por Marcelo Ricardo Hawrylciw<\/p>\n","protected":false},"excerpt":{"rendered":"<p>An\u00edbal Germ\u00e1n Falivene, es el actual subsecretario de seguridad del Gobierno de la Ciudad que conduce Horacio Rodr\u00edguez Larreta y segundo de Marcelo D\u00b4Alessandro, pero veamos seg\u00fan la propia p\u00e1gina del gobierno de CABA, cu\u00e1les son las funciones de este funcionario. Misiones y funciones Coordinar las acciones de planificaci\u00f3n para prevenir e investigar la comisi\u00f3n&hellip;<\/p>\n","protected":false},"author":1,"featured_media":110969,"comment_status":"open","ping_status":"open","sticky":false,"template":"","format":"standard","meta":{"footnotes":""},"categories":[10],"tags":[501,36404,4284,1451,892,2450,219,1943,24537,3315],"class_list":["post-110968","post","type-post","status-publish","format-standard","has-post-thumbnail","hentry","category-editorial","tag-abogado","tag-anibal-german-falivene","tag-caba","tag-corrupcion","tag-delitos","tag-diario-el-sindical","tag-facebook","tag-horacio-rodriguez-larreta","tag-policia-de-la-ciudad","tag-prevencion"],"_links":{"self":[{"href":"https:\/\/www.elsindical.com.ar\/notas\/wp-json\/wp\/v2\/posts\/110968","targetHints":{"allow":["GET"]}}],"collection":[{"href":"https:\/\/www.elsindical.com.ar\/notas\/wp-json\/wp\/v2\/posts"}],"about":[{"href":"https:\/\/www.elsindical.com.ar\/notas\/wp-json\/wp\/v2\/types\/post"}],"author":[{"embeddable":true,"href":"https:\/\/www.elsindical.com.ar\/notas\/wp-json\/wp\/v2\/users\/1"}],"replies":[{"embeddable":true,"href":"https:\/\/www.elsindical.com.ar\/notas\/wp-json\/wp\/v2\/comments?post=110968"}],"version-history":[{"count":1,"href":"https:\/\/www.elsindical.com.ar\/notas\/wp-json\/wp\/v2\/posts\/110968\/revisions"}],"predecessor-version":[{"id":110970,"href":"https:\/\/www.elsindical.com.ar\/notas\/wp-json\/wp\/v2\/posts\/110968\/revisions\/110970"}],"wp:featuredmedia":[{"embeddable":true,"href":"https:\/\/www.elsindical.com.ar\/notas\/wp-json\/wp\/v2\/media\/110969"}],"wp:attachment":[{"href":"https:\/\/www.elsindical.com.ar\/notas\/wp-json\/wp\/v2\/media?parent=110968"}],"wp:term":[{"taxonomy":"category","embeddable":true,"href":"https:\/\/www.elsindical.com.ar\/notas\/wp-json\/wp\/v2\/categories?post=110968"},{"taxonomy":"post_tag","embeddable":true,"href":"https:\/\/www.elsindical.com.ar\/notas\/wp-json\/wp\/v2\/tags?post=110968"}],"curies":[{"name":"wp","href":"https:\/\/api.w.org\/{rel}","templated":true}]}}