{"id":110954,"date":"2022-01-23T15:35:11","date_gmt":"2022-01-23T18:35:11","guid":{"rendered":"https:\/\/www.elsindical.com.ar\/notas\/?p=110954"},"modified":"2022-01-23T15:35:12","modified_gmt":"2022-01-23T18:35:12","slug":"lanus-denuncian-la-fuga-de-una-paciente-en-el-hospital-evita","status":"publish","type":"post","link":"https:\/\/www.elsindical.com.ar\/notas\/lanus-denuncian-la-fuga-de-una-paciente-en-el-hospital-evita\/","title":{"rendered":"Lan\u00fas: Denuncian la fuga de una paciente en el Hospital Evita"},"content":{"rendered":"\n<figure class=\"wp-block-image size-full\"><a href=\"https:\/\/www.elsindical.com.ar\/notas\/var\/www\/html\/notas\/wp-content\/uploads\/2022\/01\/Maria-Fabiana-Almiron.jpg\"><img loading=\"lazy\" decoding=\"async\" width=\"797\" height=\"554\" src=\"https:\/\/www.elsindical.com.ar\/notas\/var\/www\/html\/notas\/wp-content\/uploads\/2022\/01\/Maria-Fabiana-Almiron.jpg\" alt=\"\" class=\"wp-image-110955\" srcset=\"https:\/\/www.elsindical.com.ar\/notas\/var\/www\/html\/notas\/wp-content\/uploads\/2022\/01\/Maria-Fabiana-Almiron.jpg 797w, https:\/\/www.elsindical.com.ar\/notas\/var\/www\/html\/notas\/wp-content\/uploads\/2022\/01\/Maria-Fabiana-Almiron-300x209.jpg 300w, https:\/\/www.elsindical.com.ar\/notas\/var\/www\/html\/notas\/wp-content\/uploads\/2022\/01\/Maria-Fabiana-Almiron-768x534.jpg 768w, https:\/\/www.elsindical.com.ar\/notas\/var\/www\/html\/notas\/wp-content\/uploads\/2022\/01\/Maria-Fabiana-Almiron-432x300.jpg 432w\" sizes=\"auto, (max-width: 797px) 100vw, 797px\" \/><\/a><\/figure>\n\n\n\n<p>   Familiares denuncian la fuga de Mar\u00eda Fabiana Almir\u00f3n (foto) de 51 a\u00f1os de edad, misionera, con domicilio en Pit\u00e1goras 3318 de Monte Chingolo.<\/p>\n\n\n\n<p>Aparentemente la paciente sali\u00f3 de internaci\u00f3n psiqui\u00e1trica del Hospital Evita, sin alta m\u00e9dica el mi\u00e9rcoles 19 pasado, sin destino ni motivo aparente de ausencia. Se desconoce c\u00f3mo estaba vestida. Es de contextura f\u00edsica mediana; de 1,65 m. de estatura, cabello casta\u00f1o claro y amarillo. <\/p>\n\n\n\n<p>Al momento de irse ten\u00eda consigo una cartera negra, sin tarjeta Sube, no contaba con dinero ni con tel\u00e9fono celular. <\/p>\n\n\n\n<p>Quien tenga alg\u00fan dato al respecto, dirigirse al domicilio citado o a la Comisar\u00eda 1\u00aa de Lan\u00fas: 4241-0049 \u00f3 4444 \u00f3 4225-2865.<\/p>\n","protected":false},"excerpt":{"rendered":"<p>Familiares denuncian la fuga de Mar\u00eda Fabiana Almir\u00f3n (foto) de 51 a\u00f1os de edad, misionera, con domicilio en Pit\u00e1goras 3318 de Monte Chingolo. Aparentemente la paciente sali\u00f3 de internaci\u00f3n psiqui\u00e1trica del Hospital Evita, sin alta m\u00e9dica el mi\u00e9rcoles 19 pasado, sin destino ni motivo aparente de ausencia. Se desconoce c\u00f3mo estaba vestida. Es de contextura&hellip;<\/p>\n","protected":false},"author":1,"featured_media":110955,"comment_status":"open","ping_status":"open","sticky":false,"template":"","format":"standard","meta":{"footnotes":""},"categories":[25],"tags":[973,2450,5653,209,36398,1641],"class_list":["post-110954","post","type-post","status-publish","format-standard","has-post-thumbnail","hentry","category-sociedad","tag-desaparecida","tag-diario-el-sindical","tag-hospital-evita","tag-lanus","tag-maria-fabiana-almiron","tag-paciente"],"_links":{"self":[{"href":"https:\/\/www.elsindical.com.ar\/notas\/wp-json\/wp\/v2\/posts\/110954","targetHints":{"allow":["GET"]}}],"collection":[{"href":"https:\/\/www.elsindical.com.ar\/notas\/wp-json\/wp\/v2\/posts"}],"about":[{"href":"https:\/\/www.elsindical.com.ar\/notas\/wp-json\/wp\/v2\/types\/post"}],"author":[{"embeddable":true,"href":"https:\/\/www.elsindical.com.ar\/notas\/wp-json\/wp\/v2\/users\/1"}],"replies":[{"embeddable":true,"href":"https:\/\/www.elsindical.com.ar\/notas\/wp-json\/wp\/v2\/comments?post=110954"}],"version-history":[{"count":1,"href":"https:\/\/www.elsindical.com.ar\/notas\/wp-json\/wp\/v2\/posts\/110954\/revisions"}],"predecessor-version":[{"id":110956,"href":"https:\/\/www.elsindical.com.ar\/notas\/wp-json\/wp\/v2\/posts\/110954\/revisions\/110956"}],"wp:featuredmedia":[{"embeddable":true,"href":"https:\/\/www.elsindical.com.ar\/notas\/wp-json\/wp\/v2\/media\/110955"}],"wp:attachment":[{"href":"https:\/\/www.elsindical.com.ar\/notas\/wp-json\/wp\/v2\/media?parent=110954"}],"wp:term":[{"taxonomy":"category","embeddable":true,"href":"https:\/\/www.elsindical.com.ar\/notas\/wp-json\/wp\/v2\/categories?post=110954"},{"taxonomy":"post_tag","embeddable":true,"href":"https:\/\/www.elsindical.com.ar\/notas\/wp-json\/wp\/v2\/tags?post=110954"}],"curies":[{"name":"wp","href":"https:\/\/api.w.org\/{rel}","templated":true}]}}