{"id":110926,"date":"2022-01-22T10:14:44","date_gmt":"2022-01-22T13:14:44","guid":{"rendered":"https:\/\/www.elsindical.com.ar\/notas\/?p=110926"},"modified":"2022-01-22T10:14:45","modified_gmt":"2022-01-22T13:14:45","slug":"lanus-murio-de-un-infarto-cuando-manejaba-su-auto-y-se-produjo-un-triple-choque-en-remedios-de-escalada","status":"publish","type":"post","link":"https:\/\/www.elsindical.com.ar\/notas\/lanus-murio-de-un-infarto-cuando-manejaba-su-auto-y-se-produjo-un-triple-choque-en-remedios-de-escalada\/","title":{"rendered":"Lan\u00fas: Muri\u00f3 de un infarto cuando manejaba su auto y se produjo un triple choque en Remedios de Escalada"},"content":{"rendered":"\n<div class=\"wp-block-image\"><figure class=\"aligncenter size-full is-resized\"><a href=\"https:\/\/www.elsindical.com.ar\/notas\/var\/www\/html\/notas\/wp-content\/uploads\/2022\/01\/choques-en-Remedios-de-Escalada.jpg\"><img loading=\"lazy\" decoding=\"async\" src=\"https:\/\/www.elsindical.com.ar\/notas\/var\/www\/html\/notas\/wp-content\/uploads\/2022\/01\/choques-en-Remedios-de-Escalada.jpg\" alt=\"\" class=\"wp-image-110927\" width=\"729\" height=\"475\" srcset=\"https:\/\/www.elsindical.com.ar\/notas\/var\/www\/html\/notas\/wp-content\/uploads\/2022\/01\/choques-en-Remedios-de-Escalada.jpg 640w, https:\/\/www.elsindical.com.ar\/notas\/var\/www\/html\/notas\/wp-content\/uploads\/2022\/01\/choques-en-Remedios-de-Escalada-300x195.jpg 300w, https:\/\/www.elsindical.com.ar\/notas\/var\/www\/html\/notas\/wp-content\/uploads\/2022\/01\/choques-en-Remedios-de-Escalada-460x300.jpg 460w\" sizes=\"auto, (max-width: 729px) 100vw, 729px\" \/><\/a><\/figure><\/div>\n\n\n\n<p class=\"wp-block-paragraph\">Un hombre de&nbsp; 45 a\u00f1os falleci\u00f3 cuando manejaba su autom\u00f3vil por la avenida Yrigoyen, en Remedios de Escalada, y provoc\u00f3 un accidente que termin\u00f3 con dos heridos.<\/p>\n\n\n\n<p class=\"wp-block-paragraph\">Seg\u00fan trascendi\u00f3, el hecho ocurri\u00f3 en la avenida Yrigoyen y M\u00e1spero, en Escalada, este viernes al mediod\u00eda.<\/p>\n\n\n\n<p class=\"wp-block-paragraph\"><strong>Un hombre que conduc\u00eda un auto en direcci\u00f3n a Lomas perdi\u00f3 el control, cruz\u00f3 de carril e impact\u00f3 contra otro. Este \u00faltimo, en tanto, fue chocado por un tercero.<\/strong><\/p>\n\n\n\n<p class=\"wp-block-paragraph\">Como consecuencia del choque resultaron con heridas leves los conductores de dos autom\u00f3viles.<\/p>\n\n\n\n<p class=\"wp-block-paragraph\">En el lugar trabaj\u00f3 personal de Defensa Civil, el SAME, Tr\u00e1nsito y Seguridad Municipal y de los Bomberos Voluntarios de Lan\u00fas Oeste.<\/p>\n","protected":false},"excerpt":{"rendered":"<p>Un hombre de&nbsp; 45 a\u00f1os falleci\u00f3 cuando manejaba su autom\u00f3vil por la avenida Yrigoyen, en Remedios de Escalada, y provoc\u00f3 un accidente que termin\u00f3 con dos heridos. Seg\u00fan trascendi\u00f3, el hecho ocurri\u00f3 en la avenida Yrigoyen y M\u00e1spero, en Escalada, este viernes al mediod\u00eda. Un hombre que conduc\u00eda un auto en direcci\u00f3n a Lomas perdi\u00f3&hellip;<\/p>\n","protected":false},"author":1,"featured_media":110927,"comment_status":"open","ping_status":"open","sticky":false,"template":"","format":"standard","meta":{"footnotes":""},"categories":[22,25],"tags":[24317,2450,4952,209,6272],"class_list":["post-110926","post","type-post","status-publish","format-standard","has-post-thumbnail","hentry","category-policiales","category-sociedad","tag-choque-multiple","tag-diario-el-sindical","tag-infarto","tag-lanus","tag-remedios-de-escalada"],"_links":{"self":[{"href":"https:\/\/www.elsindical.com.ar\/notas\/wp-json\/wp\/v2\/posts\/110926","targetHints":{"allow":["GET"]}}],"collection":[{"href":"https:\/\/www.elsindical.com.ar\/notas\/wp-json\/wp\/v2\/posts"}],"about":[{"href":"https:\/\/www.elsindical.com.ar\/notas\/wp-json\/wp\/v2\/types\/post"}],"author":[{"embeddable":true,"href":"https:\/\/www.elsindical.com.ar\/notas\/wp-json\/wp\/v2\/users\/1"}],"replies":[{"embeddable":true,"href":"https:\/\/www.elsindical.com.ar\/notas\/wp-json\/wp\/v2\/comments?post=110926"}],"version-history":[{"count":1,"href":"https:\/\/www.elsindical.com.ar\/notas\/wp-json\/wp\/v2\/posts\/110926\/revisions"}],"predecessor-version":[{"id":110928,"href":"https:\/\/www.elsindical.com.ar\/notas\/wp-json\/wp\/v2\/posts\/110926\/revisions\/110928"}],"wp:featuredmedia":[{"embeddable":true,"href":"https:\/\/www.elsindical.com.ar\/notas\/wp-json\/wp\/v2\/media\/110927"}],"wp:attachment":[{"href":"https:\/\/www.elsindical.com.ar\/notas\/wp-json\/wp\/v2\/media?parent=110926"}],"wp:term":[{"taxonomy":"category","embeddable":true,"href":"https:\/\/www.elsindical.com.ar\/notas\/wp-json\/wp\/v2\/categories?post=110926"},{"taxonomy":"post_tag","embeddable":true,"href":"https:\/\/www.elsindical.com.ar\/notas\/wp-json\/wp\/v2\/tags?post=110926"}],"curies":[{"name":"wp","href":"https:\/\/api.w.org\/{rel}","templated":true}]}}