{"id":110802,"date":"2022-01-17T13:18:09","date_gmt":"2022-01-17T16:18:09","guid":{"rendered":"https:\/\/www.elsindical.com.ar\/notas\/?p=110802"},"modified":"2022-01-17T13:18:10","modified_gmt":"2022-01-17T16:18:10","slug":"la-uom-tomo-concentric-ab-una-autopartista-de-capitales-suecos-que-amenaza-con-cerrar-y-dejar-el-pais","status":"publish","type":"post","link":"https:\/\/www.elsindical.com.ar\/notas\/la-uom-tomo-concentric-ab-una-autopartista-de-capitales-suecos-que-amenaza-con-cerrar-y-dejar-el-pais\/","title":{"rendered":"La UOM tom\u00f3 Concentric AB, una autopartista de capitales suecos, que amenaza con cerrar y dejar el pa\u00eds"},"content":{"rendered":"\n<figure class=\"wp-block-image size-large\"><a href=\"https:\/\/www.elsindical.com.ar\/notas\/var\/www\/html\/notas\/wp-content\/uploads\/2022\/01\/fanrica-Concentric-tomada-1.jpg\"><img loading=\"lazy\" decoding=\"async\" width=\"1024\" height=\"576\" src=\"https:\/\/www.elsindical.com.ar\/notas\/var\/www\/html\/notas\/wp-content\/uploads\/2022\/01\/fanrica-Concentric-tomada-1-1024x576.jpg\" alt=\"\" class=\"wp-image-110803\" srcset=\"https:\/\/www.elsindical.com.ar\/notas\/var\/www\/html\/notas\/wp-content\/uploads\/2022\/01\/fanrica-Concentric-tomada-1-1024x576.jpg 1024w, https:\/\/www.elsindical.com.ar\/notas\/var\/www\/html\/notas\/wp-content\/uploads\/2022\/01\/fanrica-Concentric-tomada-1-300x169.jpg 300w, https:\/\/www.elsindical.com.ar\/notas\/var\/www\/html\/notas\/wp-content\/uploads\/2022\/01\/fanrica-Concentric-tomada-1-768x432.jpg 768w, https:\/\/www.elsindical.com.ar\/notas\/var\/www\/html\/notas\/wp-content\/uploads\/2022\/01\/fanrica-Concentric-tomada-1-500x281.jpg 500w, https:\/\/www.elsindical.com.ar\/notas\/var\/www\/html\/notas\/wp-content\/uploads\/2022\/01\/fanrica-Concentric-tomada-1-460x260.jpg 460w, https:\/\/www.elsindical.com.ar\/notas\/var\/www\/html\/notas\/wp-content\/uploads\/2022\/01\/fanrica-Concentric-tomada-1.jpg 1200w\" sizes=\"auto, (max-width: 1024px) 100vw, 1024px\" \/><\/a><\/figure>\n\n\n\n<h5 class=\"wp-block-heading\">La f\u00e1brica autopartista Concentric AB, ces\u00f3 por completo su actividad despu\u00e9s de m\u00e1s de 50 a\u00f1os de presencia en el pa\u00eds. La UOM tom\u00f3 la planta para preservar los 70 empleos o que se garantice el cobro de las indemnizaciones.<\/h5>\n\n\n\n<p class=\"wp-block-paragraph\">La empresa de capitales suecos <strong>Concentric AB,<\/strong> que hace m\u00e1s de 50 a\u00f1os tiene presencia en el pa\u00eds,<strong> decidi\u00f3 cerrar la planta, en la que prestan servicio alrededor de 70 trabajadores, entre operarios y personal administrativo.<\/strong><\/p>\n\n\n\n<p class=\"wp-block-paragraph\">En b\u00fasqueda de alguna certeza, <strong>la seccional local de la Uni\u00f3n Obrera Metal\u00fargica (UOM) mantiene tomada las instalaciones <\/strong>que est\u00e1n ubicadas en el Parque Industrial de esa ciudad.<\/p>\n\n\n\n<p class=\"wp-block-paragraph\"><strong>Para este lunes est\u00e1 prevista una reuni\u00f3n de conciliaci\u00f3n obligatoria <\/strong>en la delegaci\u00f3n local del Ministerio de Trabajo. All\u00ed esperan alg\u00fan tipo de definiciones.<\/p>\n\n\n\n<p class=\"wp-block-paragraph\">La UOM tom\u00f3 Concentric AB, una autopartista de capitales suecos, que amenaza con cerrar y dejar el pa\u00eds<\/p>\n\n\n\n<p class=\"wp-block-paragraph\">La informaci\u00f3n fue ratificada por un comunicado emitido por la empresa en su p\u00e1gina web desde Suecia.<\/p>\n\n\n\n<div class=\"wp-block-image\"><figure class=\"aligncenter size-full\"><a href=\"https:\/\/www.elsindical.com.ar\/notas\/var\/www\/html\/notas\/wp-content\/uploads\/2022\/01\/Concentric.jpg\"><img loading=\"lazy\" decoding=\"async\" width=\"600\" height=\"427\" src=\"https:\/\/www.elsindical.com.ar\/notas\/var\/www\/html\/notas\/wp-content\/uploads\/2022\/01\/Concentric.jpg\" alt=\"\" class=\"wp-image-110804\" srcset=\"https:\/\/www.elsindical.com.ar\/notas\/var\/www\/html\/notas\/wp-content\/uploads\/2022\/01\/Concentric.jpg 600w, https:\/\/www.elsindical.com.ar\/notas\/var\/www\/html\/notas\/wp-content\/uploads\/2022\/01\/Concentric-300x214.jpg 300w, https:\/\/www.elsindical.com.ar\/notas\/var\/www\/html\/notas\/wp-content\/uploads\/2022\/01\/Concentric-422x300.jpg 422w\" sizes=\"auto, (max-width: 600px) 100vw, 600px\" \/><\/a><\/figure><\/div>\n\n\n\n<p class=\"wp-block-paragraph\">\u00abSK\u00c5NES FAGERHULT, Suecia , 7 de enero de 2022 \/ PRNewswire \/ \u2013 <strong>Concentric anuncia que la empresa ha decidido cerrar sus instalaciones en Chivilcoy, Argentina<\/strong>. Concentric ha evaluado cuidadosamente diferentes alternativas para la instalaci\u00f3n en Argentina y ha concluido que <strong>lamentablemente no es viable continuar las operaciones debido a la situaci\u00f3n macroecon\u00f3mica sostenida y desafiante del pa\u00eds<\/strong>. El costo \u00fanico de cierre asciende a MSEK 22 preliminares y se reflejar\u00e1 en los estados financieros del cuarto trimestre de 2021. La decisi\u00f3n entrar\u00e1 en vigor de inmediato.<\/p>\n\n\n\n<p class=\"wp-block-paragraph\">Seg\u00fan consignaron desde la empresa,<strong> \u00abhay una decisi\u00f3n tomada de la empresa en cerrar la f\u00e1brica de Chivilcoy\u00bb.<\/strong><\/p>\n\n\n\n<p class=\"wp-block-paragraph\"><strong>La ocupaci\u00f3n de la planta es acompa\u00f1ada tambi\u00e9n por el gremio de supervisores, ASIMRA<\/strong>.<\/p>\n\n\n\n<p class=\"wp-block-paragraph\">La idea madre de la toma es conservar todo para que no haya ning\u00fan tipo de vaciamiento hasta que haya seguridades del pago de las indemnizaciones.<\/p>\n","protected":false},"excerpt":{"rendered":"<p>La f\u00e1brica autopartista Concentric AB, ces\u00f3 por completo su actividad despu\u00e9s de m\u00e1s de 50 a\u00f1os de presencia en el pa\u00eds. La UOM tom\u00f3 la planta para preservar los 70 empleos o que se garantice el cobro de las indemnizaciones. La empresa de capitales suecos Concentric AB, que hace m\u00e1s de 50 a\u00f1os tiene presencia&hellip;<\/p>\n","protected":false},"author":1,"featured_media":110803,"comment_status":"open","ping_status":"open","sticky":false,"template":"","format":"standard","meta":{"footnotes":""},"categories":[16],"tags":[24799,30995,36365,2450,2210,125,1264],"class_list":["post-110802","post","type-post","status-publish","format-standard","has-post-thumbnail","hentry","category-gremiales","tag-asimra","tag-autopartista","tag-concentric-ab","tag-diario-el-sindical","tag-suecia","tag-trabajadores","tag-uom"],"_links":{"self":[{"href":"https:\/\/www.elsindical.com.ar\/notas\/wp-json\/wp\/v2\/posts\/110802","targetHints":{"allow":["GET"]}}],"collection":[{"href":"https:\/\/www.elsindical.com.ar\/notas\/wp-json\/wp\/v2\/posts"}],"about":[{"href":"https:\/\/www.elsindical.com.ar\/notas\/wp-json\/wp\/v2\/types\/post"}],"author":[{"embeddable":true,"href":"https:\/\/www.elsindical.com.ar\/notas\/wp-json\/wp\/v2\/users\/1"}],"replies":[{"embeddable":true,"href":"https:\/\/www.elsindical.com.ar\/notas\/wp-json\/wp\/v2\/comments?post=110802"}],"version-history":[{"count":1,"href":"https:\/\/www.elsindical.com.ar\/notas\/wp-json\/wp\/v2\/posts\/110802\/revisions"}],"predecessor-version":[{"id":110805,"href":"https:\/\/www.elsindical.com.ar\/notas\/wp-json\/wp\/v2\/posts\/110802\/revisions\/110805"}],"wp:featuredmedia":[{"embeddable":true,"href":"https:\/\/www.elsindical.com.ar\/notas\/wp-json\/wp\/v2\/media\/110803"}],"wp:attachment":[{"href":"https:\/\/www.elsindical.com.ar\/notas\/wp-json\/wp\/v2\/media?parent=110802"}],"wp:term":[{"taxonomy":"category","embeddable":true,"href":"https:\/\/www.elsindical.com.ar\/notas\/wp-json\/wp\/v2\/categories?post=110802"},{"taxonomy":"post_tag","embeddable":true,"href":"https:\/\/www.elsindical.com.ar\/notas\/wp-json\/wp\/v2\/tags?post=110802"}],"curies":[{"name":"wp","href":"https:\/\/api.w.org\/{rel}","templated":true}]}}