{"id":11076,"date":"2010-11-29T17:11:06","date_gmt":"2010-11-29T20:11:06","guid":{"rendered":"http:\/\/www.elsindical.com.ar\/notas\/?p=11076"},"modified":"2010-11-29T17:11:22","modified_gmt":"2010-11-29T20:11:22","slug":"murio-leslie-nielsen-protagonista-de-la-pistola-desnuda","status":"publish","type":"post","link":"https:\/\/www.elsindical.com.ar\/notas\/murio-leslie-nielsen-protagonista-de-la-pistola-desnuda\/","title":{"rendered":"Muri\u00f3 Leslie Nielsen, protagonista de la \u00abPistola Desnuda\u00bb"},"content":{"rendered":"<p style=\"text-align: justify;\"><em><a href=\"http:\/\/www.elsindical.com.ar\/notas\/var\/www\/html\/notas\/wp-content\/uploads\/2010\/11\/Leslie-Nielsen.jpg\"><img loading=\"lazy\" decoding=\"async\" class=\"alignleft size-medium wp-image-11077\" title=\"Leslie-Nielsen\" src=\"http:\/\/www.elsindical.com.ar\/notas\/var\/www\/html\/notas\/wp-content\/uploads\/2010\/11\/Leslie-Nielsen-300x194.jpg\" alt=\"\" width=\"300\" height=\"194\" srcset=\"https:\/\/www.elsindical.com.ar\/notas\/var\/www\/html\/notas\/wp-content\/uploads\/2010\/11\/Leslie-Nielsen-300x194.jpg 300w, https:\/\/www.elsindical.com.ar\/notas\/var\/www\/html\/notas\/wp-content\/uploads\/2010\/11\/Leslie-Nielsen.jpg 325w\" sizes=\"auto, (max-width: 300px) 100vw, 300px\" \/><\/a>El c\u00e9lebre actor c\u00f3mico falleci\u00f3 v\u00edctima de una complicaci\u00f3n por una pulmon\u00eda. Estaba internado hace doce d\u00edas.<\/em><\/p>\n<p style=\"text-align: justify;\">El actor c\u00f3mico Leslie Nielsen, reconocido por su papel protag\u00f3nico en el filme \u00abLa pistola desnuda\u00bb (\u00abNaked gun\u00bb), muri\u00f3 este domingo en Florida, a los 84 a\u00f1os, v\u00edctima de una complicaci\u00f3n por una pulmon\u00eda, inform\u00f3 este lunes un portavoz de la familia, seg\u00fan un cable de la agencia Ansa.<\/p>\n<p>Nielsen, quien se encontraba internado desde hace 12 d\u00edas y le debe su fama al \u00abtorpe\u00bb detective Frank Drebin, tuvo una larga carrera cinematogr\u00e1fica y televisiva, durante m\u00e1s de 60 a\u00f1os.<\/p>\n<p>El vocero dijo que el actor muri\u00f3 en un hospital cercano a su vivienda de Fort Lauderdale, acompa\u00f1ado por su esposa y amigos.<\/p>\n","protected":false},"excerpt":{"rendered":"<p>El c\u00e9lebre actor c\u00f3mico falleci\u00f3 v\u00edctima de una complicaci\u00f3n por una pulmon\u00eda. Estaba internado hace doce d\u00edas. El actor c\u00f3mico Leslie Nielsen, reconocido por su papel protag\u00f3nico en el filme \u00abLa pistola desnuda\u00bb (\u00abNaked gun\u00bb), muri\u00f3 este domingo en Florida, a los 84 a\u00f1os, v\u00edctima de una complicaci\u00f3n por una pulmon\u00eda, inform\u00f3 este lunes un&hellip;<\/p>\n","protected":false},"author":1,"featured_media":0,"comment_status":"open","ping_status":"open","sticky":false,"template":"","format":"standard","meta":{"footnotes":""},"categories":[15],"tags":[833,141,5262,5263],"class_list":["post-11076","post","type-post","status-publish","format-standard","hentry","category-espectaculos","tag-actor","tag-eeuu","tag-leslie-nielsen","tag-pistola-desnuda"],"_links":{"self":[{"href":"https:\/\/www.elsindical.com.ar\/notas\/wp-json\/wp\/v2\/posts\/11076","targetHints":{"allow":["GET"]}}],"collection":[{"href":"https:\/\/www.elsindical.com.ar\/notas\/wp-json\/wp\/v2\/posts"}],"about":[{"href":"https:\/\/www.elsindical.com.ar\/notas\/wp-json\/wp\/v2\/types\/post"}],"author":[{"embeddable":true,"href":"https:\/\/www.elsindical.com.ar\/notas\/wp-json\/wp\/v2\/users\/1"}],"replies":[{"embeddable":true,"href":"https:\/\/www.elsindical.com.ar\/notas\/wp-json\/wp\/v2\/comments?post=11076"}],"version-history":[{"count":2,"href":"https:\/\/www.elsindical.com.ar\/notas\/wp-json\/wp\/v2\/posts\/11076\/revisions"}],"predecessor-version":[{"id":11079,"href":"https:\/\/www.elsindical.com.ar\/notas\/wp-json\/wp\/v2\/posts\/11076\/revisions\/11079"}],"wp:attachment":[{"href":"https:\/\/www.elsindical.com.ar\/notas\/wp-json\/wp\/v2\/media?parent=11076"}],"wp:term":[{"taxonomy":"category","embeddable":true,"href":"https:\/\/www.elsindical.com.ar\/notas\/wp-json\/wp\/v2\/categories?post=11076"},{"taxonomy":"post_tag","embeddable":true,"href":"https:\/\/www.elsindical.com.ar\/notas\/wp-json\/wp\/v2\/tags?post=11076"}],"curies":[{"name":"wp","href":"https:\/\/api.w.org\/{rel}","templated":true}]}}