{"id":110708,"date":"2022-01-13T15:48:21","date_gmt":"2022-01-13T18:48:21","guid":{"rendered":"https:\/\/www.elsindical.com.ar\/notas\/?p=110708"},"modified":"2022-01-13T15:48:22","modified_gmt":"2022-01-13T18:48:22","slug":"obreros-del-caucho-desarrollan-plan-de-lucha-con-asambleas-y-cortes-en-empresas-como-parques-industriales","status":"publish","type":"post","link":"https:\/\/www.elsindical.com.ar\/notas\/obreros-del-caucho-desarrollan-plan-de-lucha-con-asambleas-y-cortes-en-empresas-como-parques-industriales\/","title":{"rendered":"Obreros  del caucho desarrollan plan de lucha con asambleas y cortes en empresas como parques industriales"},"content":{"rendered":"\n<figure class=\"wp-block-image size-large\"><a href=\"https:\/\/www.elsindical.com.ar\/notas\/var\/www\/html\/notas\/wp-content\/uploads\/2022\/01\/obreros-del-caucho-1.jpg\"><img loading=\"lazy\" decoding=\"async\" width=\"1024\" height=\"461\" src=\"https:\/\/www.elsindical.com.ar\/notas\/var\/www\/html\/notas\/wp-content\/uploads\/2022\/01\/obreros-del-caucho-1-1024x461.jpg\" alt=\"\" class=\"wp-image-110709\" srcset=\"https:\/\/www.elsindical.com.ar\/notas\/var\/www\/html\/notas\/wp-content\/uploads\/2022\/01\/obreros-del-caucho-1-1024x461.jpg 1024w, https:\/\/www.elsindical.com.ar\/notas\/var\/www\/html\/notas\/wp-content\/uploads\/2022\/01\/obreros-del-caucho-1-300x135.jpg 300w, https:\/\/www.elsindical.com.ar\/notas\/var\/www\/html\/notas\/wp-content\/uploads\/2022\/01\/obreros-del-caucho-1-768x346.jpg 768w, https:\/\/www.elsindical.com.ar\/notas\/var\/www\/html\/notas\/wp-content\/uploads\/2022\/01\/obreros-del-caucho-1-500x225.jpg 500w, https:\/\/www.elsindical.com.ar\/notas\/var\/www\/html\/notas\/wp-content\/uploads\/2022\/01\/obreros-del-caucho-1.jpg 1280w\" sizes=\"auto, (max-width: 1024px) 100vw, 1024px\" \/><\/a><\/figure>\n\n\n\n<p class=\"wp-block-paragraph\">El Sindicato Obrero del Caucho, Anexos y Afines (SOCAYA), liderado por Jos\u00e9 Pasotti, comenz\u00f3 esta semana un plan de lucha con cortes en distintas f\u00e1bricas agrupadas en la Federaci\u00f3n Argentina de la Industria del Caucho (FAIC) regidas por el convenio de trabajo 179\/75.<\/p>\n\n\n\n<p class=\"wp-block-paragraph\">As\u00ed, las medidas comenzaron este martes con cortes en el Parque Industrial de Pilar y el Parque Industrial la Cant\u00e1brica en Haedo, en reclamo de la recomposici\u00f3n salarial. La rama afectada es la que contempla ca\u00f1os, mangueras, autopartes, correas, alfombras, repuestos de goma. \u201cEstamos teniendo una adhesi\u00f3n total de las bases. La intransigencia empresaria es total, y ahora se encuentra con un sindicato de pie en lucha\u201d, afirm\u00f3 Jos\u00e9 Pasotti, Secretario General del SOCAYA.<\/p>\n\n\n\n<p class=\"wp-block-paragraph\">Ayer las protestas se desarrollaron en empresas como Esat, Nitrophil y Mangueras Concord. Hoy continuaron en Ritossa, Winner Pack, Griffo, que pertenece a la empresa ejecutiva de la FAIC, en La Matanza y Yaco S.A.C.F.I. de Mor\u00f3n. El sindicalista destac\u00f3 que \u201cestas medidas van a continuar siendo progresivas, hasta desembocar una medida de fuerza si la situaci\u00f3n lo requiere\u201d y adem\u00e1s asegur\u00f3 que \u201chay trabajo a reglamento, asambleas en los turnos, y acciones directas, todo dentro de un marco legal\u201d.&nbsp;<\/p>\n\n\n\n<p class=\"wp-block-paragraph\">La conducci\u00f3n de Jos\u00e9 Pasotti asumi\u00f3 a finales de diciembre de 2021, luego de haber sido intervenida por el macrismo en el 2017. \u201cSe culmin\u00f3 con una intervenci\u00f3n y asumimos encontrando un desastre en el gremio. La intervenci\u00f3n benefici\u00f3 a los intereses de los patrones y no de los trabajadores. Culmin\u00f3 un ciclo ahora los empresarios deben pagar salarios dignos, tenemos gente que llega a trabajar 12 horas seguidas\u201d, asegur\u00f3 la nueva gesti\u00f3n.<\/p>\n\n\n\n<p class=\"wp-block-paragraph\">El SOCAYA, tiene hoy unos 10.400 trabajadores activos, pero esa cantidad trepar\u00eda a 12.000 de eventuales afiliados. Representan a los trabajadores de la industria que aplica el Convenio 179\/75 Caucho como el Convenio 231\/75 de Gomer\u00edas, Talleres de Recauchutaje y Armado de Rodados. Tambi\u00e9n todas las gomer\u00edas del pa\u00eds est\u00e1n encuadradas en el gremio.<\/p>\n\n\n\n<figure class=\"wp-block-gallery columns-1 is-cropped wp-block-gallery-1 is-layout-flex wp-block-gallery-is-layout-flex\"><ul class=\"blocks-gallery-grid\"><li class=\"blocks-gallery-item\"><figure><a href=\"https:\/\/www.elsindical.com.ar\/notas\/var\/www\/html\/notas\/wp-content\/uploads\/2022\/01\/obreros-del-caucho-2.jpg\"><img loading=\"lazy\" decoding=\"async\" width=\"1024\" height=\"461\" src=\"https:\/\/www.elsindical.com.ar\/notas\/var\/www\/html\/notas\/wp-content\/uploads\/2022\/01\/obreros-del-caucho-2-1024x461.jpg\" alt=\"\" data-id=\"110710\" data-full-url=\"https:\/\/www.elsindical.com.ar\/notas\/var\/www\/html\/notas\/wp-content\/uploads\/2022\/01\/obreros-del-caucho-2.jpg\" data-link=\"https:\/\/www.elsindical.com.ar\/notas\/?attachment_id=110710#main\" class=\"wp-image-110710\" srcset=\"https:\/\/www.elsindical.com.ar\/notas\/var\/www\/html\/notas\/wp-content\/uploads\/2022\/01\/obreros-del-caucho-2-1024x461.jpg 1024w, https:\/\/www.elsindical.com.ar\/notas\/var\/www\/html\/notas\/wp-content\/uploads\/2022\/01\/obreros-del-caucho-2-300x135.jpg 300w, https:\/\/www.elsindical.com.ar\/notas\/var\/www\/html\/notas\/wp-content\/uploads\/2022\/01\/obreros-del-caucho-2-768x346.jpg 768w, https:\/\/www.elsindical.com.ar\/notas\/var\/www\/html\/notas\/wp-content\/uploads\/2022\/01\/obreros-del-caucho-2-500x225.jpg 500w, https:\/\/www.elsindical.com.ar\/notas\/var\/www\/html\/notas\/wp-content\/uploads\/2022\/01\/obreros-del-caucho-2-1536x691.jpg 1536w, https:\/\/www.elsindical.com.ar\/notas\/var\/www\/html\/notas\/wp-content\/uploads\/2022\/01\/obreros-del-caucho-2.jpg 1600w\" sizes=\"auto, (max-width: 1024px) 100vw, 1024px\" \/><\/a><\/figure><\/li><li class=\"blocks-gallery-item\"><figure><a href=\"https:\/\/www.elsindical.com.ar\/notas\/var\/www\/html\/notas\/wp-content\/uploads\/2022\/01\/obreros-del-caucho-3.jpg\"><img loading=\"lazy\" decoding=\"async\" width=\"1024\" height=\"461\" src=\"https:\/\/www.elsindical.com.ar\/notas\/var\/www\/html\/notas\/wp-content\/uploads\/2022\/01\/obreros-del-caucho-3-1024x461.jpg\" alt=\"\" data-id=\"110711\" data-full-url=\"https:\/\/www.elsindical.com.ar\/notas\/var\/www\/html\/notas\/wp-content\/uploads\/2022\/01\/obreros-del-caucho-3.jpg\" data-link=\"https:\/\/www.elsindical.com.ar\/notas\/?attachment_id=110711#main\" class=\"wp-image-110711\" srcset=\"https:\/\/www.elsindical.com.ar\/notas\/var\/www\/html\/notas\/wp-content\/uploads\/2022\/01\/obreros-del-caucho-3-1024x461.jpg 1024w, https:\/\/www.elsindical.com.ar\/notas\/var\/www\/html\/notas\/wp-content\/uploads\/2022\/01\/obreros-del-caucho-3-300x135.jpg 300w, https:\/\/www.elsindical.com.ar\/notas\/var\/www\/html\/notas\/wp-content\/uploads\/2022\/01\/obreros-del-caucho-3-768x346.jpg 768w, https:\/\/www.elsindical.com.ar\/notas\/var\/www\/html\/notas\/wp-content\/uploads\/2022\/01\/obreros-del-caucho-3-500x225.jpg 500w, https:\/\/www.elsindical.com.ar\/notas\/var\/www\/html\/notas\/wp-content\/uploads\/2022\/01\/obreros-del-caucho-3.jpg 1280w\" sizes=\"auto, (max-width: 1024px) 100vw, 1024px\" \/><\/a><\/figure><\/li><li class=\"blocks-gallery-item\"><figure><a href=\"https:\/\/www.elsindical.com.ar\/notas\/var\/www\/html\/notas\/wp-content\/uploads\/2022\/01\/obreros-del-caucho-4.jpg\"><img loading=\"lazy\" decoding=\"async\" width=\"1024\" height=\"461\" src=\"https:\/\/www.elsindical.com.ar\/notas\/var\/www\/html\/notas\/wp-content\/uploads\/2022\/01\/obreros-del-caucho-4-1024x461.jpg\" alt=\"\" data-id=\"110712\" data-full-url=\"https:\/\/www.elsindical.com.ar\/notas\/var\/www\/html\/notas\/wp-content\/uploads\/2022\/01\/obreros-del-caucho-4.jpg\" data-link=\"https:\/\/www.elsindical.com.ar\/notas\/?attachment_id=110712#main\" class=\"wp-image-110712\" srcset=\"https:\/\/www.elsindical.com.ar\/notas\/var\/www\/html\/notas\/wp-content\/uploads\/2022\/01\/obreros-del-caucho-4-1024x461.jpg 1024w, https:\/\/www.elsindical.com.ar\/notas\/var\/www\/html\/notas\/wp-content\/uploads\/2022\/01\/obreros-del-caucho-4-300x135.jpg 300w, https:\/\/www.elsindical.com.ar\/notas\/var\/www\/html\/notas\/wp-content\/uploads\/2022\/01\/obreros-del-caucho-4-768x346.jpg 768w, https:\/\/www.elsindical.com.ar\/notas\/var\/www\/html\/notas\/wp-content\/uploads\/2022\/01\/obreros-del-caucho-4-500x225.jpg 500w, https:\/\/www.elsindical.com.ar\/notas\/var\/www\/html\/notas\/wp-content\/uploads\/2022\/01\/obreros-del-caucho-4-1536x691.jpg 1536w, https:\/\/www.elsindical.com.ar\/notas\/var\/www\/html\/notas\/wp-content\/uploads\/2022\/01\/obreros-del-caucho-4.jpg 1600w\" sizes=\"auto, (max-width: 1024px) 100vw, 1024px\" \/><\/a><\/figure><\/li><\/ul><\/figure>\n","protected":false},"excerpt":{"rendered":"<p>El Sindicato Obrero del Caucho, Anexos y Afines (SOCAYA), liderado por Jos\u00e9 Pasotti, comenz\u00f3 esta semana un plan de lucha con cortes en distintas f\u00e1bricas agrupadas en la Federaci\u00f3n Argentina de la Industria del Caucho (FAIC) regidas por el convenio de trabajo 179\/75. As\u00ed, las medidas comenzaron este martes con cortes en el Parque Industrial&hellip;<\/p>\n","protected":false},"author":1,"featured_media":110709,"comment_status":"open","ping_status":"open","sticky":false,"template":"","format":"standard","meta":{"footnotes":""},"categories":[16],"tags":[3440,2450,36346,36347,36345],"class_list":["post-110708","post","type-post","status-publish","format-standard","has-post-thumbnail","hentry","category-gremiales","tag-asambleas","tag-diario-el-sindical","tag-faic","tag-parques-industriales","tag-socaya"],"_links":{"self":[{"href":"https:\/\/www.elsindical.com.ar\/notas\/wp-json\/wp\/v2\/posts\/110708","targetHints":{"allow":["GET"]}}],"collection":[{"href":"https:\/\/www.elsindical.com.ar\/notas\/wp-json\/wp\/v2\/posts"}],"about":[{"href":"https:\/\/www.elsindical.com.ar\/notas\/wp-json\/wp\/v2\/types\/post"}],"author":[{"embeddable":true,"href":"https:\/\/www.elsindical.com.ar\/notas\/wp-json\/wp\/v2\/users\/1"}],"replies":[{"embeddable":true,"href":"https:\/\/www.elsindical.com.ar\/notas\/wp-json\/wp\/v2\/comments?post=110708"}],"version-history":[{"count":1,"href":"https:\/\/www.elsindical.com.ar\/notas\/wp-json\/wp\/v2\/posts\/110708\/revisions"}],"predecessor-version":[{"id":110713,"href":"https:\/\/www.elsindical.com.ar\/notas\/wp-json\/wp\/v2\/posts\/110708\/revisions\/110713"}],"wp:featuredmedia":[{"embeddable":true,"href":"https:\/\/www.elsindical.com.ar\/notas\/wp-json\/wp\/v2\/media\/110709"}],"wp:attachment":[{"href":"https:\/\/www.elsindical.com.ar\/notas\/wp-json\/wp\/v2\/media?parent=110708"}],"wp:term":[{"taxonomy":"category","embeddable":true,"href":"https:\/\/www.elsindical.com.ar\/notas\/wp-json\/wp\/v2\/categories?post=110708"},{"taxonomy":"post_tag","embeddable":true,"href":"https:\/\/www.elsindical.com.ar\/notas\/wp-json\/wp\/v2\/tags?post=110708"}],"curies":[{"name":"wp","href":"https:\/\/api.w.org\/{rel}","templated":true}]}}