{"id":110609,"date":"2022-01-09T10:39:02","date_gmt":"2022-01-09T13:39:02","guid":{"rendered":"https:\/\/www.elsindical.com.ar\/notas\/?p=110609"},"modified":"2022-01-09T10:39:02","modified_gmt":"2022-01-09T13:39:02","slug":"la-ajb-reclama-la-vuelta-de-las-burbujas-ante-el-aumento-de-casos-de-covid-19","status":"publish","type":"post","link":"https:\/\/www.elsindical.com.ar\/notas\/la-ajb-reclama-la-vuelta-de-las-burbujas-ante-el-aumento-de-casos-de-covid-19\/","title":{"rendered":"La AJB reclama la vuelta de las burbujas ante el aumento de casos de Covid-19"},"content":{"rendered":"\n<div class=\"wp-block-image\"><figure class=\"aligncenter size-full is-resized\"><a href=\"https:\/\/www.elsindical.com.ar\/notas\/var\/www\/html\/notas\/wp-content\/uploads\/2022\/01\/sede-AJB.jpg\"><img loading=\"lazy\" decoding=\"async\" src=\"https:\/\/www.elsindical.com.ar\/notas\/var\/www\/html\/notas\/wp-content\/uploads\/2022\/01\/sede-AJB.jpg\" alt=\"\" class=\"wp-image-110610\" width=\"724\" height=\"407\" srcset=\"https:\/\/www.elsindical.com.ar\/notas\/var\/www\/html\/notas\/wp-content\/uploads\/2022\/01\/sede-AJB.jpg 507w, https:\/\/www.elsindical.com.ar\/notas\/var\/www\/html\/notas\/wp-content\/uploads\/2022\/01\/sede-AJB-300x169.jpg 300w, https:\/\/www.elsindical.com.ar\/notas\/var\/www\/html\/notas\/wp-content\/uploads\/2022\/01\/sede-AJB-500x281.jpg 500w, https:\/\/www.elsindical.com.ar\/notas\/var\/www\/html\/notas\/wp-content\/uploads\/2022\/01\/sede-AJB-460x260.jpg 460w\" sizes=\"auto, (max-width: 724px) 100vw, 724px\" \/><\/a><\/figure><\/div>\n\n\n\n<p>El gremio pidi\u00f3 a la Suprema Corte que revise las medidas de cuidado, tras la denuncia de irregularidades en San Mart\u00edn.<\/p>\n\n\n\n<p>La <strong>Asociaci\u00f3n Judicial Bonaerense<\/strong> (AJB) <strong>reclam\u00f3 que se retome la modalidad de trabajo en burbujas<\/strong> a partir de los crecientes contagios de coronavirus y la denuncia de irregularidad en el Poder Judicial de San Mart\u00edn. Ayer fueron confirmados 110.533 casos en todo el pa\u00eds, m\u00e1s de 40 mil en la provincia de Buenos Aires.<\/p>\n\n\n\n<p>\u201cAnte este nuevo escenario de la pandemia, con cifras r\u00e9cord de casos positivos y la circulaci\u00f3n predominante de una variante del virus altamente contagiosa, <strong>exigimos a la Suprema Corte que se revisen las medidas de cuidado y se disponga el retorno al sistema de trabajo en burbujas para la vuelta de la feria de verano<\/strong>\u201d, manifest\u00f3 Pablo\u00a0Abramovich, secretario general de la AJB.<\/p>\n\n\n\n<p>En ese sentido, <strong>plante\u00f3 que \u201cel trabajo en grupos no solo reduce la cantidad de personas contagiadas, sino que adem\u00e1s garantiza la continuidad del funcionamiento de las dependencias ante la existencia de casos positivos, resguardando con ello los derechos de quienes a diario transitan los Tribunales de la provincia\u201d.<\/strong><\/p>\n\n\n\n<p><strong>La AJB denunci\u00f3 \u201cserias irregularidades\u201d en la aplicaci\u00f3n del protocolo ante un caso de COVID por parte de una magistrada de San Mart\u00edn y la Delegaci\u00f3n de Sanidad. <\/strong>La presentaci\u00f3n fue realizada el mi\u00e9rcoles pasado y advierte de irregularidades en la aplicaci\u00f3n del Protocolo de Prevenci\u00f3n en que incurri\u00f3 la jueza Adriana&nbsp;Cicale, titular del Juzgado Civil y Comercial N\u00ba1 de San Mart\u00edn ante la aparici\u00f3n de un caso sospechoso de Covid-19 en la dependencia.<\/p>\n\n\n\n<p>\u201cApenas se conoci\u00f3 el contagio el pasado martes 28, la magistrada hizo todo lo posible para evitar a cualquier costo que se disponga el aislamiento preventivo de quienes tuvieron contacto con la trabajadora. Tampoco se orden\u00f3 la desinfecci\u00f3n inmediata del organismo, que se realiz\u00f3 reci\u00e9n un d\u00eda despu\u00e9s y con el personal trabajando. La conducta negligente de la magistrada qued\u00f3 en evidencia ya que seis de las siete personas que ocupaban ese piso del Juzgado resultaron positivos de COVID-19 durante las horas posteriores\u201d, se\u00f1alaron desde el gremio.<\/p>\n\n\n\n<p>Se\u00f1alaron, adem\u00e1s, que \u201ccomo ocurre en gran parte de los organismos de la provincia, el Juzgado Civil y Comercial&nbsp;N\u00b0&nbsp;1 no se encontraba en condiciones de funcionar con el 100% del personal\u201d. \u201cEn efecto, la escasa separaci\u00f3n entre puestos de trabajo \u2013que en algunos casos no supera el metro de distancia- y el escaso espacio disponible para la cantidad de personas incumpl\u00edan las disposiciones referidas al distanciamiento social m\u00ednimo recomendado en el Protocolo de Prevenci\u00f3n contra el COVID-19 dictado por la Suprema Corte\u201d, agrega el comunicado.<\/p>\n\n\n\n<p>Por otra parte, en la presentaci\u00f3n se reclama evaluar la intervenci\u00f3n de la Delegaci\u00f3n de Sanidad, que \u201cpese a las manifestaciones realizadas por representantes del sindicato consinti\u00f3 la interpretaci\u00f3n forzada y arbitraria de los protocolos efectuada por la jueza&nbsp;Cicale, y se neg\u00f3 a realizar una inspecci\u00f3n directa en el Juzgado para verificar las condiciones en que desarrollan sus tareas las y los trabajadores\u201d. \u201cCon una intervenci\u00f3n firme y oportuna de Sanidad cumpliendo el rol que le corresponde la cadena de contagios habr\u00eda podido limitarse\u201d, apunta el texto.<\/p>\n\n\n\n<p><strong>Argentina report\u00f3 ayer 42 nuevos decesos y 110.533 casos positivo<\/strong>s de coronavirus, inform\u00f3 el Ministerio de Salud, y agreg\u00f3 que, con estos datos, suman 117.428 los fallecidos y 6.135.836 los contagiados desde el inicio de la pandemia. Del total de casos, <strong>40.327 corresponden a la provincia de Buenos Aires<\/strong>, donde fallecieron 14 personas. La cartera sanitaria agreg\u00f3 que son 1.680 los internados en unidades de terapia intensiva, con un porcentaje de ocupaci\u00f3n de camas de adultos de 37,8% en el pa\u00eds y del 38,8% en la \u00c1rea Metropolitana Buenos Aires (AMBA).<\/p>\n","protected":false},"excerpt":{"rendered":"<p>El gremio pidi\u00f3 a la Suprema Corte que revise las medidas de cuidado, tras la denuncia de irregularidades en San Mart\u00edn. La Asociaci\u00f3n Judicial Bonaerense (AJB) reclam\u00f3 que se retome la modalidad de trabajo en burbujas a partir de los crecientes contagios de coronavirus y la denuncia de irregularidad en el Poder Judicial de San&hellip;<\/p>\n","protected":false},"author":1,"featured_media":110610,"comment_status":"open","ping_status":"open","sticky":false,"template":"","format":"standard","meta":{"footnotes":""},"categories":[16,20],"tags":[4626,35221,32346,32627,2450,32620,901],"class_list":["post-110609","post","type-post","status-publish","format-standard","has-post-thumbnail","hentry","category-gremiales","category-judiciales","tag-ajb","tag-burbujas","tag-coronavirus","tag-covid-19","tag-diario-el-sindical","tag-pandemia","tag-suprema-corte"],"_links":{"self":[{"href":"https:\/\/www.elsindical.com.ar\/notas\/wp-json\/wp\/v2\/posts\/110609","targetHints":{"allow":["GET"]}}],"collection":[{"href":"https:\/\/www.elsindical.com.ar\/notas\/wp-json\/wp\/v2\/posts"}],"about":[{"href":"https:\/\/www.elsindical.com.ar\/notas\/wp-json\/wp\/v2\/types\/post"}],"author":[{"embeddable":true,"href":"https:\/\/www.elsindical.com.ar\/notas\/wp-json\/wp\/v2\/users\/1"}],"replies":[{"embeddable":true,"href":"https:\/\/www.elsindical.com.ar\/notas\/wp-json\/wp\/v2\/comments?post=110609"}],"version-history":[{"count":1,"href":"https:\/\/www.elsindical.com.ar\/notas\/wp-json\/wp\/v2\/posts\/110609\/revisions"}],"predecessor-version":[{"id":110611,"href":"https:\/\/www.elsindical.com.ar\/notas\/wp-json\/wp\/v2\/posts\/110609\/revisions\/110611"}],"wp:featuredmedia":[{"embeddable":true,"href":"https:\/\/www.elsindical.com.ar\/notas\/wp-json\/wp\/v2\/media\/110610"}],"wp:attachment":[{"href":"https:\/\/www.elsindical.com.ar\/notas\/wp-json\/wp\/v2\/media?parent=110609"}],"wp:term":[{"taxonomy":"category","embeddable":true,"href":"https:\/\/www.elsindical.com.ar\/notas\/wp-json\/wp\/v2\/categories?post=110609"},{"taxonomy":"post_tag","embeddable":true,"href":"https:\/\/www.elsindical.com.ar\/notas\/wp-json\/wp\/v2\/tags?post=110609"}],"curies":[{"name":"wp","href":"https:\/\/api.w.org\/{rel}","templated":true}]}}