{"id":110598,"date":"2022-01-09T10:24:52","date_gmt":"2022-01-09T13:24:52","guid":{"rendered":"https:\/\/www.elsindical.com.ar\/notas\/?p=110598"},"modified":"2022-01-09T10:24:53","modified_gmt":"2022-01-09T13:24:53","slug":"lomas-de-zamora-detuvieron-a-uno-de-los-hijos-del-cantante-antonio-rios-acusado-de-abuso-sexual","status":"publish","type":"post","link":"https:\/\/www.elsindical.com.ar\/notas\/lomas-de-zamora-detuvieron-a-uno-de-los-hijos-del-cantante-antonio-rios-acusado-de-abuso-sexual\/","title":{"rendered":"Lomas de Zamora: Detuvieron a uno de los  hijos del cantante Antonio R\u00edos, acusado de abuso sexual"},"content":{"rendered":"\n<div class=\"wp-block-image\"><figure class=\"aligncenter size-full\"><a href=\"https:\/\/www.elsindical.com.ar\/notas\/var\/www\/html\/notas\/wp-content\/uploads\/2022\/01\/Antonio-Rios-y-su-hijo.jpg\"><img loading=\"lazy\" decoding=\"async\" width=\"616\" height=\"626\" src=\"https:\/\/www.elsindical.com.ar\/notas\/var\/www\/html\/notas\/wp-content\/uploads\/2022\/01\/Antonio-Rios-y-su-hijo.jpg\" alt=\"\" class=\"wp-image-110599\" srcset=\"https:\/\/www.elsindical.com.ar\/notas\/var\/www\/html\/notas\/wp-content\/uploads\/2022\/01\/Antonio-Rios-y-su-hijo.jpg 616w, https:\/\/www.elsindical.com.ar\/notas\/var\/www\/html\/notas\/wp-content\/uploads\/2022\/01\/Antonio-Rios-y-su-hijo-295x300.jpg 295w, https:\/\/www.elsindical.com.ar\/notas\/var\/www\/html\/notas\/wp-content\/uploads\/2022\/01\/Antonio-Rios-y-su-hijo-50x50.jpg 50w\" sizes=\"auto, (max-width: 616px) 100vw, 616px\" \/><\/a><\/figure><\/div>\n\n\n\n<p>Daniel R\u00edos, hijo del cantante de m\u00fasica tropical Antonio R\u00edos, fue detenido acusado de abusar sexualmente de una ni\u00f1a de 8 a\u00f1os, en un hecho ocurrido en una vivienda de Lomas de Zamora. La v\u00edctima lo denuncio en 2020, cuando ten\u00eda 12.<\/p>\n\n\n\n<p>Fuentes de la investigaci\u00f3n informaron que el acusado, de 32 a\u00f1os, fue detenido por efectivos de la DDI de Lomas de Zamora.<\/p>\n\n\n\n<p>Daniel R\u00edos es efectivo de la Polic\u00eda de la Ciudad y los padres de la v\u00edctima ven\u00edan reclamando su detenci\u00f3n desde hace varios meses.<\/p>\n\n\n\n<p>De acuerdo a la imputaci\u00f3n, el detenido abus\u00f3 sexualmente en dos oportunidades, en 2017, en una vivienda de Lomas a una ni\u00f1a de 8 a\u00f1os. La menor era la sobrina de quien entonces era pareja de Daniel R\u00edos.<\/p>\n\n\n\n<p>\u201cViv\u00edamos cerca. Daniel con mi hermana viv\u00edan arriba de la casa de mis padres. Este hombre abus\u00f3 de mi hija cuando su abuela la mand\u00f3 a buscar cosas a esa casa de arriba\u201d, afirm\u00f3 la madre de la v\u00edctima.<\/p>\n\n\n\n<p>De acuerdo a la acusaci\u00f3n, los abusos los habr\u00eda perpetrado amenazando a la v\u00edctima con lastimar a su madre si contaba lo ocurrido.<\/p>\n\n\n\n<p>El detenido qued\u00f3 a disposici\u00f3n de a UFI 9 de Lomas de Zamora, a cargo del fiscal Sebasti\u00e1n Oscar Bisquert.<\/p>\n","protected":false},"excerpt":{"rendered":"<p>Daniel R\u00edos, hijo del cantante de m\u00fasica tropical Antonio R\u00edos, fue detenido acusado de abusar sexualmente de una ni\u00f1a de 8 a\u00f1os, en un hecho ocurrido en una vivienda de Lomas de Zamora. La v\u00edctima lo denuncio en 2020, cuando ten\u00eda 12. Fuentes de la investigaci\u00f3n informaron que el acusado, de 32 a\u00f1os, fue detenido&hellip;<\/p>\n","protected":false},"author":1,"featured_media":110599,"comment_status":"open","ping_status":"open","sticky":false,"template":"","format":"standard","meta":{"footnotes":""},"categories":[20,22],"tags":[783,36315,36314,2450,744,24537],"class_list":["post-110598","post","type-post","status-publish","format-standard","has-post-thumbnail","hentry","category-judiciales","category-policiales","tag-abuso-sexual","tag-antonio-rios","tag-daniel-rios","tag-diario-el-sindical","tag-lomas-de-zamora","tag-policia-de-la-ciudad"],"_links":{"self":[{"href":"https:\/\/www.elsindical.com.ar\/notas\/wp-json\/wp\/v2\/posts\/110598","targetHints":{"allow":["GET"]}}],"collection":[{"href":"https:\/\/www.elsindical.com.ar\/notas\/wp-json\/wp\/v2\/posts"}],"about":[{"href":"https:\/\/www.elsindical.com.ar\/notas\/wp-json\/wp\/v2\/types\/post"}],"author":[{"embeddable":true,"href":"https:\/\/www.elsindical.com.ar\/notas\/wp-json\/wp\/v2\/users\/1"}],"replies":[{"embeddable":true,"href":"https:\/\/www.elsindical.com.ar\/notas\/wp-json\/wp\/v2\/comments?post=110598"}],"version-history":[{"count":1,"href":"https:\/\/www.elsindical.com.ar\/notas\/wp-json\/wp\/v2\/posts\/110598\/revisions"}],"predecessor-version":[{"id":110600,"href":"https:\/\/www.elsindical.com.ar\/notas\/wp-json\/wp\/v2\/posts\/110598\/revisions\/110600"}],"wp:featuredmedia":[{"embeddable":true,"href":"https:\/\/www.elsindical.com.ar\/notas\/wp-json\/wp\/v2\/media\/110599"}],"wp:attachment":[{"href":"https:\/\/www.elsindical.com.ar\/notas\/wp-json\/wp\/v2\/media?parent=110598"}],"wp:term":[{"taxonomy":"category","embeddable":true,"href":"https:\/\/www.elsindical.com.ar\/notas\/wp-json\/wp\/v2\/categories?post=110598"},{"taxonomy":"post_tag","embeddable":true,"href":"https:\/\/www.elsindical.com.ar\/notas\/wp-json\/wp\/v2\/tags?post=110598"}],"curies":[{"name":"wp","href":"https:\/\/api.w.org\/{rel}","templated":true}]}}