{"id":110498,"date":"2022-01-04T10:24:32","date_gmt":"2022-01-04T13:24:32","guid":{"rendered":"https:\/\/www.elsindical.com.ar\/notas\/?p=110498"},"modified":"2022-01-04T10:24:33","modified_gmt":"2022-01-04T13:24:33","slug":"lomas-de-zamora-confirmaron-la-detencion-del-acusado-de-asesinar-a-lara-fernandez-pero-no-logran-dar-con-los-tres-profugos","status":"publish","type":"post","link":"https:\/\/www.elsindical.com.ar\/notas\/lomas-de-zamora-confirmaron-la-detencion-del-acusado-de-asesinar-a-lara-fernandez-pero-no-logran-dar-con-los-tres-profugos\/","title":{"rendered":"Lomas de Zamora: Confirmaron la detenci\u00f3n del acusado de asesinar a Lara Fern\u00e1ndez pero no logran dar con los tres pr\u00f3fugos"},"content":{"rendered":"\n<div class=\"wp-block-image\"><figure class=\"aligncenter size-full\"><a href=\"https:\/\/www.elsindical.com.ar\/notas\/var\/www\/html\/notas\/wp-content\/uploads\/2022\/01\/Lara-Fernandez-asesinada-en-Lomas.jpeg\"><img loading=\"lazy\" decoding=\"async\" width=\"720\" height=\"533\" src=\"https:\/\/www.elsindical.com.ar\/notas\/var\/www\/html\/notas\/wp-content\/uploads\/2022\/01\/Lara-Fernandez-asesinada-en-Lomas.jpeg\" alt=\"\" class=\"wp-image-110489\" srcset=\"https:\/\/www.elsindical.com.ar\/notas\/var\/www\/html\/notas\/wp-content\/uploads\/2022\/01\/Lara-Fernandez-asesinada-en-Lomas.jpeg 720w, https:\/\/www.elsindical.com.ar\/notas\/var\/www\/html\/notas\/wp-content\/uploads\/2022\/01\/Lara-Fernandez-asesinada-en-Lomas-300x222.jpeg 300w, https:\/\/www.elsindical.com.ar\/notas\/var\/www\/html\/notas\/wp-content\/uploads\/2022\/01\/Lara-Fernandez-asesinada-en-Lomas-405x300.jpeg 405w\" sizes=\"auto, (max-width: 720px) 100vw, 720px\" \/><\/a><\/figure><\/div>\n\n\n\n<p>El juez de Garant\u00edas 8 de Lomas de Zamora, Gabriel Vitale, convalid\u00f3 la aprehensi\u00f3n de un joven de 18 a\u00f1os acusado de ser uno de los asesinos de Lara Fern\u00e1ndez, ultimada de un balazo en el cuello para robarle el celular, en un hecho ocurrido el domingo por la ma\u00f1ana en Parque Bar\u00f3n.<\/p>\n\n\n\n<p>Fuentes judiciales informaron que el magistrado aval\u00f3 la detenci\u00f3n del imputado por lo que continuar\u00e1 tras las rejas.<\/p>\n\n\n\n<p>En tanto, los investigadores policiales intentan dar con los tres pr\u00f3fugos del crimen de la adolescente de 17 a\u00f1os.<\/p>\n\n\n\n<p>Los rostros de los tres pr\u00f3fugos ya circularon en redes sociales y los amigos de Lara aseguran que son conocidos del barrio.<\/p>\n\n\n\n<p>Los familiares y amigos de Lara participaron este lunes del velatorio de la adolescente, en medio de un tremendo dolor y un renovado reclamo de justicia.<\/p>\n\n\n\n<p>Lara Fern\u00e1ndez fue asesinada el domingo por la ma\u00f1ana, cuando se encontraba con un grupo de amigas en la esquina de Olmos y Falucho, en Parque Bar\u00f3n.<\/p>\n\n\n\n<p>All\u00ed, las j\u00f3venes fueron sorprendidas por cuatro delincuentes que le exigieron a Lara que les entregara el celular. La adolescente se habr\u00eda resistido y uno de los sujetos le dio un culatazo y le efectu\u00f3 un disparo en el cuello.<\/p>\n\n\n\n<p>Lara falleci\u00f3 camino al Hospital de Llavallol, mientras que los criminales escaparon pero uno fue detenido poco despu\u00e9s.<\/p>\n\n\n\n<p>La causa se encuentra en la UFI 1 de Lomas de Zamora, a cargo de la fiscal Carolina Sagasti. El detenido est\u00e1 imputado de \u201crobo agravado y homicidio\u201d.<\/p>\n","protected":false},"excerpt":{"rendered":"<p>El juez de Garant\u00edas 8 de Lomas de Zamora, Gabriel Vitale, convalid\u00f3 la aprehensi\u00f3n de un joven de 18 a\u00f1os acusado de ser uno de los asesinos de Lara Fern\u00e1ndez, ultimada de un balazo en el cuello para robarle el celular, en un hecho ocurrido el domingo por la ma\u00f1ana en Parque Bar\u00f3n. Fuentes judiciales&hellip;<\/p>\n","protected":false},"author":1,"featured_media":110489,"comment_status":"open","ping_status":"open","sticky":false,"template":"","format":"standard","meta":{"footnotes":""},"categories":[20,22],"tags":[363,2450,10529,36294,744],"class_list":["post-110498","post","type-post","status-publish","format-standard","has-post-thumbnail","hentry","category-judiciales","category-policiales","tag-asesinato","tag-diario-el-sindical","tag-juez-gabriel-vitale","tag-lara-fernandez","tag-lomas-de-zamora"],"_links":{"self":[{"href":"https:\/\/www.elsindical.com.ar\/notas\/wp-json\/wp\/v2\/posts\/110498","targetHints":{"allow":["GET"]}}],"collection":[{"href":"https:\/\/www.elsindical.com.ar\/notas\/wp-json\/wp\/v2\/posts"}],"about":[{"href":"https:\/\/www.elsindical.com.ar\/notas\/wp-json\/wp\/v2\/types\/post"}],"author":[{"embeddable":true,"href":"https:\/\/www.elsindical.com.ar\/notas\/wp-json\/wp\/v2\/users\/1"}],"replies":[{"embeddable":true,"href":"https:\/\/www.elsindical.com.ar\/notas\/wp-json\/wp\/v2\/comments?post=110498"}],"version-history":[{"count":1,"href":"https:\/\/www.elsindical.com.ar\/notas\/wp-json\/wp\/v2\/posts\/110498\/revisions"}],"predecessor-version":[{"id":110499,"href":"https:\/\/www.elsindical.com.ar\/notas\/wp-json\/wp\/v2\/posts\/110498\/revisions\/110499"}],"wp:featuredmedia":[{"embeddable":true,"href":"https:\/\/www.elsindical.com.ar\/notas\/wp-json\/wp\/v2\/media\/110489"}],"wp:attachment":[{"href":"https:\/\/www.elsindical.com.ar\/notas\/wp-json\/wp\/v2\/media?parent=110498"}],"wp:term":[{"taxonomy":"category","embeddable":true,"href":"https:\/\/www.elsindical.com.ar\/notas\/wp-json\/wp\/v2\/categories?post=110498"},{"taxonomy":"post_tag","embeddable":true,"href":"https:\/\/www.elsindical.com.ar\/notas\/wp-json\/wp\/v2\/tags?post=110498"}],"curies":[{"name":"wp","href":"https:\/\/api.w.org\/{rel}","templated":true}]}}