{"id":110425,"date":"2021-12-30T20:00:56","date_gmt":"2021-12-30T23:00:56","guid":{"rendered":"https:\/\/www.elsindical.com.ar\/notas\/?p=110425"},"modified":"2021-12-30T20:00:58","modified_gmt":"2021-12-30T23:00:58","slug":"diputado-peronista-fue-deschavado-en-las-islas-maldivas-por-su-joven-novia","status":"publish","type":"post","link":"https:\/\/www.elsindical.com.ar\/notas\/diputado-peronista-fue-deschavado-en-las-islas-maldivas-por-su-joven-novia\/","title":{"rendered":"Diputado peronista fue deschavado en las Islas Maldivas por su joven novia"},"content":{"rendered":"\n<figure class=\"wp-block-image size-full\"><a href=\"https:\/\/www.elsindical.com.ar\/notas\/var\/www\/html\/notas\/wp-content\/uploads\/2021\/12\/Luis-Rubeo.jpg\"><img loading=\"lazy\" decoding=\"async\" width=\"848\" height=\"477\" src=\"https:\/\/www.elsindical.com.ar\/notas\/var\/www\/html\/notas\/wp-content\/uploads\/2021\/12\/Luis-Rubeo.jpg\" alt=\"\" class=\"wp-image-110426\" srcset=\"https:\/\/www.elsindical.com.ar\/notas\/var\/www\/html\/notas\/wp-content\/uploads\/2021\/12\/Luis-Rubeo.jpg 848w, https:\/\/www.elsindical.com.ar\/notas\/var\/www\/html\/notas\/wp-content\/uploads\/2021\/12\/Luis-Rubeo-300x169.jpg 300w, https:\/\/www.elsindical.com.ar\/notas\/var\/www\/html\/notas\/wp-content\/uploads\/2021\/12\/Luis-Rubeo-768x432.jpg 768w, https:\/\/www.elsindical.com.ar\/notas\/var\/www\/html\/notas\/wp-content\/uploads\/2021\/12\/Luis-Rubeo-500x281.jpg 500w, https:\/\/www.elsindical.com.ar\/notas\/var\/www\/html\/notas\/wp-content\/uploads\/2021\/12\/Luis-Rubeo-460x260.jpg 460w\" sizes=\"auto, (max-width: 848px) 100vw, 848px\" \/><\/a><\/figure>\n\n\n\n<p>Mientras fracasaba la negociaci\u00f3n en la Legislatura santafesina, el legislador justicialista Luis Rubeo estaba en una ex\u00f3tica playa asi\u00e1tica.<\/p>\n\n\n\n<p>Luis Rubeo es un diputado justicialista de Santa Fe que, en lugar de quedarse en provincia para tratar en la Legislatura el presupuesto enviado por el gobernador Omar Perotti, decidi\u00f3 que era un buen momento para hacer un viaje. No se fue cerca, sino por el contrario atraves\u00f3 medio planeta para darse unos d\u00edas en las islas Mald\u00edvas.<\/p>\n\n\n\n<p>Sin embargo, la situaci\u00f3n salt\u00f3 cuando el diputado provincial hizo una salutaci\u00f3n por Navidad a trav\u00e9s de Twitter. \u00abFeliz Navidad y prospero A\u00f1o Nuevo para todas y todos!\u00bb, mensaje que acompa\u00f1\u00f3 con el emoji de los dedos en V, la bandera argentina y dos hashtags, #PartidoJusticialista y #TodosTenemosDerechos.<\/p>\n\n\n\n<p>Hasta ah\u00ed, todo parec\u00eda bien, pero las respuestas a ese tuit no se hicieron esperar.<\/p>\n\n\n\n<p>De inmediato, otros usuarios replicaron las fotos que la pareja del legislador peronista de Santa Fe hab\u00eda sacado en una paradis\u00edaca playa del sudeste asi\u00e1tico. En efecto, en lugar de estar negociando por el presupuesto de la gesti\u00f3n de Omar Perotti, el diputado estaba en la playa de Kuramathi.<\/p>\n\n\n\n<p>\u00bfC\u00f3mo se supo? La pareja del dirigente justicialista hab\u00eda posteado im\u00e1genes de ese ex\u00f3tico y para nada barato destino. \u00abCon mi guardaespaldas\u00bb, describi\u00f3 la joven en una selfie que mostraba partes de su cuerpo tomando sol y, a la distancia, el hombre en la playa con los brazos cruzados.<\/p>\n\n\n\n<p>\u00abFeliz navidad para usted tambi\u00e9n se\u00f1or diputado!!\u00bb, retruc\u00f3 un usuario en Twitter. \u00abVeo que con La Plata de ingresos brutos se llev\u00f3 un interesante paquete a Islas Maldivas\u00bb.<\/p>\n\n\n\n<p>En tanto, el gobernador Perotti ten\u00eda problemas en la Legislatura provincial para aprobar el presupuesto 2022 que, sin acuerdo con la oposici\u00f3n, tuvo que postergar hasta febrero.<\/p>\n\n\n\n<p>Enojado con la oposici\u00f3n, el mandatario santafesino expres\u00f3: \u00abNo darle a la provincia el presupuesto es una se\u00f1al grave, hay que darle a la gente una se\u00f1al para ayudarla y esto es complicarle la vida\u00bb. Ahora, el gobierno de Santa Fe se aprestaba a reconducir el actual presupuesto hasta la sanci\u00f3n del pr\u00f3ximo.<\/p>\n\n\n\n<p>La situaci\u00f3n de Rubeo hizo recordar el viaje de dos legisladores nacionales de Juntos por el Cambio que, en medio del tratamiento del proyecto de Bienes Personales en Diputados, se encontraban en el exterior. Uno en Alemania, por la boda de su hijo y la otra en Disney con su familia de vacaciones.<\/p>\n\n\n\n<div class=\"wp-block-image\"><figure class=\"aligncenter size-full\"><a href=\"https:\/\/www.elsindical.com.ar\/notas\/var\/www\/html\/notas\/wp-content\/uploads\/2021\/12\/Bibizuchiatti.jpg\"><img loading=\"lazy\" decoding=\"async\" width=\"356\" height=\"641\" src=\"https:\/\/www.elsindical.com.ar\/notas\/var\/www\/html\/notas\/wp-content\/uploads\/2021\/12\/Bibizuchiatti.jpg\" alt=\"\" class=\"wp-image-110427\" srcset=\"https:\/\/www.elsindical.com.ar\/notas\/var\/www\/html\/notas\/wp-content\/uploads\/2021\/12\/Bibizuchiatti.jpg 356w, https:\/\/www.elsindical.com.ar\/notas\/var\/www\/html\/notas\/wp-content\/uploads\/2021\/12\/Bibizuchiatti-167x300.jpg 167w\" sizes=\"auto, (max-width: 356px) 100vw, 356px\" \/><\/a><\/figure><\/div>\n","protected":false},"excerpt":{"rendered":"<p>Mientras fracasaba la negociaci\u00f3n en la Legislatura santafesina, el legislador justicialista Luis Rubeo estaba en una ex\u00f3tica playa asi\u00e1tica. Luis Rubeo es un diputado justicialista de Santa Fe que, en lugar de quedarse en provincia para tratar en la Legislatura el presupuesto enviado por el gobernador Omar Perotti, decidi\u00f3 que era un buen momento para&hellip;<\/p>\n","protected":false},"author":1,"featured_media":110426,"comment_status":"open","ping_status":"open","sticky":false,"template":"","format":"standard","meta":{"footnotes":""},"categories":[13],"tags":[2450,3012,36281,36282,1010,28107,36280,609],"class_list":["post-110425","post","type-post","status-publish","format-standard","has-post-thumbnail","hentry","category-politica","tag-diario-el-sindical","tag-diputado","tag-islas-maldivas","tag-luis-rubeo","tag-novia","tag-peronista","tag-playa-de-kuramathi","tag-santa-fe"],"_links":{"self":[{"href":"https:\/\/www.elsindical.com.ar\/notas\/wp-json\/wp\/v2\/posts\/110425","targetHints":{"allow":["GET"]}}],"collection":[{"href":"https:\/\/www.elsindical.com.ar\/notas\/wp-json\/wp\/v2\/posts"}],"about":[{"href":"https:\/\/www.elsindical.com.ar\/notas\/wp-json\/wp\/v2\/types\/post"}],"author":[{"embeddable":true,"href":"https:\/\/www.elsindical.com.ar\/notas\/wp-json\/wp\/v2\/users\/1"}],"replies":[{"embeddable":true,"href":"https:\/\/www.elsindical.com.ar\/notas\/wp-json\/wp\/v2\/comments?post=110425"}],"version-history":[{"count":1,"href":"https:\/\/www.elsindical.com.ar\/notas\/wp-json\/wp\/v2\/posts\/110425\/revisions"}],"predecessor-version":[{"id":110428,"href":"https:\/\/www.elsindical.com.ar\/notas\/wp-json\/wp\/v2\/posts\/110425\/revisions\/110428"}],"wp:featuredmedia":[{"embeddable":true,"href":"https:\/\/www.elsindical.com.ar\/notas\/wp-json\/wp\/v2\/media\/110426"}],"wp:attachment":[{"href":"https:\/\/www.elsindical.com.ar\/notas\/wp-json\/wp\/v2\/media?parent=110425"}],"wp:term":[{"taxonomy":"category","embeddable":true,"href":"https:\/\/www.elsindical.com.ar\/notas\/wp-json\/wp\/v2\/categories?post=110425"},{"taxonomy":"post_tag","embeddable":true,"href":"https:\/\/www.elsindical.com.ar\/notas\/wp-json\/wp\/v2\/tags?post=110425"}],"curies":[{"name":"wp","href":"https:\/\/api.w.org\/{rel}","templated":true}]}}