{"id":110421,"date":"2021-12-30T10:58:37","date_gmt":"2021-12-30T13:58:37","guid":{"rendered":"https:\/\/www.elsindical.com.ar\/notas\/?p=110421"},"modified":"2021-12-30T10:58:39","modified_gmt":"2021-12-30T13:58:39","slug":"pinamar-irresponsabilidad-y-falta-de-controles-provocan-la-muerte-de-una-joven","status":"publish","type":"post","link":"https:\/\/www.elsindical.com.ar\/notas\/pinamar-irresponsabilidad-y-falta-de-controles-provocan-la-muerte-de-una-joven\/","title":{"rendered":"Pinamar: Irresponsabilidad y falta de controles provocan la muerte de una joven"},"content":{"rendered":"\n<figure class=\"wp-block-image size-full\"><a href=\"https:\/\/www.elsindical.com.ar\/notas\/var\/www\/html\/notas\/wp-content\/uploads\/2021\/12\/Agustina-Queirel.jpg\"><img loading=\"lazy\" decoding=\"async\" width=\"879\" height=\"672\" src=\"https:\/\/www.elsindical.com.ar\/notas\/var\/www\/html\/notas\/wp-content\/uploads\/2021\/12\/Agustina-Queirel.jpg\" alt=\"\" class=\"wp-image-110422\" srcset=\"https:\/\/www.elsindical.com.ar\/notas\/var\/www\/html\/notas\/wp-content\/uploads\/2021\/12\/Agustina-Queirel.jpg 879w, https:\/\/www.elsindical.com.ar\/notas\/var\/www\/html\/notas\/wp-content\/uploads\/2021\/12\/Agustina-Queirel-300x229.jpg 300w, https:\/\/www.elsindical.com.ar\/notas\/var\/www\/html\/notas\/wp-content\/uploads\/2021\/12\/Agustina-Queirel-768x587.jpg 768w, https:\/\/www.elsindical.com.ar\/notas\/var\/www\/html\/notas\/wp-content\/uploads\/2021\/12\/Agustina-Queirel-392x300.jpg 392w\" sizes=\"auto, (max-width: 879px) 100vw, 879px\" \/><\/a><\/figure>\n\n\n\n<p>   Una joven madre identificada como Agustina Queirel era oriunda de la provincia de Corrientes, ten\u00eda 33 a\u00f1os y dos hijos, ambos viajaban con ella y una amiga al momento del accidente.<\/p>\n\n\n\n<p>A pesar de los intentos de cambios normativos, las historias fatales con cuatriciclos se suceden todav\u00eda durante las temporadas de verano en la costa. La \u00faltima tragedia ocurri\u00f3 este mi\u00e9rcoles y tuvo como v\u00edctima a <strong>Agustina Queirel, una correntina de 33 a\u00f1os <\/strong>que se encontraba de vacaciones con su familia en Pinamar y muri\u00f3 aplastada por uno de estos veh\u00edculos en los m\u00e9danos de esta ciudad balnearia.<\/p>\n\n\n\n<p>Seg\u00fan el informe policial, la mujer <strong>ten\u00eda dos hijos, uno de 2 y otro de 7 a\u00f1os, <\/strong>quienes se encontraban con ella en el momento del accidente. Tambi\u00e9n, una amiga de la joven, Mar\u00eda Delia Denk, de 36 a\u00f1os, viajaba en el rodado. Por fortuna, los otros tres acompa\u00f1antes sufrieron solo heridas leves, y ya se encuentran fuera de peligro.<\/p>\n\n\n\n<p><strong>El hecho sucedi\u00f3 en la Segunda Olla<\/strong>, un lugar privado que se encuentra en la zona de Pinamar Norte, cerca del l\u00edmite con Costa Esmeralda, lugar donde estaba alojada la v\u00edctima y los acompa\u00f1antes, quienes no llevaban casco al momento del accidente.<\/p>\n\n\n\n<p>Seg\u00fan trascendi\u00f3,&nbsp;<strong>la chica efectuaba maniobras de destreza con su cuatriciclo, cuando el veh\u00edculo se dio vuelta en el aire y cay\u00f3 sobre ella.<\/strong><\/p>\n\n\n\n<p>Algunos testimonios indican que el cuatriciclo lo habr\u00edan comprado el mismo d\u00eda y hab\u00edan salido a probarlo.<\/p>\n\n\n\n<p>La v\u00edctima perdi\u00f3 el control luego de saltar un m\u00e9dano y el veh\u00edculo, un modelo Cforce 625, gir\u00f3 en el aire y golpe\u00f3 a la conductora en la cabeza.<\/p>\n\n\n\n<p>El cuatriciclo en el que se movilizaban tiene un peso superior a los 350 kilos.<\/p>\n\n\n\n<p>La causa qued\u00f3 a cargo dela Unidad Funcional de Instrucci\u00f3n (UFI) n\u00famero 4 de Pinamar, a cargo de Juan Pablo Calder\u00f3n, del Departamento Judicial de Dolores.<\/p>\n\n\n\n<figure class=\"wp-block-image size-large\"><a href=\"https:\/\/www.elsindical.com.ar\/notas\/var\/www\/html\/notas\/wp-content\/uploads\/2021\/12\/Pinamar-cuatricilo-diciembre-2021.jpeg\"><img loading=\"lazy\" decoding=\"async\" width=\"1024\" height=\"521\" src=\"https:\/\/www.elsindical.com.ar\/notas\/var\/www\/html\/notas\/wp-content\/uploads\/2021\/12\/Pinamar-cuatricilo-diciembre-2021-1024x521.jpeg\" alt=\"\" class=\"wp-image-110423\" srcset=\"https:\/\/www.elsindical.com.ar\/notas\/var\/www\/html\/notas\/wp-content\/uploads\/2021\/12\/Pinamar-cuatricilo-diciembre-2021-1024x521.jpeg 1024w, https:\/\/www.elsindical.com.ar\/notas\/var\/www\/html\/notas\/wp-content\/uploads\/2021\/12\/Pinamar-cuatricilo-diciembre-2021-300x153.jpeg 300w, https:\/\/www.elsindical.com.ar\/notas\/var\/www\/html\/notas\/wp-content\/uploads\/2021\/12\/Pinamar-cuatricilo-diciembre-2021-768x390.jpeg 768w, https:\/\/www.elsindical.com.ar\/notas\/var\/www\/html\/notas\/wp-content\/uploads\/2021\/12\/Pinamar-cuatricilo-diciembre-2021-500x254.jpeg 500w, https:\/\/www.elsindical.com.ar\/notas\/var\/www\/html\/notas\/wp-content\/uploads\/2021\/12\/Pinamar-cuatricilo-diciembre-2021.jpeg 1200w\" sizes=\"auto, (max-width: 1024px) 100vw, 1024px\" \/><\/a><\/figure>\n","protected":false},"excerpt":{"rendered":"<p>Una joven madre identificada como Agustina Queirel era oriunda de la provincia de Corrientes, ten\u00eda 33 a\u00f1os y dos hijos, ambos viajaban con ella y una amiga al momento del accidente. A pesar de los intentos de cambios normativos, las historias fatales con cuatriciclos se suceden todav\u00eda durante las temporadas de verano en la costa.&hellip;<\/p>\n","protected":false},"author":1,"featured_media":110422,"comment_status":"open","ping_status":"open","sticky":false,"template":"","format":"standard","meta":{"footnotes":""},"categories":[22],"tags":[36278,9732,2450,36279,1516],"class_list":["post-110421","post","type-post","status-publish","format-standard","has-post-thumbnail","hentry","category-policiales","tag-agustina-queirel","tag-cuatriciclo","tag-diario-el-sindical","tag-maria-delia-denk","tag-pinamar"],"_links":{"self":[{"href":"https:\/\/www.elsindical.com.ar\/notas\/wp-json\/wp\/v2\/posts\/110421","targetHints":{"allow":["GET"]}}],"collection":[{"href":"https:\/\/www.elsindical.com.ar\/notas\/wp-json\/wp\/v2\/posts"}],"about":[{"href":"https:\/\/www.elsindical.com.ar\/notas\/wp-json\/wp\/v2\/types\/post"}],"author":[{"embeddable":true,"href":"https:\/\/www.elsindical.com.ar\/notas\/wp-json\/wp\/v2\/users\/1"}],"replies":[{"embeddable":true,"href":"https:\/\/www.elsindical.com.ar\/notas\/wp-json\/wp\/v2\/comments?post=110421"}],"version-history":[{"count":1,"href":"https:\/\/www.elsindical.com.ar\/notas\/wp-json\/wp\/v2\/posts\/110421\/revisions"}],"predecessor-version":[{"id":110424,"href":"https:\/\/www.elsindical.com.ar\/notas\/wp-json\/wp\/v2\/posts\/110421\/revisions\/110424"}],"wp:featuredmedia":[{"embeddable":true,"href":"https:\/\/www.elsindical.com.ar\/notas\/wp-json\/wp\/v2\/media\/110422"}],"wp:attachment":[{"href":"https:\/\/www.elsindical.com.ar\/notas\/wp-json\/wp\/v2\/media?parent=110421"}],"wp:term":[{"taxonomy":"category","embeddable":true,"href":"https:\/\/www.elsindical.com.ar\/notas\/wp-json\/wp\/v2\/categories?post=110421"},{"taxonomy":"post_tag","embeddable":true,"href":"https:\/\/www.elsindical.com.ar\/notas\/wp-json\/wp\/v2\/tags?post=110421"}],"curies":[{"name":"wp","href":"https:\/\/api.w.org\/{rel}","templated":true}]}}