{"id":110410,"date":"2021-12-30T09:58:17","date_gmt":"2021-12-30T12:58:17","guid":{"rendered":"https:\/\/www.elsindical.com.ar\/notas\/?p=110410"},"modified":"2021-12-30T09:58:18","modified_gmt":"2021-12-30T12:58:18","slug":"stma-doval-desesperado-sale-a-denunciar-la-personeria-gremial-del-suma","status":"publish","type":"post","link":"https:\/\/www.elsindical.com.ar\/notas\/stma-doval-desesperado-sale-a-denunciar-la-personeria-gremial-del-suma\/","title":{"rendered":"STMA Doval desesperado sale a denunciar la personer\u00eda gremial del SUMA"},"content":{"rendered":"\n<figure class=\"wp-block-image size-full\"><a href=\"https:\/\/www.elsindical.com.ar\/notas\/var\/www\/html\/notas\/wp-content\/uploads\/2021\/12\/comunicado-sobre-el-SUMA.jpg\"><img loading=\"lazy\" decoding=\"async\" width=\"843\" height=\"839\" src=\"https:\/\/www.elsindical.com.ar\/notas\/var\/www\/html\/notas\/wp-content\/uploads\/2021\/12\/comunicado-sobre-el-SUMA.jpg\" alt=\"\" class=\"wp-image-110411\" srcset=\"https:\/\/www.elsindical.com.ar\/notas\/var\/www\/html\/notas\/wp-content\/uploads\/2021\/12\/comunicado-sobre-el-SUMA.jpg 843w, https:\/\/www.elsindical.com.ar\/notas\/var\/www\/html\/notas\/wp-content\/uploads\/2021\/12\/comunicado-sobre-el-SUMA-300x300.jpg 300w, https:\/\/www.elsindical.com.ar\/notas\/var\/www\/html\/notas\/wp-content\/uploads\/2021\/12\/comunicado-sobre-el-SUMA-150x150.jpg 150w, https:\/\/www.elsindical.com.ar\/notas\/var\/www\/html\/notas\/wp-content\/uploads\/2021\/12\/comunicado-sobre-el-SUMA-768x764.jpg 768w, https:\/\/www.elsindical.com.ar\/notas\/var\/www\/html\/notas\/wp-content\/uploads\/2021\/12\/comunicado-sobre-el-SUMA-301x300.jpg 301w, https:\/\/www.elsindical.com.ar\/notas\/var\/www\/html\/notas\/wp-content\/uploads\/2021\/12\/comunicado-sobre-el-SUMA-50x50.jpg 50w\" sizes=\"auto, (max-width: 843px) 100vw, 843px\" \/><\/a><\/figure>\n\n\n\n<p>   En un breve comunicado que no dice nada, el STMA que conduce Hern\u00e1n Doval, sale a denunciar supuestas presiones del poder pol\u00edtico sobre el Ministerio de Trabajo para que este otorgue de manera \u00abilegal\u00bb la personer\u00eda jur\u00eddica al SUMA y que no pueden coexistir dos sindicatos con personer\u00eda gremial.<\/p>\n\n\n\n<p>Una vez m\u00e1s, Hern\u00e1n Doval mal asesorado y seguramente despilfarrando dinero de los afiliados, cae en la tentaci\u00f3n de denunciar hechos rid\u00edculos, afirmar que el Ministerio de Trabajo sufri\u00f3 presiones pol\u00edticas que no desarrolla, es una muestra de que este muchacho no est\u00e1 bien, porque los ministerios son pol\u00edticos y sus ministros son designados por pol\u00edticos, entonces de qu\u00e9 presiones pol\u00edticas habla?, que d\u00e9 nombres y describa las situaciones.<\/p>\n\n\n\n<p>Por otro lado la Ley 23.551, en su Art. 28 establece un procedimiento por el cual un sindicato con personer\u00eda jur\u00eddica puede dejar de tenerla y es muy sencillo el tr\u00e1mite, que el nuevo sindicato supere en cantidad de afiliados al que ostenta la personer\u00eda. Con lo cual Doval deber\u00eda empezar a pensar bien como administra el STMA que no le pertenece ni a \u00e9l ni al Cholo Garc\u00eda.<\/p>\n\n\n\n<p>M\u00e1s a\u00fan, Hern\u00e1n Doval se pone del lado de una norma reglamentaria a la Ley que tiene su origen en los gobiernos de facto y por si no lo sabe, se encuentra un proyecto de Ley por el cual esta \u00abbarrera\u00bb de no permitir dos sindicatos con personer\u00eda gremial permitir\u00e1 que el sindicato que tenga personer\u00eda gremial no la pierda frente a uno nuevo, es decir, Doval y compa\u00f1\u00eda podr\u00e1n seguir viviendo sin un trabajo real.<\/p>\n\n\n\n<p>Por eso lo que deber\u00edan hacer los trabajadores del municipio de Avellaneda es desafiliarse del STMA que hace a\u00f1os ha despilfarrado el patrimonio de los trabajadores para que vivan una vida de lujos sus principales dirigentes, Doval, Garc\u00eda, Ferro, lo saben todos, lo comentan todos y se quejan TODOS, bueno, tienen una oportunidad de terminar con eso que les molesta, ahora es el momento de que pierdan la personer\u00eda gremial y le den una lecci\u00f3n a los que viven del sindicalismo, hagan que dejen de vivir c\u00f3modos los que supuestamente defienden sus derechos.<\/p>\n\n\n\n<p>Con esto no es un apoyo al SUMA ni nada parecido, de hecho Daniel Aversa es un exiliado del STMA que se fue a la vieja Federaci\u00f3n de Trabajadores Municipales de la Provincia de Buenos Aires, a la que le sali\u00f3 a disputar territorio la FESIMUBO del Cholo Garc\u00eda que ya no le alcanzaba un sindicato y quer\u00eda m\u00e1s caja, esa es la realidad.<\/p>\n\n\n\n<p>Los trabajadores deber\u00edan empezar a hacerse o\u00edr, a castigar con el voto y la desafiliaci\u00f3n y pensar en otras alternativas de representantes trabajadores y no de representantes que les gusta vivir muy bien, la rosca pol\u00edtica, los viajes, los autos importados, que priorizan amigas antes que los afiliados para atenci\u00f3n en los sanatorios y todo eso que ya saben.<\/p>\n\n\n\n<p><\/p>\n\n\n\n<p>Por Marcelo Ricardo Hawrylciw<\/p>\n","protected":false},"excerpt":{"rendered":"<p>En un breve comunicado que no dice nada, el STMA que conduce Hern\u00e1n Doval, sale a denunciar supuestas presiones del poder pol\u00edtico sobre el Ministerio de Trabajo para que este otorgue de manera \u00abilegal\u00bb la personer\u00eda jur\u00eddica al SUMA y que no pueden coexistir dos sindicatos con personer\u00eda gremial. Una vez m\u00e1s, Hern\u00e1n Doval mal&hellip;<\/p>\n","protected":false},"author":1,"featured_media":110411,"comment_status":"open","ping_status":"open","sticky":false,"template":"","format":"standard","meta":{"footnotes":""},"categories":[16],"tags":[461,23133,18556,23792,22020,36277,2450,17286,3216,3141,927],"class_list":["post-110410","post","type-post","status-publish","format-standard","has-post-thumbnail","hentry","category-gremiales","tag-avellaneda","tag-cholo-garcia","tag-daniel-aversa","tag-daniel-ferro","tag-denuncias","tag-desafiliaciones","tag-diario-el-sindical","tag-hernan-doval","tag-personeria-gremial","tag-stma","tag-suma"],"_links":{"self":[{"href":"https:\/\/www.elsindical.com.ar\/notas\/wp-json\/wp\/v2\/posts\/110410","targetHints":{"allow":["GET"]}}],"collection":[{"href":"https:\/\/www.elsindical.com.ar\/notas\/wp-json\/wp\/v2\/posts"}],"about":[{"href":"https:\/\/www.elsindical.com.ar\/notas\/wp-json\/wp\/v2\/types\/post"}],"author":[{"embeddable":true,"href":"https:\/\/www.elsindical.com.ar\/notas\/wp-json\/wp\/v2\/users\/1"}],"replies":[{"embeddable":true,"href":"https:\/\/www.elsindical.com.ar\/notas\/wp-json\/wp\/v2\/comments?post=110410"}],"version-history":[{"count":1,"href":"https:\/\/www.elsindical.com.ar\/notas\/wp-json\/wp\/v2\/posts\/110410\/revisions"}],"predecessor-version":[{"id":110412,"href":"https:\/\/www.elsindical.com.ar\/notas\/wp-json\/wp\/v2\/posts\/110410\/revisions\/110412"}],"wp:featuredmedia":[{"embeddable":true,"href":"https:\/\/www.elsindical.com.ar\/notas\/wp-json\/wp\/v2\/media\/110411"}],"wp:attachment":[{"href":"https:\/\/www.elsindical.com.ar\/notas\/wp-json\/wp\/v2\/media?parent=110410"}],"wp:term":[{"taxonomy":"category","embeddable":true,"href":"https:\/\/www.elsindical.com.ar\/notas\/wp-json\/wp\/v2\/categories?post=110410"},{"taxonomy":"post_tag","embeddable":true,"href":"https:\/\/www.elsindical.com.ar\/notas\/wp-json\/wp\/v2\/tags?post=110410"}],"curies":[{"name":"wp","href":"https:\/\/api.w.org\/{rel}","templated":true}]}}