{"id":110330,"date":"2021-12-26T11:08:38","date_gmt":"2021-12-26T14:08:38","guid":{"rendered":"https:\/\/www.elsindical.com.ar\/notas\/?p=110330"},"modified":"2021-12-26T11:08:39","modified_gmt":"2021-12-26T14:08:39","slug":"lomas-de-zamora-violencia-en-temperley-pinas-botellazos-y-robo-de-celulares-en-la-calle","status":"publish","type":"post","link":"https:\/\/www.elsindical.com.ar\/notas\/lomas-de-zamora-violencia-en-temperley-pinas-botellazos-y-robo-de-celulares-en-la-calle\/","title":{"rendered":"Lomas de Zamora: Violencia en Temperley, pi\u00f1as, botellazos y robo de celulares en la calle"},"content":{"rendered":"\n<div class=\"wp-block-image\"><figure class=\"aligncenter size-full\"><a href=\"https:\/\/www.elsindical.com.ar\/notas\/var\/www\/html\/notas\/wp-content\/uploads\/2021\/12\/robos-celulares-fiesta-en-Temperley.jpeg\"><img loading=\"lazy\" decoding=\"async\" width=\"720\" height=\"556\" src=\"https:\/\/www.elsindical.com.ar\/notas\/var\/www\/html\/notas\/wp-content\/uploads\/2021\/12\/robos-celulares-fiesta-en-Temperley.jpeg\" alt=\"\" class=\"wp-image-110331\" srcset=\"https:\/\/www.elsindical.com.ar\/notas\/var\/www\/html\/notas\/wp-content\/uploads\/2021\/12\/robos-celulares-fiesta-en-Temperley.jpeg 720w, https:\/\/www.elsindical.com.ar\/notas\/var\/www\/html\/notas\/wp-content\/uploads\/2021\/12\/robos-celulares-fiesta-en-Temperley-300x232.jpeg 300w, https:\/\/www.elsindical.com.ar\/notas\/var\/www\/html\/notas\/wp-content\/uploads\/2021\/12\/robos-celulares-fiesta-en-Temperley-388x300.jpeg 388w\" sizes=\"auto, (max-width: 720px) 100vw, 720px\" \/><\/a><\/figure><\/div>\n\n\n\n<p class=\"wp-block-paragraph\">Un festejo callejero de&nbsp; Navidad, en el barrio San Jos\u00e9 en Temperley, termin\u00f3 con botellazos, heridos y robos de celulares y billeteras, y hasta de una camioneta que estaba estacionada en el lugar. Los vecinos denunciaron que la Polic\u00eda intervino a pesar de los pedidos.<\/p>\n\n\n\n<p class=\"wp-block-paragraph\">Todo comenz\u00f3 alrededor de las 2 de la madrugada cuando cerca de un centenar de j\u00f3venes realizaron un encuentro en la esquina de Ravel y Tarija, en el barrio San Jos\u00e9, en Temperley. Hasta all\u00ed, algo habitual para esta fecha en distintos puntos del Conurbano.<\/p>\n\n\n\n<p class=\"wp-block-paragraph\">Alrededor de las 5 lleg\u00f3 otro grupo de j\u00f3venes que comenz\u00f3 a increpar y a pelearse con los que estaban all\u00ed. En ese contexto empezaron a agredirse&nbsp; a golpes de pu\u00f1o y botellazos.<\/p>\n\n\n\n<p class=\"wp-block-paragraph\"><strong>Mientras esto ocurr\u00eda, armados con cuchillos, otro grupo de j\u00f3venes le comenz\u00f3 a robar los tel\u00e9fonos celulares y las billeteras a quienes estaban all\u00ed, especialmente a la chicas, muchas de las cuales terminaron golpeada.<\/strong><\/p>\n\n\n\n<p class=\"wp-block-paragraph\">En medio del descontrol, tres j\u00f3venes lograron hacer arrancar una camioneta, a la que le hab\u00edan roto los vidrios, y se la robaron.<\/p>\n\n\n\n<p class=\"wp-block-paragraph\">La situaci\u00f3n fue vista y filmada por vecinos que subieron las im\u00e1genes a las redes sociales. \u201cLlamamos a la Polic\u00eda, pas\u00f3 vio lo que ocurr\u00eda y no intervino\u201d, aseguraron personas que estaban en el violento festejo.<\/p>\n\n\n\n<p class=\"wp-block-paragraph\">Las denuncias por los robos se radicaron en la Comisar\u00eda 6ta de San Jos\u00e9 que deber\u00e1 investigar qu\u00e9 ocurri\u00f3 y dar con los responsables<\/p>\n","protected":false},"excerpt":{"rendered":"<p>Un festejo callejero de&nbsp; Navidad, en el barrio San Jos\u00e9 en Temperley, termin\u00f3 con botellazos, heridos y robos de celulares y billeteras, y hasta de una camioneta que estaba estacionada en el lugar. Los vecinos denunciaron que la Polic\u00eda intervino a pesar de los pedidos. Todo comenz\u00f3 alrededor de las 2 de la madrugada cuando&hellip;<\/p>\n","protected":false},"author":1,"featured_media":110331,"comment_status":"open","ping_status":"open","sticky":false,"template":"","format":"standard","meta":{"footnotes":""},"categories":[22],"tags":[624,32421,2450,984,744,36250,1174,1430],"class_list":["post-110330","post","type-post","status-publish","format-standard","has-post-thumbnail","hentry","category-policiales","tag-celulares","tag-descontrol","tag-diario-el-sindical","tag-inseguridad","tag-lomas-de-zamora","tag-peleas-callejeras","tag-robos","tag-temperley"],"_links":{"self":[{"href":"https:\/\/www.elsindical.com.ar\/notas\/wp-json\/wp\/v2\/posts\/110330","targetHints":{"allow":["GET"]}}],"collection":[{"href":"https:\/\/www.elsindical.com.ar\/notas\/wp-json\/wp\/v2\/posts"}],"about":[{"href":"https:\/\/www.elsindical.com.ar\/notas\/wp-json\/wp\/v2\/types\/post"}],"author":[{"embeddable":true,"href":"https:\/\/www.elsindical.com.ar\/notas\/wp-json\/wp\/v2\/users\/1"}],"replies":[{"embeddable":true,"href":"https:\/\/www.elsindical.com.ar\/notas\/wp-json\/wp\/v2\/comments?post=110330"}],"version-history":[{"count":1,"href":"https:\/\/www.elsindical.com.ar\/notas\/wp-json\/wp\/v2\/posts\/110330\/revisions"}],"predecessor-version":[{"id":110332,"href":"https:\/\/www.elsindical.com.ar\/notas\/wp-json\/wp\/v2\/posts\/110330\/revisions\/110332"}],"wp:featuredmedia":[{"embeddable":true,"href":"https:\/\/www.elsindical.com.ar\/notas\/wp-json\/wp\/v2\/media\/110331"}],"wp:attachment":[{"href":"https:\/\/www.elsindical.com.ar\/notas\/wp-json\/wp\/v2\/media?parent=110330"}],"wp:term":[{"taxonomy":"category","embeddable":true,"href":"https:\/\/www.elsindical.com.ar\/notas\/wp-json\/wp\/v2\/categories?post=110330"},{"taxonomy":"post_tag","embeddable":true,"href":"https:\/\/www.elsindical.com.ar\/notas\/wp-json\/wp\/v2\/tags?post=110330"}],"curies":[{"name":"wp","href":"https:\/\/api.w.org\/{rel}","templated":true}]}}