{"id":110287,"date":"2021-12-23T00:39:37","date_gmt":"2021-12-23T03:39:37","guid":{"rendered":"https:\/\/www.elsindical.com.ar\/notas\/?p=110287"},"modified":"2021-12-23T00:39:38","modified_gmt":"2021-12-23T03:39:38","slug":"la-ciudad-de-buenos-aires-no-exigira-pase-sanitario","status":"publish","type":"post","link":"https:\/\/www.elsindical.com.ar\/notas\/la-ciudad-de-buenos-aires-no-exigira-pase-sanitario\/","title":{"rendered":"La Ciudad de Buenos Aires no exigir\u00e1 pase sanitario"},"content":{"rendered":"\n<figure class=\"wp-block-image size-full\"><a href=\"https:\/\/www.elsindical.com.ar\/notas\/var\/www\/html\/notas\/wp-content\/uploads\/2021\/12\/certificado-de-vacunacion.jpg\"><img loading=\"lazy\" decoding=\"async\" width=\"844\" height=\"511\" src=\"https:\/\/www.elsindical.com.ar\/notas\/var\/www\/html\/notas\/wp-content\/uploads\/2021\/12\/certificado-de-vacunacion.jpg\" alt=\"\" class=\"wp-image-109878\" srcset=\"https:\/\/www.elsindical.com.ar\/notas\/var\/www\/html\/notas\/wp-content\/uploads\/2021\/12\/certificado-de-vacunacion.jpg 844w, https:\/\/www.elsindical.com.ar\/notas\/var\/www\/html\/notas\/wp-content\/uploads\/2021\/12\/certificado-de-vacunacion-300x182.jpg 300w, https:\/\/www.elsindical.com.ar\/notas\/var\/www\/html\/notas\/wp-content\/uploads\/2021\/12\/certificado-de-vacunacion-768x465.jpg 768w, https:\/\/www.elsindical.com.ar\/notas\/var\/www\/html\/notas\/wp-content\/uploads\/2021\/12\/certificado-de-vacunacion-495x300.jpg 495w\" sizes=\"auto, (max-width: 844px) 100vw, 844px\" \/><\/a><\/figure>\n\n\n\n<p>En el marco de un aumento significativo de casos, el jefe de Gabinete porte\u00f1o Felipe Miguel confirm\u00f3 que la ciudad no exigir\u00e1 el pase sanitario tal y como reza la disposici\u00f3n nacional y destac\u00f3 que la medida regir\u00e1 solo para eventos masivos y boliches.<\/p>\n\n\n\n<p>\u201cEn la ciudad no tenemos un pase sanitario, tenemos un pase para actividades particulares como eventos masivos, y eventos clases C, y un control de vacunaci\u00f3n\u201d, sostuvo y asegur\u00f3 que la disposici\u00f3n no encuentra justificaci\u00f3n en su distrito dado que, a pesar de los niveles de contagio, el uso de camas UTI es del 5,1% y el porcentaje vacunatorio es alto.<\/p>\n\n\n\n<p>\u00d1a ciudad cuenta con m\u00e1s del 85% de la poblaci\u00f3n con esquema completo y un 15% con dosis de refuerzo.<\/p>\n\n\n\n<p>\u201cVamos a seguir manteniendo nuestros protocolos\u201d, manifest\u00f3 Miguel. Y agreg\u00f3: \u201cEn la ciudad de Buenos Aires no se justifica ir hacia un pase sanitario m\u00e1s amplio\u201d.<\/p>\n\n\n\n<p>Asimismo asegur\u00f3 que, a partir del primero de enero, realizar\u00e1n una homogeneizaci\u00f3n del aforo en sinton\u00eda con lo establecido a nivel nacional. \u201cLa norma nacional habla de eventos masivos de m\u00e1s de mil, y la nuestra de m\u00e1s de diez mil, es posible que a partir de enero homogeneicemos en el mismo n\u00famero\u201d, adelant\u00f3.<\/p>\n\n\n\n<p>Por \u00faltimo, asegur\u00f3: \u201cNo estamos preparando con mucha responsabilidad, y con rigurosidad\u201d. Y concluyo: \u201c Creemos que el miedo es la peor pol\u00edtica sanitaria, pero s\u00ed apelamos a la responsabilidad\u201d<\/p>\n","protected":false},"excerpt":{"rendered":"<p>En el marco de un aumento significativo de casos, el jefe de Gabinete porte\u00f1o Felipe Miguel confirm\u00f3 que la ciudad no exigir\u00e1 el pase sanitario tal y como reza la disposici\u00f3n nacional y destac\u00f3 que la medida regir\u00e1 solo para eventos masivos y boliches. \u201cEn la ciudad no tenemos un pase sanitario, tenemos un pase&hellip;<\/p>\n","protected":false},"author":1,"featured_media":109878,"comment_status":"open","ping_status":"open","sticky":false,"template":"","format":"standard","meta":{"footnotes":""},"categories":[13,23],"tags":[4284,2450,23887,32620,36110],"class_list":["post-110287","post","type-post","status-publish","format-standard","has-post-thumbnail","hentry","category-politica","category-salud","tag-caba","tag-diario-el-sindical","tag-felipe-miguel","tag-pandemia","tag-pase-sanitario"],"_links":{"self":[{"href":"https:\/\/www.elsindical.com.ar\/notas\/wp-json\/wp\/v2\/posts\/110287","targetHints":{"allow":["GET"]}}],"collection":[{"href":"https:\/\/www.elsindical.com.ar\/notas\/wp-json\/wp\/v2\/posts"}],"about":[{"href":"https:\/\/www.elsindical.com.ar\/notas\/wp-json\/wp\/v2\/types\/post"}],"author":[{"embeddable":true,"href":"https:\/\/www.elsindical.com.ar\/notas\/wp-json\/wp\/v2\/users\/1"}],"replies":[{"embeddable":true,"href":"https:\/\/www.elsindical.com.ar\/notas\/wp-json\/wp\/v2\/comments?post=110287"}],"version-history":[{"count":1,"href":"https:\/\/www.elsindical.com.ar\/notas\/wp-json\/wp\/v2\/posts\/110287\/revisions"}],"predecessor-version":[{"id":110288,"href":"https:\/\/www.elsindical.com.ar\/notas\/wp-json\/wp\/v2\/posts\/110287\/revisions\/110288"}],"wp:featuredmedia":[{"embeddable":true,"href":"https:\/\/www.elsindical.com.ar\/notas\/wp-json\/wp\/v2\/media\/109878"}],"wp:attachment":[{"href":"https:\/\/www.elsindical.com.ar\/notas\/wp-json\/wp\/v2\/media?parent=110287"}],"wp:term":[{"taxonomy":"category","embeddable":true,"href":"https:\/\/www.elsindical.com.ar\/notas\/wp-json\/wp\/v2\/categories?post=110287"},{"taxonomy":"post_tag","embeddable":true,"href":"https:\/\/www.elsindical.com.ar\/notas\/wp-json\/wp\/v2\/tags?post=110287"}],"curies":[{"name":"wp","href":"https:\/\/api.w.org\/{rel}","templated":true}]}}