{"id":110254,"date":"2021-12-22T00:07:28","date_gmt":"2021-12-22T03:07:28","guid":{"rendered":"https:\/\/www.elsindical.com.ar\/notas\/?p=110254"},"modified":"2021-12-22T00:07:30","modified_gmt":"2021-12-22T03:07:30","slug":"valerio-y-los-extravagantes-bienvenida-navidad","status":"publish","type":"post","link":"https:\/\/www.elsindical.com.ar\/notas\/valerio-y-los-extravagantes-bienvenida-navidad\/","title":{"rendered":"Valerio y Los Extravagantes \u00abBienvenida Navidad\u00bb"},"content":{"rendered":"\n<div class=\"wp-block-image\"><figure class=\"aligncenter size-full is-resized\"><a href=\"https:\/\/www.elsindical.com.ar\/notas\/var\/www\/html\/notas\/wp-content\/uploads\/2021\/12\/Valerio-y-Los-Extravagantes.png\"><img loading=\"lazy\" decoding=\"async\" src=\"https:\/\/www.elsindical.com.ar\/notas\/var\/www\/html\/notas\/wp-content\/uploads\/2021\/12\/Valerio-y-Los-Extravagantes.png\" alt=\"\" class=\"wp-image-110255\" width=\"673\" height=\"378\" srcset=\"https:\/\/www.elsindical.com.ar\/notas\/var\/www\/html\/notas\/wp-content\/uploads\/2021\/12\/Valerio-y-Los-Extravagantes.png 440w, https:\/\/www.elsindical.com.ar\/notas\/var\/www\/html\/notas\/wp-content\/uploads\/2021\/12\/Valerio-y-Los-Extravagantes-300x168.png 300w\" sizes=\"auto, (max-width: 673px) 100vw, 673px\" \/><\/a><\/figure><\/div>\n\n\n\n<p class=\"wp-block-paragraph\">El fin de a\u00f1o se avecina, y la esperanza marida con la ilusi\u00f3n que nos brinda la m\u00fasica, en uni\u00f3n afectuosa, luego de un a\u00f1o desafiante.<\/p>\n\n\n\n<p class=\"wp-block-paragraph\">Valerio &amp; Los Extravagantes contribuyen a so\u00f1ar ese ambiente festivo y fraterno plasmando su deseo optimista y, a la usanza de nuestros ancestros, te regalan un no-tradicional villancico navide\u00f1o para que puedas celebrar y emborracharte junto a tus familiares y amigues.<\/p>\n\n\n\n<p class=\"wp-block-paragraph\">Mir\u00e1 \u00abBienvenida Navidad\u00bb <a href=\"https:\/\/youtu.be\/0ZfUUMlxilI\" target=\"_blank\" rel=\"noreferrer noopener\">https:\/\/youtu.be\/0ZfUUMlxilI<\/a><\/p>\n\n\n\n<p class=\"wp-block-paragraph\">Feliz Navidad y A\u00f1o Nuevo!<\/p>\n\n\n\n<p class=\"wp-block-paragraph\"><strong>Ficha t\u00e9cnica \u00abBienvenida Navidad\u00bb<\/strong><\/p>\n\n\n\n<p class=\"wp-block-paragraph\">Letra y m\u00fasica: Valerio Rinaldi<\/p>\n\n\n\n<p class=\"wp-block-paragraph\">Voz: Valerio Rinaldi<\/p>\n\n\n\n<p class=\"wp-block-paragraph\">Bajo: Ricky Leguizam\u00f3n<\/p>\n\n\n\n<p class=\"wp-block-paragraph\">Guitarras: Valerio Rinaldi y Tato Passet<\/p>\n\n\n\n<p class=\"wp-block-paragraph\">Bater\u00eda: Fresa Robic<\/p>\n\n\n\n<p class=\"wp-block-paragraph\">Teclados y fantas\u00edas: Osi Tejerena<\/p>\n\n\n\n<p class=\"wp-block-paragraph\">Coros: Sawa Kobayashi<\/p>\n\n\n\n<p class=\"wp-block-paragraph\">Producido por Valerio Rinaldi y Osi Tejerina en Poley Records<\/p>\n\n\n\n<p class=\"wp-block-paragraph\"><strong>Realizaci\u00f3n de video \u00abBienvenida Navidad\u00bb:<\/strong><\/p>\n\n\n\n<p class=\"wp-block-paragraph\">Gui\u00f3n y direcci\u00f3n: Sabrina Dufey Ramos<\/p>\n\n\n\n<p class=\"wp-block-paragraph\">Equipo de creaci\u00f3n y edici\u00f3n: Marcos Gasparini y Diego Russo<\/p>\n\n\n\n<figure class=\"wp-block-embed is-type-wp-embed is-provider-valerio-rinaldi-musico wp-block-embed-valerio-rinaldi-musico\"><div class=\"wp-block-embed__wrapper\">\n<blockquote class=\"wp-embedded-content\" data-secret=\"DXVWIyujmy\"><a href=\"https:\/\/valeriorinaldi.com\/\">Home<\/a><\/blockquote><iframe loading=\"lazy\" class=\"wp-embedded-content\" sandbox=\"allow-scripts\" security=\"restricted\" style=\"position: absolute; clip: rect(1px, 1px, 1px, 1px);\" title=\"\u00abHome\u00bb \u2014 Valerio Rinaldi M\u00fasico\" src=\"https:\/\/valeriorinaldi.com\/embed\/#?secret=DXVWIyujmy\" data-secret=\"DXVWIyujmy\" width=\"600\" height=\"338\" frameborder=\"0\" marginwidth=\"0\" marginheight=\"0\" scrolling=\"no\"><\/iframe>\n<\/div><figcaption>ACERCA DE VALERIO RINALDI<br>Soy guitarrista, cantante y compositor. Me defino como un m\u00fasico ecl\u00e9ctico apuntando siempre al horizonte pop\/rock\/electr\u00f3nico.<br>En agosto de 2020 edit\u00e9 el disco m\u00e1s trascendental y emocionante de mi carrera, grabado \u00edntegramente en vivo junto a mi banda \u00a8Los Extravagantes\u00a8 en \u00a8La C\u00fapula\u00a8 del CCK.<br>Fui miembro de Trilogy, Extra y GIT, la ex banda de Willy Iturri. A mediados de 2001 comenc\u00e9 mi carrera solista con el \u00e1lbum \u00abVida pop\u00bb. Llevo varios discos editados, destac\u00e1ndose \u00abXXX-30 A\u00f1os\u00bb (2016) y \u00abEl lago que rebals\u00f3 la gota\u00bb (2017).<br>Entre la escena nacional y las giras por Estados Unidos y Europa voy danzando entre el indie y el mainstream con gran facilidad. Particip\u00e9 en importantes festivales mundialmente reconocidos (South by Southwest, LAMC, Fete de la Musique, etc.) y de la escena under de ciudades como Washington DC, NYC, Austin, Paris, Madrid, Berl\u00edn, Londres, Lima, Santiago y Montevideo. Tambi\u00e9n formo parte del circuito de conciertos que organizan las diferentes embajadas argentinas en el mundo.<br>Soy voluntario de la ONG Todos Hacemos M\u00fasica, que busca la inclusi\u00f3n de m\u00fasices con discapacidades, con lo que hemos realizado grabaciones y shows en vivo y por streaming.<\/figcaption><\/figure>\n","protected":false},"excerpt":{"rendered":"<p>El fin de a\u00f1o se avecina, y la esperanza marida con la ilusi\u00f3n que nos brinda la m\u00fasica, en uni\u00f3n afectuosa, luego de un a\u00f1o desafiante. Valerio &amp; Los Extravagantes contribuyen a so\u00f1ar ese ambiente festivo y fraterno plasmando su deseo optimista y, a la usanza de nuestros ancestros, te regalan un no-tradicional villancico navide\u00f1o&hellip;<\/p>\n","protected":false},"author":1,"featured_media":110255,"comment_status":"open","ping_status":"open","sticky":false,"template":"","format":"standard","meta":{"footnotes":""},"categories":[15],"tags":[1433,36234,2450,36233],"class_list":["post-110254","post","type-post","status-publish","format-standard","has-post-thumbnail","hentry","category-espectaculos","tag-ano-nuevo","tag-bienvenida-navidad","tag-diario-el-sindical","tag-valerio-y-los-extravagantes"],"_links":{"self":[{"href":"https:\/\/www.elsindical.com.ar\/notas\/wp-json\/wp\/v2\/posts\/110254","targetHints":{"allow":["GET"]}}],"collection":[{"href":"https:\/\/www.elsindical.com.ar\/notas\/wp-json\/wp\/v2\/posts"}],"about":[{"href":"https:\/\/www.elsindical.com.ar\/notas\/wp-json\/wp\/v2\/types\/post"}],"author":[{"embeddable":true,"href":"https:\/\/www.elsindical.com.ar\/notas\/wp-json\/wp\/v2\/users\/1"}],"replies":[{"embeddable":true,"href":"https:\/\/www.elsindical.com.ar\/notas\/wp-json\/wp\/v2\/comments?post=110254"}],"version-history":[{"count":1,"href":"https:\/\/www.elsindical.com.ar\/notas\/wp-json\/wp\/v2\/posts\/110254\/revisions"}],"predecessor-version":[{"id":110256,"href":"https:\/\/www.elsindical.com.ar\/notas\/wp-json\/wp\/v2\/posts\/110254\/revisions\/110256"}],"wp:featuredmedia":[{"embeddable":true,"href":"https:\/\/www.elsindical.com.ar\/notas\/wp-json\/wp\/v2\/media\/110255"}],"wp:attachment":[{"href":"https:\/\/www.elsindical.com.ar\/notas\/wp-json\/wp\/v2\/media?parent=110254"}],"wp:term":[{"taxonomy":"category","embeddable":true,"href":"https:\/\/www.elsindical.com.ar\/notas\/wp-json\/wp\/v2\/categories?post=110254"},{"taxonomy":"post_tag","embeddable":true,"href":"https:\/\/www.elsindical.com.ar\/notas\/wp-json\/wp\/v2\/tags?post=110254"}],"curies":[{"name":"wp","href":"https:\/\/api.w.org\/{rel}","templated":true}]}}