{"id":110252,"date":"2021-12-22T00:02:19","date_gmt":"2021-12-22T03:02:19","guid":{"rendered":"https:\/\/www.elsindical.com.ar\/notas\/?p=110252"},"modified":"2021-12-22T00:02:19","modified_gmt":"2021-12-22T03:02:19","slug":"efemerides-del-dia-22-de-diciembre-8","status":"publish","type":"post","link":"https:\/\/www.elsindical.com.ar\/notas\/efemerides-del-dia-22-de-diciembre-8\/","title":{"rendered":"EFEM\u00c9RIDES: DEL D\u00cdA 22 DE DICIEMBRE"},"content":{"rendered":"\n<p>1639 \u2013 Nace en La Fert\u00e9-Milon, Francia, el dramaturgo Jean Baptiste Racine, escritor de teatro cl\u00e1sico franc\u00e9s.<\/p>\n\n\n\n<p>1666 \u2013&nbsp;En Par\u00eds se funda la Academia de Ciencias, obra de Jean-Baptiste Colbert.<\/p>\n\n\n\n<p>1815 \u2013 Fusilan en San Crist\u00f3bal de Ecatepec el patriota mexicano Jos\u00e9 Mar\u00eda Morelos.<\/p>\n\n\n\n<p>1828 \u2013&nbsp;El gobierno de San Juan declara la guerra al gobierno de Buenos Aires, dirigido por el general Juan Galo de Lavalle.<\/p>\n\n\n\n<p>1858 \u2013 Nace Giacomo Puccini, compositor italiano, autor de \u00f3peras que destacan por su emoci\u00f3n y teatralidad.<\/p>\n\n\n\n<p>1870 \u2013 Muere el escritor espa\u00f1ol Gustavo Adolfo Becquer, una de las principales figuras del romanticismo.<\/p>\n\n\n\n<p>1876 \u2013 Nace el escritor y activista pol\u00edtico italiano Filippo Marinetti, fundador y principal exponente del futurismo.<\/p>\n\n\n\n<p>1894 \u2013 La justicia francesa condena al militar Alfredo Dreyfus de alta traici\u00f3n. A\u00f1os m\u00e1s tarde se prob\u00f3 su inocencia. Su caso conmovi\u00f3 al mundo.<\/p>\n\n\n\n<p>1949 \u2013 Nacen Robin y Maurice Gibb, los mellizos de \u00abThe BeeGees\u00bb.<\/p>\n\n\n\n<p>1959 \u2013 Se crea la Universidad Nacional de Mendoza.<\/p>\n\n\n\n<p>1960 \u2013 Nace Jean-Michel Basquiat, pintor estadounidense de grafiti.<\/p>\n\n\n\n<p>1962 \u2013 Nace Ralph Fiennes, actor brit\u00e1nico.<\/p>\n\n\n\n<p>1966- Nace Favio Posca, actor y humorista argentino.<\/p>\n\n\n\n<p>1987 \u2013 Muere Luca Prodan, m\u00fasico italo-escoc\u00e9s radicado en Argentina, l\u00edder de Sumo.<\/p>\n\n\n\n<p>1981 \u2013 El Tte. Gral. Leopoldo F. Galtieri toma la presidencia de la Naci\u00f3n.<\/p>\n\n\n\n<p>1989 \u2013 Muere Samuel Beckett, escritor irland\u00e9s, premio nobel de literatura en 1969.<\/p>\n\n\n\n<p>1989 \u2013 En Berl\u00edn se abre la puerta de Brandeburgo, acabando con 30 a\u00f1os de divisi\u00f3n de las dos Alemanias.<\/p>\n\n\n\n<p>1989 \u2013 Despu\u00e9s de una semana de tr\u00e1gicas matanzas,&nbsp;Ion Iliescu&nbsp;se convierte en el presidente de&nbsp;Ruman\u00eda, acabando con la dictadura de&nbsp;Nicolae Ceau\u015fescu.<\/p>\n\n\n\n<p>1990 \u2013 En Polonia, Lech Wa\u0142\u0119sa es nombrado presidente de ese pa\u00eds.<\/p>\n\n\n\n<p>2001 \u2013&nbsp;El Congreso elige al peronista Adolfo Rodr\u00edguez Sa\u00e1 presidente interino de la Argentina por 60 d\u00edas.<\/p>\n\n\n\n<p>2002 \u2013 Muere Joe Strummer, m\u00fasico brit\u00e1nico, de la banda The Clash.<\/p>\n\n\n\n<p>2003 \u2013 Muere Nelly Font\u00e1n, actriz argentina.<\/p>\n\n\n\n<p>2010&nbsp;\u2013 El presidente de los Estados Unidos,&nbsp;Barack Obama, firma una ley para derogar la&nbsp;pol\u00edtica&nbsp;\u00abDon\u2019t ask, don\u2019t tell\u00bb, que proh\u00edbe a los homosexuales servir en el ej\u00e9rcito de los Estados Unidos.<\/p>\n\n\n\n<p>2014 \u2013 Muere Joe Cocker, m\u00fasico brit\u00e1nico.<\/p>\n\n\n\n<p>2016 \u2013 Muere Alberto Laiseca, escritor argentino.<\/p>\n","protected":false},"excerpt":{"rendered":"<p>1639 \u2013 Nace en La Fert\u00e9-Milon, Francia, el dramaturgo Jean Baptiste Racine, escritor de teatro cl\u00e1sico franc\u00e9s. 1666 \u2013&nbsp;En Par\u00eds se funda la Academia de Ciencias, obra de Jean-Baptiste Colbert. 1815 \u2013 Fusilan en San Crist\u00f3bal de Ecatepec el patriota mexicano Jos\u00e9 Mar\u00eda Morelos. 1828 \u2013&nbsp;El gobierno de San Juan declara la guerra al gobierno&hellip;<\/p>\n","protected":false},"author":1,"featured_media":0,"comment_status":"open","ping_status":"open","sticky":false,"template":"","format":"standard","meta":{"footnotes":""},"categories":[14],"tags":[2450,22026],"class_list":["post-110252","post","type-post","status-publish","format-standard","hentry","category-efemerides","tag-diario-el-sindical","tag-efemerides"],"_links":{"self":[{"href":"https:\/\/www.elsindical.com.ar\/notas\/wp-json\/wp\/v2\/posts\/110252","targetHints":{"allow":["GET"]}}],"collection":[{"href":"https:\/\/www.elsindical.com.ar\/notas\/wp-json\/wp\/v2\/posts"}],"about":[{"href":"https:\/\/www.elsindical.com.ar\/notas\/wp-json\/wp\/v2\/types\/post"}],"author":[{"embeddable":true,"href":"https:\/\/www.elsindical.com.ar\/notas\/wp-json\/wp\/v2\/users\/1"}],"replies":[{"embeddable":true,"href":"https:\/\/www.elsindical.com.ar\/notas\/wp-json\/wp\/v2\/comments?post=110252"}],"version-history":[{"count":1,"href":"https:\/\/www.elsindical.com.ar\/notas\/wp-json\/wp\/v2\/posts\/110252\/revisions"}],"predecessor-version":[{"id":110253,"href":"https:\/\/www.elsindical.com.ar\/notas\/wp-json\/wp\/v2\/posts\/110252\/revisions\/110253"}],"wp:attachment":[{"href":"https:\/\/www.elsindical.com.ar\/notas\/wp-json\/wp\/v2\/media?parent=110252"}],"wp:term":[{"taxonomy":"category","embeddable":true,"href":"https:\/\/www.elsindical.com.ar\/notas\/wp-json\/wp\/v2\/categories?post=110252"},{"taxonomy":"post_tag","embeddable":true,"href":"https:\/\/www.elsindical.com.ar\/notas\/wp-json\/wp\/v2\/tags?post=110252"}],"curies":[{"name":"wp","href":"https:\/\/api.w.org\/{rel}","templated":true}]}}