{"id":110208,"date":"2021-12-20T09:28:42","date_gmt":"2021-12-20T12:28:42","guid":{"rendered":"https:\/\/www.elsindical.com.ar\/notas\/?p=110208"},"modified":"2021-12-20T09:28:43","modified_gmt":"2021-12-20T12:28:43","slug":"volquetes-veiga-impunidad-y-encubrimiento-municipal","status":"publish","type":"post","link":"https:\/\/www.elsindical.com.ar\/notas\/volquetes-veiga-impunidad-y-encubrimiento-municipal\/","title":{"rendered":"Volquetes Veiga, impunidad y encubrimiento municipal"},"content":{"rendered":"\n<div class=\"wp-block-image\"><figure class=\"aligncenter size-large\"><a href=\"https:\/\/www.elsindical.com.ar\/notas\/var\/www\/html\/notas\/wp-content\/uploads\/2021\/12\/Volquetes-Veiga-Lanus.jpg\"><img loading=\"lazy\" decoding=\"async\" width=\"1024\" height=\"682\" src=\"https:\/\/www.elsindical.com.ar\/notas\/var\/www\/html\/notas\/wp-content\/uploads\/2021\/12\/Volquetes-Veiga-Lanus-1024x682.jpg\" alt=\"\" class=\"wp-image-110209\" srcset=\"https:\/\/www.elsindical.com.ar\/notas\/var\/www\/html\/notas\/wp-content\/uploads\/2021\/12\/Volquetes-Veiga-Lanus-1024x682.jpg 1024w, https:\/\/www.elsindical.com.ar\/notas\/var\/www\/html\/notas\/wp-content\/uploads\/2021\/12\/Volquetes-Veiga-Lanus-300x200.jpg 300w, https:\/\/www.elsindical.com.ar\/notas\/var\/www\/html\/notas\/wp-content\/uploads\/2021\/12\/Volquetes-Veiga-Lanus-768x512.jpg 768w, https:\/\/www.elsindical.com.ar\/notas\/var\/www\/html\/notas\/wp-content\/uploads\/2021\/12\/Volquetes-Veiga-Lanus-450x300.jpg 450w, https:\/\/www.elsindical.com.ar\/notas\/var\/www\/html\/notas\/wp-content\/uploads\/2021\/12\/Volquetes-Veiga-Lanus.jpg 1280w\" sizes=\"auto, (max-width: 1024px) 100vw, 1024px\" \/><\/a><\/figure><\/div>\n\n\n\n<p>   Los dos domicilios en zona sur que declara la empresa se encuentran en el partido de Lan\u00fas cuyo intendente es N\u00e9stor Grindetti, un municipio que se jactan de tener una eficiente seguridad y de realizar controles vehiculares, pero parece que los grandes camiones est\u00e1n exentos de los controles y de reunir los requisitos m\u00ednimos necesarios para circular sin poner en riesgo a otros.<\/p>\n\n\n\n<p>Eliminaron de su perfil en Facebook las fotos que hab\u00edan subido donde no qued\u00f3 en evidencia que o no conocen la Ley de Tr\u00e1nsito o no les importa, pero el cami\u00f3n en cuesti\u00f3n patente XBJ633, sigue circulando en las mismas condiciones, es decir poniendo en riesgo a terceros, porque hay que entender de una vez que no se puede circular con un veh\u00edculo en malas condiciones y menos si se trata de camiones con carga pesada.<\/p>\n\n\n\n<p>El municipio de Lan\u00fas debe controlar esa es un responsabilidad indelegable de no hacerlo y ocurrir un siniestro adem\u00e1s de tener responsabilidad en la falta de controles, por incumplimiento en los deberes de funcionario p\u00fablico, como tambi\u00e9n debe el municipio dar las explicaciones sobre la falta de controles sobre los camiones y las actividades de las empresas que adem\u00e1s deben poseer los permisos y lugares para descargar los materiales que transportan ya que al dejar los contenedores varios d\u00edas suelen terminar los vecinos arrojando basura en ellos.<\/p>\n\n\n\n<p>O ser\u00e1 que la impunidad se paga con publicidad del municipio como se ve en los volquetes que no tienen toda la informaci\u00f3n requerida pero se puede ver el logo del municipio de Lan\u00fas. Raro.<\/p>\n\n\n\n<p>Si dicen que brindan el mejor servicio, deben mostrarlo con las unidades y con respeto por los otros.<\/p>\n\n\n\n<p>Por Marcelo Ricardo Hawrylciw<\/p>\n","protected":false},"excerpt":{"rendered":"<p>Los dos domicilios en zona sur que declara la empresa se encuentran en el partido de Lan\u00fas cuyo intendente es N\u00e9stor Grindetti, un municipio que se jactan de tener una eficiente seguridad y de realizar controles vehiculares, pero parece que los grandes camiones est\u00e1n exentos de los controles y de reunir los requisitos m\u00ednimos necesarios&hellip;<\/p>\n","protected":false},"author":1,"featured_media":110209,"comment_status":"open","ping_status":"open","sticky":false,"template":"","format":"standard","meta":{"footnotes":""},"categories":[6],"tags":[36224,2450,219,5025,2605,36144,36223],"class_list":["post-110208","post","type-post","status-publish","format-standard","has-post-thumbnail","hentry","category-denuncias","tag-4208-4233","tag-diario-el-sindical","tag-facebook","tag-nestor-grindetti","tag-redes-sociales","tag-volquetes-veiga","tag-xbj633-camion"],"_links":{"self":[{"href":"https:\/\/www.elsindical.com.ar\/notas\/wp-json\/wp\/v2\/posts\/110208","targetHints":{"allow":["GET"]}}],"collection":[{"href":"https:\/\/www.elsindical.com.ar\/notas\/wp-json\/wp\/v2\/posts"}],"about":[{"href":"https:\/\/www.elsindical.com.ar\/notas\/wp-json\/wp\/v2\/types\/post"}],"author":[{"embeddable":true,"href":"https:\/\/www.elsindical.com.ar\/notas\/wp-json\/wp\/v2\/users\/1"}],"replies":[{"embeddable":true,"href":"https:\/\/www.elsindical.com.ar\/notas\/wp-json\/wp\/v2\/comments?post=110208"}],"version-history":[{"count":1,"href":"https:\/\/www.elsindical.com.ar\/notas\/wp-json\/wp\/v2\/posts\/110208\/revisions"}],"predecessor-version":[{"id":110210,"href":"https:\/\/www.elsindical.com.ar\/notas\/wp-json\/wp\/v2\/posts\/110208\/revisions\/110210"}],"wp:featuredmedia":[{"embeddable":true,"href":"https:\/\/www.elsindical.com.ar\/notas\/wp-json\/wp\/v2\/media\/110209"}],"wp:attachment":[{"href":"https:\/\/www.elsindical.com.ar\/notas\/wp-json\/wp\/v2\/media?parent=110208"}],"wp:term":[{"taxonomy":"category","embeddable":true,"href":"https:\/\/www.elsindical.com.ar\/notas\/wp-json\/wp\/v2\/categories?post=110208"},{"taxonomy":"post_tag","embeddable":true,"href":"https:\/\/www.elsindical.com.ar\/notas\/wp-json\/wp\/v2\/tags?post=110208"}],"curies":[{"name":"wp","href":"https:\/\/api.w.org\/{rel}","templated":true}]}}