{"id":110204,"date":"2021-12-20T08:54:27","date_gmt":"2021-12-20T11:54:27","guid":{"rendered":"https:\/\/www.elsindical.com.ar\/notas\/?p=110204"},"modified":"2021-12-20T08:54:28","modified_gmt":"2021-12-20T11:54:28","slug":"chile-el-candidato-de-izquierda-gabriel-boric-es-el-nuevo-presidente-electo","status":"publish","type":"post","link":"https:\/\/www.elsindical.com.ar\/notas\/chile-el-candidato-de-izquierda-gabriel-boric-es-el-nuevo-presidente-electo\/","title":{"rendered":"Chile: El candidato de izquierda Gabriel Boric es el nuevo presidente electo"},"content":{"rendered":"\n<figure class=\"wp-block-image size-large\"><a href=\"https:\/\/www.elsindical.com.ar\/notas\/var\/www\/html\/notas\/wp-content\/uploads\/2021\/12\/Gabriel-Boric.jpg\"><img loading=\"lazy\" decoding=\"async\" width=\"1024\" height=\"576\" src=\"https:\/\/www.elsindical.com.ar\/notas\/var\/www\/html\/notas\/wp-content\/uploads\/2021\/12\/Gabriel-Boric-1024x576.jpg\" alt=\"\" class=\"wp-image-110205\" srcset=\"https:\/\/www.elsindical.com.ar\/notas\/var\/www\/html\/notas\/wp-content\/uploads\/2021\/12\/Gabriel-Boric-1024x576.jpg 1024w, https:\/\/www.elsindical.com.ar\/notas\/var\/www\/html\/notas\/wp-content\/uploads\/2021\/12\/Gabriel-Boric-300x169.jpg 300w, https:\/\/www.elsindical.com.ar\/notas\/var\/www\/html\/notas\/wp-content\/uploads\/2021\/12\/Gabriel-Boric-768x432.jpg 768w, https:\/\/www.elsindical.com.ar\/notas\/var\/www\/html\/notas\/wp-content\/uploads\/2021\/12\/Gabriel-Boric-500x281.jpg 500w, https:\/\/www.elsindical.com.ar\/notas\/var\/www\/html\/notas\/wp-content\/uploads\/2021\/12\/Gabriel-Boric-460x260.jpg 460w, https:\/\/www.elsindical.com.ar\/notas\/var\/www\/html\/notas\/wp-content\/uploads\/2021\/12\/Gabriel-Boric.jpg 1280w\" sizes=\"auto, (max-width: 1024px) 100vw, 1024px\" \/><\/a><\/figure>\n\n\n\n<p>El candidato de izquierda Gabriel Boric, de Apruebo Dignidad, se consagr\u00f3 esta tarde como presidente electo de Chile al reunir 55,7% de los votos v\u00e1lidos del balotaje de hoy, cuando se hab\u00eda completado 92% del escrutinio oficial.<\/p>\n\n\n\n<p>Su adversario, el postulante del derechista Frente Social Cristiano, Jos\u00e9 Antonio Kast, que reun\u00eda 44,3% de los sufragios, reconoci\u00f3 su derrota y felicit\u00f3 a Boric.<\/p>\n\n\n\n<p>\u201cAcabo de hablar con Gabriel Boric y lo he felicitado por su gran triunfo; desde hoy es el presidente electo de Chile y merece todo nuestro respeto y colaboraci\u00f3n constructiva\u201d porque \u201cChile siempre est\u00e1 primero\u201d, escribi\u00f3 Kast en Twitter.<\/p>\n\n\n\n<p>El exl\u00edder estudiantil ser\u00e1 el Presidente m\u00e1s joven de la historia de Chile. Llegar\u00e1 a La Moneda con 36 a\u00f1os de edad.<\/p>\n\n\n\n<p>Por su parte, el presidente Alberto Fern\u00e1ndez salud\u00f3 a trav\u00e9s de Twitter al mandatario electo y lo convoc\u00f3 a trabajar unidos para \u201cterminar con la desigualdad en la regi\u00f3n\u201d.<\/p>\n\n\n\n<p>El presidente de Chile, Sebasti\u00e1n Pi\u00f1era, felicit\u00f3 a su sucesor electo en el balotaje de hoy en una conversaci\u00f3n transmitida por televisi\u00f3n en la que se destacaron tanto la amabilidad como la tensi\u00f3n entre dos defensores de ideas diferentes.<\/p>\n\n\n\n<p>\u201cQuiero felicitarlo por su triunfo y desearle el mayor de los \u00e9xitos en su gobierno; votaron m\u00e1s de ocho millones de personas, una de las m\u00e1s grandes participaciones ciudadanas en mucho tiempo, as\u00ed que la democracia cumpli\u00f3, y usted fue parte de eso\u201d, comenz\u00f3 el jefe del Estado.<\/p>\n\n\n\n<p>\u201cMuchas gracias, presidente; es un honor poder hablar con usted voy a dar lo mejor de m\u00ed, nuestro pa\u00eds saca lo mejor de s\u00ed cuando nos unimos\u201d, respondi\u00f3 Boric, ganador del balotaje con cerca de 56% de los votos cuando se hab\u00eda completado poco m\u00e1s de 92% del escrutinio.<\/p>\n\n\n\n<p>El mandatario electo subray\u00f3 que \u201cla llamada de (Jos\u00e9 Antonio) Kast habla muy bien de Chile\u201d, en alusi\u00f3n al reconocimiento del resultado hecho por su competidor en las urnas.<\/p>\n\n\n\n<p>\u201cLa historia nos ha ense\u00f1ado que cuando recorremos los caminos de la paz y la reconciliaci\u00f3n, a los chilenos nos va bien; cuando dividimos, no; todos esperamos que tenga un muy buen gobierno para Chile y para los chilenos; va a contar con nuestra posici\u00f3n colaborativa\u201d, sostuvo Pi\u00f1era.<\/p>\n\n\n\n<p>Boric replic\u00f3 entonces que \u201clos acuerdos tienen que ser con los chilenos y las chilenas, no solo entre dirigentes\u201d, y remarc\u00f3 que \u00e9l ser\u00e1 \u201cel presidente de todos los chilenos y las chilenas\u201d.<\/p>\n\n\n\n<p>M\u00e1s adelante, el mandatario invit\u00f3 a su sucesor a una \u201creuni\u00f3n de trabajo\u201d y le recomend\u00f3 que \u201caproveche muy bien este tiempo\u201d porque \u201cgobernar es muy dif\u00edcil\u201d.<\/p>\n\n\n\n<p>\u201cEsperemos que lo hagamos mejor\u201d, respondi\u00f3 el presidente electo de izquierda a su antecesor, de centroderecha, seg\u00fan se apreci\u00f3 en la videollamada, transmitida por la Televisi\u00f3n Nacional de Chile.<\/p>\n\n\n\n<div class=\"wp-block-image\"><figure class=\"aligncenter size-full\"><a href=\"https:\/\/www.elsindical.com.ar\/notas\/var\/www\/html\/notas\/wp-content\/uploads\/2021\/12\/festejos-en-Chile.jpg\"><img loading=\"lazy\" decoding=\"async\" width=\"709\" height=\"810\" src=\"https:\/\/www.elsindical.com.ar\/notas\/var\/www\/html\/notas\/wp-content\/uploads\/2021\/12\/festejos-en-Chile.jpg\" alt=\"\" class=\"wp-image-110206\" srcset=\"https:\/\/www.elsindical.com.ar\/notas\/var\/www\/html\/notas\/wp-content\/uploads\/2021\/12\/festejos-en-Chile.jpg 709w, https:\/\/www.elsindical.com.ar\/notas\/var\/www\/html\/notas\/wp-content\/uploads\/2021\/12\/festejos-en-Chile-263x300.jpg 263w\" sizes=\"auto, (max-width: 709px) 100vw, 709px\" \/><\/a><\/figure><\/div>\n","protected":false},"excerpt":{"rendered":"<p>El candidato de izquierda Gabriel Boric, de Apruebo Dignidad, se consagr\u00f3 esta tarde como presidente electo de Chile al reunir 55,7% de los votos v\u00e1lidos del balotaje de hoy, cuando se hab\u00eda completado 92% del escrutinio oficial. Su adversario, el postulante del derechista Frente Social Cristiano, Jos\u00e9 Antonio Kast, que reun\u00eda 44,3% de los sufragios,&hellip;<\/p>\n","protected":false},"author":1,"featured_media":110205,"comment_status":"open","ping_status":"open","sticky":false,"template":"","format":"standard","meta":{"footnotes":""},"categories":[18],"tags":[1200,2450,244,36221,36222],"class_list":["post-110204","post","type-post","status-publish","format-standard","has-post-thumbnail","hentry","category-internacionales","tag-chile","tag-diario-el-sindical","tag-elecciones","tag-gabriel-boric","tag-presidente-electo"],"_links":{"self":[{"href":"https:\/\/www.elsindical.com.ar\/notas\/wp-json\/wp\/v2\/posts\/110204","targetHints":{"allow":["GET"]}}],"collection":[{"href":"https:\/\/www.elsindical.com.ar\/notas\/wp-json\/wp\/v2\/posts"}],"about":[{"href":"https:\/\/www.elsindical.com.ar\/notas\/wp-json\/wp\/v2\/types\/post"}],"author":[{"embeddable":true,"href":"https:\/\/www.elsindical.com.ar\/notas\/wp-json\/wp\/v2\/users\/1"}],"replies":[{"embeddable":true,"href":"https:\/\/www.elsindical.com.ar\/notas\/wp-json\/wp\/v2\/comments?post=110204"}],"version-history":[{"count":1,"href":"https:\/\/www.elsindical.com.ar\/notas\/wp-json\/wp\/v2\/posts\/110204\/revisions"}],"predecessor-version":[{"id":110207,"href":"https:\/\/www.elsindical.com.ar\/notas\/wp-json\/wp\/v2\/posts\/110204\/revisions\/110207"}],"wp:featuredmedia":[{"embeddable":true,"href":"https:\/\/www.elsindical.com.ar\/notas\/wp-json\/wp\/v2\/media\/110205"}],"wp:attachment":[{"href":"https:\/\/www.elsindical.com.ar\/notas\/wp-json\/wp\/v2\/media?parent=110204"}],"wp:term":[{"taxonomy":"category","embeddable":true,"href":"https:\/\/www.elsindical.com.ar\/notas\/wp-json\/wp\/v2\/categories?post=110204"},{"taxonomy":"post_tag","embeddable":true,"href":"https:\/\/www.elsindical.com.ar\/notas\/wp-json\/wp\/v2\/tags?post=110204"}],"curies":[{"name":"wp","href":"https:\/\/api.w.org\/{rel}","templated":true}]}}