{"id":110201,"date":"2021-12-20T08:44:20","date_gmt":"2021-12-20T11:44:20","guid":{"rendered":"https:\/\/www.elsindical.com.ar\/notas\/?p=110201"},"modified":"2021-12-20T08:44:21","modified_gmt":"2021-12-20T11:44:21","slug":"barracas-detienen-a-dos-hombres-con-un-kilo-de-cocaina","status":"publish","type":"post","link":"https:\/\/www.elsindical.com.ar\/notas\/barracas-detienen-a-dos-hombres-con-un-kilo-de-cocaina\/","title":{"rendered":"Barracas: Detienen a dos hombres con un kilo de coca\u00edna"},"content":{"rendered":"\n<div class=\"wp-block-image\"><figure class=\"aligncenter size-full is-resized\"><a href=\"https:\/\/www.elsindical.com.ar\/notas\/var\/www\/html\/notas\/wp-content\/uploads\/2021\/12\/patrullero-de-la-Ciudad.jpg\"><img loading=\"lazy\" decoding=\"async\" src=\"https:\/\/www.elsindical.com.ar\/notas\/var\/www\/html\/notas\/wp-content\/uploads\/2021\/12\/patrullero-de-la-Ciudad.jpg\" alt=\"\" class=\"wp-image-110202\" width=\"692\" height=\"390\" srcset=\"https:\/\/www.elsindical.com.ar\/notas\/var\/www\/html\/notas\/wp-content\/uploads\/2021\/12\/patrullero-de-la-Ciudad.jpg 540w, https:\/\/www.elsindical.com.ar\/notas\/var\/www\/html\/notas\/wp-content\/uploads\/2021\/12\/patrullero-de-la-Ciudad-300x169.jpg 300w, https:\/\/www.elsindical.com.ar\/notas\/var\/www\/html\/notas\/wp-content\/uploads\/2021\/12\/patrullero-de-la-Ciudad-500x281.jpg 500w, https:\/\/www.elsindical.com.ar\/notas\/var\/www\/html\/notas\/wp-content\/uploads\/2021\/12\/patrullero-de-la-Ciudad-460x260.jpg 460w\" sizes=\"auto, (max-width: 692px) 100vw, 692px\" \/><\/a><\/figure><\/div>\n\n\n\n<p>Dos hombres de nacionalidad peruana fueron detenidas cuando circulaban por el barrio porte\u00f1o de Barracas con un ladrillo de m\u00e1s de un kilogramo de coca\u00edna, informaron hoy fuentes policiales.<\/p>\n\n\n\n<p>El procedimiento fue llevado a cabo por efectivos de la Divisi\u00f3n Sumarios y Brigada de Prevenci\u00f3n de la Comuna 4, quienes observaron a un auto Ford Focus que circulaba por calle Mirav\u00e9 realizando maniobras imprudentes, y solicitaron la presencia de un m\u00f3vil identificable para interceptarlo.<\/p>\n\n\n\n<p>En esas circunstancias, los polic\u00edas lograron detener la marcha del veh\u00edculo en el cruce de avenida V\u00e9lez Sarsfield y Mirav\u00e9, donde verificaron que en el interior del veh\u00edculo viajaban dos hombres de 35 y 38 a\u00f1os, una mujer y una menor de edad.<\/p>\n\n\n\n<p>Seg\u00fan los voceros, en el momento de identificar a las personas, uno de los polic\u00edas observ\u00f3 que en el interior del rodado hab\u00eda una balanza electr\u00f3nica y un paquete en forma de ladrillo que podr\u00eda contener alg\u00fan estupefaciente.<\/p>\n\n\n\n<p>Al requisarlo en presencia de testigos, y haci\u00e9ndole el narcotest correspondiente, los efectivos comprobaron que el paquete conten\u00eda un peso total de un kilo con 92 gramos de coca\u00edna.<\/p>\n\n\n\n<p>Der acuerdo a las fuentes, los efectivos incautaron la droga hallada, el veh\u00edculo, una balanza y los cinco tel\u00e9fonos celulares que llevaban los sospechosos.<\/p>\n\n\n\n<p>Los detenidos quedaron a disposici\u00f3n del Juzgado Nacional en lo Criminal y Correccional Federal 10, a cargo de Juli\u00e1n Ercolini, quien dispuso el traslado de los dos hombres a la dependencia de seguridad.<\/p>\n\n\n\n<p>En tanto, la mujer de 28 a\u00f1os, tambi\u00e9n de nacionalidad peruana, fue notificada en la causa por \u201cInfracci\u00f3n a la Ley de Drogas\u201d y ser\u00e1 entrevistada por personal de Migraciones.<\/p>\n","protected":false},"excerpt":{"rendered":"<p>Dos hombres de nacionalidad peruana fueron detenidas cuando circulaban por el barrio porte\u00f1o de Barracas con un ladrillo de m\u00e1s de un kilogramo de coca\u00edna, informaron hoy fuentes policiales. El procedimiento fue llevado a cabo por efectivos de la Divisi\u00f3n Sumarios y Brigada de Prevenci\u00f3n de la Comuna 4, quienes observaron a un auto Ford&hellip;<\/p>\n","protected":false},"author":1,"featured_media":110202,"comment_status":"open","ping_status":"open","sticky":false,"template":"","format":"standard","meta":{"footnotes":""},"categories":[22],"tags":[3256,4284,43,2450,24537],"class_list":["post-110201","post","type-post","status-publish","format-standard","has-post-thumbnail","hentry","category-policiales","tag-barracas","tag-caba","tag-cocaina","tag-diario-el-sindical","tag-policia-de-la-ciudad"],"_links":{"self":[{"href":"https:\/\/www.elsindical.com.ar\/notas\/wp-json\/wp\/v2\/posts\/110201","targetHints":{"allow":["GET"]}}],"collection":[{"href":"https:\/\/www.elsindical.com.ar\/notas\/wp-json\/wp\/v2\/posts"}],"about":[{"href":"https:\/\/www.elsindical.com.ar\/notas\/wp-json\/wp\/v2\/types\/post"}],"author":[{"embeddable":true,"href":"https:\/\/www.elsindical.com.ar\/notas\/wp-json\/wp\/v2\/users\/1"}],"replies":[{"embeddable":true,"href":"https:\/\/www.elsindical.com.ar\/notas\/wp-json\/wp\/v2\/comments?post=110201"}],"version-history":[{"count":1,"href":"https:\/\/www.elsindical.com.ar\/notas\/wp-json\/wp\/v2\/posts\/110201\/revisions"}],"predecessor-version":[{"id":110203,"href":"https:\/\/www.elsindical.com.ar\/notas\/wp-json\/wp\/v2\/posts\/110201\/revisions\/110203"}],"wp:featuredmedia":[{"embeddable":true,"href":"https:\/\/www.elsindical.com.ar\/notas\/wp-json\/wp\/v2\/media\/110202"}],"wp:attachment":[{"href":"https:\/\/www.elsindical.com.ar\/notas\/wp-json\/wp\/v2\/media?parent=110201"}],"wp:term":[{"taxonomy":"category","embeddable":true,"href":"https:\/\/www.elsindical.com.ar\/notas\/wp-json\/wp\/v2\/categories?post=110201"},{"taxonomy":"post_tag","embeddable":true,"href":"https:\/\/www.elsindical.com.ar\/notas\/wp-json\/wp\/v2\/tags?post=110201"}],"curies":[{"name":"wp","href":"https:\/\/api.w.org\/{rel}","templated":true}]}}