{"id":110193,"date":"2021-12-19T10:25:55","date_gmt":"2021-12-19T13:25:55","guid":{"rendered":"https:\/\/www.elsindical.com.ar\/notas\/?p=110193"},"modified":"2021-12-19T10:25:55","modified_gmt":"2021-12-19T13:25:55","slug":"holanda-anuncia-su-cierre-total-y-decreta-25-dias-de-confinamiento","status":"publish","type":"post","link":"https:\/\/www.elsindical.com.ar\/notas\/holanda-anuncia-su-cierre-total-y-decreta-25-dias-de-confinamiento\/","title":{"rendered":"Holanda anuncia su cierre total y decreta 25 d\u00edas de confinamiento"},"content":{"rendered":"\n<div class=\"wp-block-image\"><figure class=\"aligncenter size-large\"><a href=\"https:\/\/www.elsindical.com.ar\/notas\/var\/www\/html\/notas\/wp-content\/uploads\/2021\/12\/calle-Holanda.jpg\"><img loading=\"lazy\" decoding=\"async\" width=\"1024\" height=\"684\" src=\"https:\/\/www.elsindical.com.ar\/notas\/var\/www\/html\/notas\/wp-content\/uploads\/2021\/12\/calle-Holanda-1024x684.jpg\" alt=\"\" class=\"wp-image-110194\" srcset=\"https:\/\/www.elsindical.com.ar\/notas\/var\/www\/html\/notas\/wp-content\/uploads\/2021\/12\/calle-Holanda-1024x684.jpg 1024w, https:\/\/www.elsindical.com.ar\/notas\/var\/www\/html\/notas\/wp-content\/uploads\/2021\/12\/calle-Holanda-300x201.jpg 300w, https:\/\/www.elsindical.com.ar\/notas\/var\/www\/html\/notas\/wp-content\/uploads\/2021\/12\/calle-Holanda-768x513.jpg 768w, https:\/\/www.elsindical.com.ar\/notas\/var\/www\/html\/notas\/wp-content\/uploads\/2021\/12\/calle-Holanda-449x300.jpg 449w, https:\/\/www.elsindical.com.ar\/notas\/var\/www\/html\/notas\/wp-content\/uploads\/2021\/12\/calle-Holanda.jpg 1170w\" sizes=\"auto, (max-width: 1024px) 100vw, 1024px\" \/><\/a><\/figure><\/div>\n\n\n\n<p class=\"wp-block-paragraph\">Este domingo el pa\u00eds europeo volver\u00e1 a prohibir la apertura de comercios no esenciales. Los invitados por las fiestas podr\u00e1n ser s\u00f3lo dos.<\/p>\n\n\n\n<p class=\"wp-block-paragraph\">Hasta el <strong>14 de enero se cierra toda actividad no esencial<\/strong> y solo se permitir\u00e1n <strong>dos visitantes por casa al d\u00eda, salvo en Nochebuena y Nochevieja<\/strong>, en las que se podr\u00e1 recibir hasta a<strong> cuatro invitados.<\/strong><\/p>\n\n\n\n<p class=\"wp-block-paragraph\">El Gobierno neerland\u00e9s declar\u00f3 este s\u00e1bado, tras una <strong>reuni\u00f3n de emergencia por el avance de la variante \u00f3micron,<\/strong> un confinamiento estricto en Pa\u00edses Bajos que entra en vigor este domingo y se mantiene hasta el 14 de enero, por el que<strong> cierra de toda la actividad no esencial<\/strong>, pero tambi\u00e9n los<strong> colegios y universidades.<\/strong><\/p>\n\n\n\n<p class=\"wp-block-paragraph\">\u00abEstoy aqu\u00ed esta noche con un estado de \u00e1nimo sombr\u00edo. Para resumirlo en una frase,<strong> Holanda volver\u00e1 al confinamiento a partir de ma\u00f1ana<\/strong>\u00ab, dijo el primer ministro en funciones, Mark Rutte, en una conferencia de prensa televisada. La medida regir\u00e1 hasta el 14 de enero, precis\u00f3. Desde La Haya, Rutte explic\u00f3 que solo <strong>permanecer\u00e1n abiertas las tiendas imprescindibles,<\/strong> como supermercados, farmacias, gasolineras y los servicios m\u00ednimos, pero todo lo dem\u00e1s, incluidos comercios, restaurantes, cines, teatros o gimnasios, deber\u00e1n cerrar sus puertas casi un mes.<\/p>\n\n\n\n<p class=\"wp-block-paragraph\">Adem\u00e1s, se permitir\u00e1 un<strong> m\u00e1ximo de dos invitados por hogar al d\u00eda<\/strong>, pero habr\u00e1 una<strong> excepci\u00f3n de cuatro visitantes por casa durante Nochebuena, Navidad y San Esteban (26 de diciembre) y Nochevieja.<\/strong><\/p>\n","protected":false},"excerpt":{"rendered":"<p>Este domingo el pa\u00eds europeo volver\u00e1 a prohibir la apertura de comercios no esenciales. Los invitados por las fiestas podr\u00e1n ser s\u00f3lo dos. Hasta el 14 de enero se cierra toda actividad no esencial y solo se permitir\u00e1n dos visitantes por casa al d\u00eda, salvo en Nochebuena y Nochevieja, en las que se podr\u00e1 recibir&hellip;<\/p>\n","protected":false},"author":1,"featured_media":110194,"comment_status":"open","ping_status":"open","sticky":false,"template":"","format":"standard","meta":{"footnotes":""},"categories":[18],"tags":[2450,1296,1506,9676,36218,17073,36219],"class_list":["post-110193","post","type-post","status-publish","format-standard","has-post-thumbnail","hentry","category-internacionales","tag-diario-el-sindical","tag-fiestas","tag-holanda","tag-nochebuena","tag-nochevieja","tag-restricciones","tag-san-esteban"],"_links":{"self":[{"href":"https:\/\/www.elsindical.com.ar\/notas\/wp-json\/wp\/v2\/posts\/110193","targetHints":{"allow":["GET"]}}],"collection":[{"href":"https:\/\/www.elsindical.com.ar\/notas\/wp-json\/wp\/v2\/posts"}],"about":[{"href":"https:\/\/www.elsindical.com.ar\/notas\/wp-json\/wp\/v2\/types\/post"}],"author":[{"embeddable":true,"href":"https:\/\/www.elsindical.com.ar\/notas\/wp-json\/wp\/v2\/users\/1"}],"replies":[{"embeddable":true,"href":"https:\/\/www.elsindical.com.ar\/notas\/wp-json\/wp\/v2\/comments?post=110193"}],"version-history":[{"count":1,"href":"https:\/\/www.elsindical.com.ar\/notas\/wp-json\/wp\/v2\/posts\/110193\/revisions"}],"predecessor-version":[{"id":110195,"href":"https:\/\/www.elsindical.com.ar\/notas\/wp-json\/wp\/v2\/posts\/110193\/revisions\/110195"}],"wp:featuredmedia":[{"embeddable":true,"href":"https:\/\/www.elsindical.com.ar\/notas\/wp-json\/wp\/v2\/media\/110194"}],"wp:attachment":[{"href":"https:\/\/www.elsindical.com.ar\/notas\/wp-json\/wp\/v2\/media?parent=110193"}],"wp:term":[{"taxonomy":"category","embeddable":true,"href":"https:\/\/www.elsindical.com.ar\/notas\/wp-json\/wp\/v2\/categories?post=110193"},{"taxonomy":"post_tag","embeddable":true,"href":"https:\/\/www.elsindical.com.ar\/notas\/wp-json\/wp\/v2\/tags?post=110193"}],"curies":[{"name":"wp","href":"https:\/\/api.w.org\/{rel}","templated":true}]}}