{"id":110166,"date":"2021-12-18T01:57:47","date_gmt":"2021-12-18T04:57:47","guid":{"rendered":"https:\/\/www.elsindical.com.ar\/notas\/?p=110166"},"modified":"2021-12-18T01:57:48","modified_gmt":"2021-12-18T04:57:48","slug":"avellaneda-la-comisaria-avala-las-fiestas","status":"publish","type":"post","link":"https:\/\/www.elsindical.com.ar\/notas\/avellaneda-la-comisaria-avala-las-fiestas\/","title":{"rendered":"Avellaneda: \u00bfLa comisar\u00eda avala las fiestas?"},"content":{"rendered":"\n<div class=\"wp-block-image\"><figure class=\"aligncenter size-full\"><a href=\"https:\/\/www.elsindical.com.ar\/notas\/var\/www\/html\/notas\/wp-content\/uploads\/2021\/12\/comisaria-6ta-Avellaneda.jpg\"><img loading=\"lazy\" decoding=\"async\" width=\"850\" height=\"517\" src=\"https:\/\/www.elsindical.com.ar\/notas\/var\/www\/html\/notas\/wp-content\/uploads\/2021\/12\/comisaria-6ta-Avellaneda.jpg\" alt=\"\" class=\"wp-image-110167\" srcset=\"https:\/\/www.elsindical.com.ar\/notas\/var\/www\/html\/notas\/wp-content\/uploads\/2021\/12\/comisaria-6ta-Avellaneda.jpg 850w, https:\/\/www.elsindical.com.ar\/notas\/var\/www\/html\/notas\/wp-content\/uploads\/2021\/12\/comisaria-6ta-Avellaneda-300x182.jpg 300w, https:\/\/www.elsindical.com.ar\/notas\/var\/www\/html\/notas\/wp-content\/uploads\/2021\/12\/comisaria-6ta-Avellaneda-768x467.jpg 768w, https:\/\/www.elsindical.com.ar\/notas\/var\/www\/html\/notas\/wp-content\/uploads\/2021\/12\/comisaria-6ta-Avellaneda-493x300.jpg 493w\" sizes=\"auto, (max-width: 850px) 100vw, 850px\" \/><\/a><\/figure><\/div>\n\n\n\n<p>   Ya nada sorprende de algunos polic\u00edas y menos si de la comisar\u00eda 6ta de Gerli se refiere, a la ineficiencia y baja estad\u00edstica que se hace sospechosa, ahora se suma la mala atenci\u00f3n a los vecinos demostrando poco inter\u00e9s en trabajar y en el cumplimiento de las normas de convivencia.<\/p>\n\n\n\n<p>Una fiesta con varias personas haciendo karaoke en una terraza puede ser algo divertido, pero sin dudas no es lo recomendado y menos cuando los gritos se escuchan a m\u00e1s de 100 metros, podes divertirte sin necesidad de emular un recital, adem\u00e1s este tipo de fiestas traen gente que luego se queda dando vueltas y ya de ma\u00f1ana suelen continuar gritando en la calle con lo cual a las 06:00 hs si pudiste dormir te despiertan los gritos y los autos acelerando.<\/p>\n\n\n\n<p>Seg\u00fan la Oficial Subayudante que dijo ser de apellido Carbajal, al ser fin de semana hay que aguantarse las fiestas y en todo caso si a las 06:00 contin\u00faan reci\u00e9n entonces uno puede llamar?<\/p>\n\n\n\n<p>Nadie pretende que la polic\u00eda llegue al domicilio y desaloje la fiesta, tampoco que discutan con j\u00f3venes que por su estado de exaltaci\u00f3n seguramente querr\u00e1n seguir su fiesta, pero bien pueden pedirles que por lo menos no griten si van a hacer fiestas en la terraza, algo de sentido com\u00fan y respeto ya que no es la primera vez que en el lugar se organizan estas fiestas, uno puede ser tolerante pero tambi\u00e9n debe haber un respeto por el otro, salvo que la idea sea armar una \u00abguerra\u00bb de audios y entonces ser\u00eda un vale todo.<\/p>\n\n\n\n<p>Sin dudas el jefe de la dependencia est\u00e1 haciendo mal las cosas, Gerli es un gran mercado de venta de drogas (ni cuenten con la divisi\u00f3n local de drogas porque su jefe Juan Pablo Barberis parece ausente), los robos no paran, los motochorros circulan sin problemas, las \u00abcuevas\u00bb donde se compran celulares robados siguen con su excelente negocio de comprar muy barato para vender por el triple o m\u00e1s de lo que pagan, un negocio redondo y que alienta a la inseguridad, las fiestas que son una buena excusa para beber y lo que venga, el problema no es falta de personal, el problema es falta de conducci\u00f3n y trabajo policial.<\/p>\n\n\n\n<p>Uno podr\u00eda pensar que estos polic\u00edas no saben hacer su trabajo, pero si as\u00ed fuera no tendr\u00edan un patrimonio dif\u00edcil de justificar, entonces solo queda una palabra CORRUPCI\u00d3N, si no tienen vocaci\u00f3n de servicio entonces pidan la baja, el trabajo policial siempre ha sido ingrato, as\u00ed como les gusta subir fotos a las redes uniformados, honren el uniforme y trabajen.<\/p>\n\n\n\n<p><\/p>\n\n\n\n<p>Por Marcelo Ricardo Hawrylciw<\/p>\n","protected":false},"excerpt":{"rendered":"<p>Ya nada sorprende de algunos polic\u00edas y menos si de la comisar\u00eda 6ta de Gerli se refiere, a la ineficiencia y baja estad\u00edstica que se hace sospechosa, ahora se suma la mala atenci\u00f3n a los vecinos demostrando poco inter\u00e9s en trabajar y en el cumplimiento de las normas de convivencia. Una fiesta con varias personas&hellip;<\/p>\n","protected":false},"author":1,"featured_media":110167,"comment_status":"open","ping_status":"open","sticky":false,"template":"","format":"standard","meta":{"footnotes":""},"categories":[6,10],"tags":[108,461,16163,2450,382,1662,984,749,11727,36212],"class_list":["post-110166","post","type-post","status-publish","format-standard","has-post-thumbnail","hentry","category-denuncias","category-editorial","tag-alcohol","tag-avellaneda","tag-comisaria-6ta","tag-diario-el-sindical","tag-drogas","tag-gerli","tag-inseguridad","tag-policia-bonaerense","tag-sergio-berni","tag-subayudante-carbajal"],"_links":{"self":[{"href":"https:\/\/www.elsindical.com.ar\/notas\/wp-json\/wp\/v2\/posts\/110166","targetHints":{"allow":["GET"]}}],"collection":[{"href":"https:\/\/www.elsindical.com.ar\/notas\/wp-json\/wp\/v2\/posts"}],"about":[{"href":"https:\/\/www.elsindical.com.ar\/notas\/wp-json\/wp\/v2\/types\/post"}],"author":[{"embeddable":true,"href":"https:\/\/www.elsindical.com.ar\/notas\/wp-json\/wp\/v2\/users\/1"}],"replies":[{"embeddable":true,"href":"https:\/\/www.elsindical.com.ar\/notas\/wp-json\/wp\/v2\/comments?post=110166"}],"version-history":[{"count":1,"href":"https:\/\/www.elsindical.com.ar\/notas\/wp-json\/wp\/v2\/posts\/110166\/revisions"}],"predecessor-version":[{"id":110168,"href":"https:\/\/www.elsindical.com.ar\/notas\/wp-json\/wp\/v2\/posts\/110166\/revisions\/110168"}],"wp:featuredmedia":[{"embeddable":true,"href":"https:\/\/www.elsindical.com.ar\/notas\/wp-json\/wp\/v2\/media\/110167"}],"wp:attachment":[{"href":"https:\/\/www.elsindical.com.ar\/notas\/wp-json\/wp\/v2\/media?parent=110166"}],"wp:term":[{"taxonomy":"category","embeddable":true,"href":"https:\/\/www.elsindical.com.ar\/notas\/wp-json\/wp\/v2\/categories?post=110166"},{"taxonomy":"post_tag","embeddable":true,"href":"https:\/\/www.elsindical.com.ar\/notas\/wp-json\/wp\/v2\/tags?post=110166"}],"curies":[{"name":"wp","href":"https:\/\/api.w.org\/{rel}","templated":true}]}}