{"id":110138,"date":"2021-12-17T00:11:26","date_gmt":"2021-12-17T03:11:26","guid":{"rendered":"https:\/\/www.elsindical.com.ar\/notas\/?p=110138"},"modified":"2021-12-17T00:11:27","modified_gmt":"2021-12-17T03:11:27","slug":"volvio-a-desaparecer-wanda-moreno-y-sospechan-que-se-la-llevo-un-hombre","status":"publish","type":"post","link":"https:\/\/www.elsindical.com.ar\/notas\/volvio-a-desaparecer-wanda-moreno-y-sospechan-que-se-la-llevo-un-hombre\/","title":{"rendered":"Volvi\u00f3 a desaparecer Wanda Moreno y sospechan que se la llev\u00f3 un hombre"},"content":{"rendered":"\n<div class=\"wp-block-image\"><figure class=\"aligncenter size-full is-resized\"><a href=\"https:\/\/www.elsindical.com.ar\/notas\/var\/www\/html\/notas\/wp-content\/uploads\/2021\/12\/Wanda-Loreley-Moreno-Farias.png\"><img loading=\"lazy\" decoding=\"async\" src=\"https:\/\/www.elsindical.com.ar\/notas\/var\/www\/html\/notas\/wp-content\/uploads\/2021\/12\/Wanda-Loreley-Moreno-Farias.png\" alt=\"\" class=\"wp-image-110139\" width=\"725\" height=\"555\" srcset=\"https:\/\/www.elsindical.com.ar\/notas\/var\/www\/html\/notas\/wp-content\/uploads\/2021\/12\/Wanda-Loreley-Moreno-Farias.png 600w, https:\/\/www.elsindical.com.ar\/notas\/var\/www\/html\/notas\/wp-content\/uploads\/2021\/12\/Wanda-Loreley-Moreno-Farias-300x230.png 300w, https:\/\/www.elsindical.com.ar\/notas\/var\/www\/html\/notas\/wp-content\/uploads\/2021\/12\/Wanda-Loreley-Moreno-Farias-392x300.png 392w\" sizes=\"auto, (max-width: 725px) 100vw, 725px\" \/><\/a><\/figure><\/div>\n\n\n\n<p>Familiares de Wanda Loreley Moreno Far\u00edas, una adolescente de 14 a\u00f1os que fue vista por \u00faltima vez el s\u00e1bado 11 de este mes en Ingeniero Budge, piden ayuda para encontrarla. Sostienen que volvi\u00f3 a irse de su hogar, como el mes pasado, con un hombre de 40 a\u00f1os.<\/p>\n\n\n\n<p>La adolescente se hab\u00eda ido con este sujeto, al que llama novio, durante m\u00e1s de una semana y fue hallada en una casa de Virrey del Pino.<\/p>\n\n\n\n<p>Desde el s\u00e1bado \u00faltimo, la familia no puede encontrarla y la sospecha es que volvi\u00f3 a fugarse de su hogar con ese hombre, quien llamativamente la vez pasada no fue detenido.<\/p>\n\n\n\n<p>Trabajan en el caso la DDI de Lomas de Zamora y la UFI 5 de Lomas a cargo del fiscal Marcelo Dom\u00ednguez.<\/p>\n\n\n\n<p>Quienes puedan aportar datos deben hacerlo al 911 o a la familia al 1164770616.<\/p>\n","protected":false},"excerpt":{"rendered":"<p>Familiares de Wanda Loreley Moreno Far\u00edas, una adolescente de 14 a\u00f1os que fue vista por \u00faltima vez el s\u00e1bado 11 de este mes en Ingeniero Budge, piden ayuda para encontrarla. Sostienen que volvi\u00f3 a irse de su hogar, como el mes pasado, con un hombre de 40 a\u00f1os. La adolescente se hab\u00eda ido con este&hellip;<\/p>\n","protected":false},"author":1,"featured_media":110139,"comment_status":"open","ping_status":"open","sticky":false,"template":"","format":"standard","meta":{"footnotes":""},"categories":[26],"tags":[973,2450,746,744,6949,35907],"class_list":["post-110138","post","type-post","status-publish","format-standard","has-post-thumbnail","hentry","category-solidaridad","tag-desaparecida","tag-diario-el-sindical","tag-ingeniero-budge","tag-lomas-de-zamora","tag-virrey-del-pino","tag-wanda-loreley-moreno-farias"],"_links":{"self":[{"href":"https:\/\/www.elsindical.com.ar\/notas\/wp-json\/wp\/v2\/posts\/110138","targetHints":{"allow":["GET"]}}],"collection":[{"href":"https:\/\/www.elsindical.com.ar\/notas\/wp-json\/wp\/v2\/posts"}],"about":[{"href":"https:\/\/www.elsindical.com.ar\/notas\/wp-json\/wp\/v2\/types\/post"}],"author":[{"embeddable":true,"href":"https:\/\/www.elsindical.com.ar\/notas\/wp-json\/wp\/v2\/users\/1"}],"replies":[{"embeddable":true,"href":"https:\/\/www.elsindical.com.ar\/notas\/wp-json\/wp\/v2\/comments?post=110138"}],"version-history":[{"count":1,"href":"https:\/\/www.elsindical.com.ar\/notas\/wp-json\/wp\/v2\/posts\/110138\/revisions"}],"predecessor-version":[{"id":110140,"href":"https:\/\/www.elsindical.com.ar\/notas\/wp-json\/wp\/v2\/posts\/110138\/revisions\/110140"}],"wp:featuredmedia":[{"embeddable":true,"href":"https:\/\/www.elsindical.com.ar\/notas\/wp-json\/wp\/v2\/media\/110139"}],"wp:attachment":[{"href":"https:\/\/www.elsindical.com.ar\/notas\/wp-json\/wp\/v2\/media?parent=110138"}],"wp:term":[{"taxonomy":"category","embeddable":true,"href":"https:\/\/www.elsindical.com.ar\/notas\/wp-json\/wp\/v2\/categories?post=110138"},{"taxonomy":"post_tag","embeddable":true,"href":"https:\/\/www.elsindical.com.ar\/notas\/wp-json\/wp\/v2\/tags?post=110138"}],"curies":[{"name":"wp","href":"https:\/\/api.w.org\/{rel}","templated":true}]}}