{"id":110116,"date":"2021-12-16T11:17:57","date_gmt":"2021-12-16T14:17:57","guid":{"rendered":"https:\/\/www.elsindical.com.ar\/notas\/?p=110116"},"modified":"2021-12-16T11:17:59","modified_gmt":"2021-12-16T14:17:59","slug":"chile-municipios-toman-iniciativa-de-distribuir-y-vender-gas-a-bajo-costo","status":"publish","type":"post","link":"https:\/\/www.elsindical.com.ar\/notas\/chile-municipios-toman-iniciativa-de-distribuir-y-vender-gas-a-bajo-costo\/","title":{"rendered":"Chile: Municipios toman iniciativa de distribuir y vender gas a bajo costo"},"content":{"rendered":"\n<div class=\"wp-block-image\"><figure class=\"aligncenter size-full\"><a href=\"https:\/\/www.elsindical.com.ar\/notas\/var\/www\/html\/notas\/wp-content\/uploads\/2016\/02\/gas-natural.jpg\"><img loading=\"lazy\" decoding=\"async\" width=\"620\" height=\"388\" src=\"https:\/\/www.elsindical.com.ar\/notas\/var\/www\/html\/notas\/wp-content\/uploads\/2016\/02\/gas-natural.jpg\" alt=\"\" class=\"wp-image-56926\" srcset=\"https:\/\/www.elsindical.com.ar\/notas\/var\/www\/html\/notas\/wp-content\/uploads\/2016\/02\/gas-natural.jpg 620w, https:\/\/www.elsindical.com.ar\/notas\/var\/www\/html\/notas\/wp-content\/uploads\/2016\/02\/gas-natural-300x188.jpg 300w, https:\/\/www.elsindical.com.ar\/notas\/var\/www\/html\/notas\/wp-content\/uploads\/2016\/02\/gas-natural-479x300.jpg 479w\" sizes=\"auto, (max-width: 620px) 100vw, 620px\" \/><\/a><\/figure><\/div>\n\n\n\n<blockquote class=\"wp-block-quote is-layout-flow wp-block-quote-is-layout-flow\"><p>M\u00e1s de 100 municipios est\u00e1n respondiendo de esta manera a las necesidades de sus ciudadanos.<\/p><cite>La Contralor\u00eda General de la Rep\u00fablica (CGR) de Chile, emiti\u00f3 un dictamen en el que establece que \u201cel marco normativo vigente no contempla autorizaci\u00f3n para que las municipalidades puedan vender gas\u201d, luego de que m\u00e1s de cien municipios del pa\u00eds plantearan la iniciativa de vender y distribuir gas a bajo costo.<br><br>En este contexto, la Asociaci\u00f3n Chilena de Municipalidades (ACHM), luego de tomar conocimiento sobre el dictamen de la CGR que establece los impedimentos legales que tendr\u00edan los municipios para distribuir y vender gas, se manifest\u00f3 en desacuerdo y se\u00f1al\u00f3 que \u201cesto no suceder\u00eda si las empresas no hubiesen realizado un alza desmedida de un producto que es de primera necesidad para los ciudadanos\u201d.<br><br>En este contexto la AChM, junto a los a los alcaldes que trabajan respondiendo a las urgencias de sus vecinos, solicit\u00f3 al gobierno central que prontamente responda con pol\u00edticas para dar soluci\u00f3n a dichas demandas, entre ellas el congelamiento y control de los precios o subsidios directos a los ciudadanos.<br><br>Asimismo, representantes de la AChM manifestaron que esta situaci\u00f3n es una prueba m\u00e1s sobre las limitaciones que tienen los municipios. En relaci\u00f3n a ello, se espera que el trabajo que se est\u00e1 realizando en la nueva constituci\u00f3n otorgue las herramientas pr\u00e1cticas y soluciones para que los municipios puedan dar respuestas a sus comunidades.<\/cite><\/blockquote>\n","protected":false},"excerpt":{"rendered":"<p>M\u00e1s de 100 municipios est\u00e1n respondiendo de esta manera a las necesidades de sus ciudadanos. La Contralor\u00eda General de la Rep\u00fablica (CGR) de Chile, emiti\u00f3 un dictamen en el que establece que \u201cel marco normativo vigente no contempla autorizaci\u00f3n para que las municipalidades puedan vender gas\u201d, luego de que m\u00e1s de cien municipios del pa\u00eds&hellip;<\/p>\n","protected":false},"author":1,"featured_media":56926,"comment_status":"open","ping_status":"open","sticky":false,"template":"","format":"standard","meta":{"footnotes":""},"categories":[18],"tags":[36199,36198,1200,2450,36197,8190],"class_list":["post-110116","post","type-post","status-publish","format-standard","has-post-thumbnail","hentry","category-internacionales","tag-achm","tag-cgr","tag-chile","tag-diario-el-sindical","tag-gas-a-bajo-costo","tag-municipios"],"_links":{"self":[{"href":"https:\/\/www.elsindical.com.ar\/notas\/wp-json\/wp\/v2\/posts\/110116","targetHints":{"allow":["GET"]}}],"collection":[{"href":"https:\/\/www.elsindical.com.ar\/notas\/wp-json\/wp\/v2\/posts"}],"about":[{"href":"https:\/\/www.elsindical.com.ar\/notas\/wp-json\/wp\/v2\/types\/post"}],"author":[{"embeddable":true,"href":"https:\/\/www.elsindical.com.ar\/notas\/wp-json\/wp\/v2\/users\/1"}],"replies":[{"embeddable":true,"href":"https:\/\/www.elsindical.com.ar\/notas\/wp-json\/wp\/v2\/comments?post=110116"}],"version-history":[{"count":1,"href":"https:\/\/www.elsindical.com.ar\/notas\/wp-json\/wp\/v2\/posts\/110116\/revisions"}],"predecessor-version":[{"id":110117,"href":"https:\/\/www.elsindical.com.ar\/notas\/wp-json\/wp\/v2\/posts\/110116\/revisions\/110117"}],"wp:featuredmedia":[{"embeddable":true,"href":"https:\/\/www.elsindical.com.ar\/notas\/wp-json\/wp\/v2\/media\/56926"}],"wp:attachment":[{"href":"https:\/\/www.elsindical.com.ar\/notas\/wp-json\/wp\/v2\/media?parent=110116"}],"wp:term":[{"taxonomy":"category","embeddable":true,"href":"https:\/\/www.elsindical.com.ar\/notas\/wp-json\/wp\/v2\/categories?post=110116"},{"taxonomy":"post_tag","embeddable":true,"href":"https:\/\/www.elsindical.com.ar\/notas\/wp-json\/wp\/v2\/tags?post=110116"}],"curies":[{"name":"wp","href":"https:\/\/api.w.org\/{rel}","templated":true}]}}