{"id":110054,"date":"2021-12-14T08:34:06","date_gmt":"2021-12-14T11:34:06","guid":{"rendered":"https:\/\/www.elsindical.com.ar\/notas\/?p=110054"},"modified":"2021-12-14T08:34:22","modified_gmt":"2021-12-14T11:34:22","slug":"lomas-de-zamora-balean-a-un-policia-en-un-intento-de-robo-a-una-heladeria","status":"publish","type":"post","link":"https:\/\/www.elsindical.com.ar\/notas\/lomas-de-zamora-balean-a-un-policia-en-un-intento-de-robo-a-una-heladeria\/","title":{"rendered":"Lomas de Zamora: Balean a un polic\u00eda en un intento de robo a una helader\u00eda"},"content":{"rendered":"\n<div class=\"wp-block-image\"><figure class=\"aligncenter size-full is-resized\"><a href=\"https:\/\/www.elsindical.com.ar\/notas\/var\/www\/html\/notas\/wp-content\/uploads\/2021\/12\/robo-heladeria-LZ.jpg\"><img loading=\"lazy\" decoding=\"async\" src=\"https:\/\/www.elsindical.com.ar\/notas\/var\/www\/html\/notas\/wp-content\/uploads\/2021\/12\/robo-heladeria-LZ.jpg\" alt=\"\" class=\"wp-image-110055\" width=\"760\" height=\"477\" srcset=\"https:\/\/www.elsindical.com.ar\/notas\/var\/www\/html\/notas\/wp-content\/uploads\/2021\/12\/robo-heladeria-LZ.jpg 610w, https:\/\/www.elsindical.com.ar\/notas\/var\/www\/html\/notas\/wp-content\/uploads\/2021\/12\/robo-heladeria-LZ-300x188.jpg 300w, https:\/\/www.elsindical.com.ar\/notas\/var\/www\/html\/notas\/wp-content\/uploads\/2021\/12\/robo-heladeria-LZ-478x300.jpg 478w\" sizes=\"auto, (max-width: 760px) 100vw, 760px\" \/><\/a><\/figure><\/div>\n\n\n\n<p>Tres delincuentes que ingresaron a robar a una helader\u00eda de Villa Centenario balearon a un oficial de la Polic\u00eda Local de Lomas de Zamora y huyeron. El agente se encuentra fuera de peligro. <\/p>\n\n\n\n<p>Uno de los ladrones fue detenido tras una persecuci\u00f3n. Fuentes policiales informaron que el hecho ocurri\u00f3 este domingo por la tarde cuando tres delincuentes armados ingresaron a robar a una helader\u00eda ubicada en la esquina de Mart\u00edn Rodr\u00edguez y P\u00edo Baroja, en Villa Centenario. <\/p>\n\n\n\n<p>En el comercio se encontraba un oficial de la Polic\u00eda Local de Lomas quien se dio a conocer, antes lo que los ladrones le dispararon en tres oportunidades. El agente decidi\u00f3 no responder por la gran cantidad de clientes que hab\u00eda en la helader\u00eda. Tras el frustrado robo y el ataque al polic\u00eda, los delincuentes escaparon un Toyota Corolla con el que hab\u00edan llegado hasta el comercio. <\/p>\n\n\n\n<p>En tanto, oficial qued\u00f3 herido de un balazo de los asaltantes en su gl\u00fateo izquierdo y fue trasladado al Hospital Gandulfo donde recibi\u00f3 la asistencia m\u00e9dica. Efectivos de la Comisar\u00eda de Villa Centenario\u00a0trabajan ahora para dar con los ladrones. La causa \u2013 caratulada como \u201ctentativa de robo y lesiones\u201d \u2013 se encuentra en la UFI 5 de Lomas de Zamora, a cargo del fiscal Marcelo Dom\u00ednguez.<\/p>\n","protected":false},"excerpt":{"rendered":"<p>Tres delincuentes que ingresaron a robar a una helader\u00eda de Villa Centenario balearon a un oficial de la Polic\u00eda Local de Lomas de Zamora y huyeron. El agente se encuentra fuera de peligro. Uno de los ladrones fue detenido tras una persecuci\u00f3n. Fuentes policiales informaron que el hecho ocurri\u00f3 este domingo por la tarde cuando&hellip;<\/p>\n","protected":false},"author":1,"featured_media":110055,"comment_status":"open","ping_status":"open","sticky":false,"template":"","format":"standard","meta":{"footnotes":""},"categories":[22],"tags":[2450,1900,744,11813,116,5548],"class_list":["post-110054","post","type-post","status-publish","format-standard","has-post-thumbnail","hentry","category-policiales","tag-diario-el-sindical","tag-heladeria","tag-lomas-de-zamora","tag-policia-herido","tag-robo","tag-villa-centenario"],"_links":{"self":[{"href":"https:\/\/www.elsindical.com.ar\/notas\/wp-json\/wp\/v2\/posts\/110054","targetHints":{"allow":["GET"]}}],"collection":[{"href":"https:\/\/www.elsindical.com.ar\/notas\/wp-json\/wp\/v2\/posts"}],"about":[{"href":"https:\/\/www.elsindical.com.ar\/notas\/wp-json\/wp\/v2\/types\/post"}],"author":[{"embeddable":true,"href":"https:\/\/www.elsindical.com.ar\/notas\/wp-json\/wp\/v2\/users\/1"}],"replies":[{"embeddable":true,"href":"https:\/\/www.elsindical.com.ar\/notas\/wp-json\/wp\/v2\/comments?post=110054"}],"version-history":[{"count":2,"href":"https:\/\/www.elsindical.com.ar\/notas\/wp-json\/wp\/v2\/posts\/110054\/revisions"}],"predecessor-version":[{"id":110057,"href":"https:\/\/www.elsindical.com.ar\/notas\/wp-json\/wp\/v2\/posts\/110054\/revisions\/110057"}],"wp:featuredmedia":[{"embeddable":true,"href":"https:\/\/www.elsindical.com.ar\/notas\/wp-json\/wp\/v2\/media\/110055"}],"wp:attachment":[{"href":"https:\/\/www.elsindical.com.ar\/notas\/wp-json\/wp\/v2\/media?parent=110054"}],"wp:term":[{"taxonomy":"category","embeddable":true,"href":"https:\/\/www.elsindical.com.ar\/notas\/wp-json\/wp\/v2\/categories?post=110054"},{"taxonomy":"post_tag","embeddable":true,"href":"https:\/\/www.elsindical.com.ar\/notas\/wp-json\/wp\/v2\/tags?post=110054"}],"curies":[{"name":"wp","href":"https:\/\/api.w.org\/{rel}","templated":true}]}}