{"id":109972,"date":"2021-12-10T19:57:36","date_gmt":"2021-12-10T22:57:36","guid":{"rendered":"https:\/\/www.elsindical.com.ar\/notas\/?p=109972"},"modified":"2021-12-10T20:10:31","modified_gmt":"2021-12-10T23:10:31","slug":"viviana-canosa-sigue-fogoneando-el-caos","status":"publish","type":"post","link":"https:\/\/www.elsindical.com.ar\/notas\/viviana-canosa-sigue-fogoneando-el-caos\/","title":{"rendered":"Viviana Canosa sigue fogoneando el caos"},"content":{"rendered":"\n<div class=\"wp-block-image\"><figure class=\"aligncenter size-large\"><a href=\"https:\/\/www.elsindical.com.ar\/notas\/var\/www\/html\/notas\/wp-content\/uploads\/2021\/12\/programa-de-Canosa.jpg\"><img loading=\"lazy\" decoding=\"async\" width=\"1024\" height=\"719\" src=\"https:\/\/www.elsindical.com.ar\/notas\/var\/www\/html\/notas\/wp-content\/uploads\/2021\/12\/programa-de-Canosa-1024x719.jpg\" alt=\"\" class=\"wp-image-109973\" srcset=\"https:\/\/www.elsindical.com.ar\/notas\/var\/www\/html\/notas\/wp-content\/uploads\/2021\/12\/programa-de-Canosa-1024x719.jpg 1024w, https:\/\/www.elsindical.com.ar\/notas\/var\/www\/html\/notas\/wp-content\/uploads\/2021\/12\/programa-de-Canosa-300x211.jpg 300w, https:\/\/www.elsindical.com.ar\/notas\/var\/www\/html\/notas\/wp-content\/uploads\/2021\/12\/programa-de-Canosa-768x539.jpg 768w, https:\/\/www.elsindical.com.ar\/notas\/var\/www\/html\/notas\/wp-content\/uploads\/2021\/12\/programa-de-Canosa-427x300.jpg 427w, https:\/\/www.elsindical.com.ar\/notas\/var\/www\/html\/notas\/wp-content\/uploads\/2021\/12\/programa-de-Canosa.jpg 1211w\" sizes=\"auto, (max-width: 1024px) 100vw, 1024px\" \/><\/a><\/figure><\/div>\n\n\n\n<p>   La misma Viviana Canosa que cuando ocurre un hecho de inseguridad reclama la pena de muerte, denuncia que la polic\u00eda ve las motos con los pibes \u00abchorros\u00bb y no los identifica, que incluso se animo a intentar justificar a los polic\u00edas de la Ciudad asesinos de Lucas, ahora compara ambas muertes y dice que son hechos similares, fomentando el enojo y avalando los desmanes y robos en Miramar.<\/p>\n\n\n\n<p>Miente descaradamente para un p\u00fablico que la sigue y que son m\u00e1s reaccionarios que inteligentes, ambos casos tienen como \u00fanica similitud la muerte de dos j\u00f3venes que la justicia deber\u00e1 determinar las responsabilidades y las penas.<\/p>\n\n\n\n<p><strong>Las enormes diferencias entre un caso y el otro que Canosa no ve<\/strong><\/p>\n\n\n\n<p>A Lucas Gonz\u00e1lez lo mataron polic\u00edas delincuentes, no era por su forma de vestir, buscaban robarles la droga si hubieran sido adictos y el dinero para no detenerlos. Lo mataron y fingieron un enfrentamiento, plantaron pruebas y los medios que apoyan la oposici\u00f3n no demoraron en publicar que Lucas y los amigos eran delincuentes, incluso plantaron un arma de juguete y pasaron casi una semana libres. Lucas y los amigos no ten\u00edan motivos para huir porque no ten\u00edan nada ilegal y cuando vieron hombres armados y violentos sin identificarse creyeron que era un robo.<\/p>\n\n\n\n<p>Luciano Olivera era un adolescente que circulaba en una moto sin papeles, lo reconocieron sus amigos y tambi\u00e9n reconocieron que no sab\u00edan si la moto era robada pero que eso no importa, que intent\u00f3 huir por temor a ser detenido o a que le saquen plata, la diferencia, los polic\u00edas estaban uniformados y en una patrulla, no hab\u00eda posibilidad alguna de que creyera que era una v\u00edctima, pero s\u00ed, estaba huyendo y la posesi\u00f3n de una moto robada es un delito.<\/p>\n\n\n\n<p>No conozco gente de bien y trabajadora como dice la agitadora de Viviana Canosa que juegue al f\u00fatbol a las 03:00 de la madrugada casi todos los d\u00edas y que se muevan en una moto robada, NO SE DISCUTE que si el polic\u00eda disparo sin que exista una agresi\u00f3n merece ser juzgado y sancionado, pero los casos por m\u00e1s que duela no son ni parecidos.<\/p>\n\n\n\n<p>La familia de Lucas lo primero que hicieron fue una pausa, donaron los \u00f3rganos de su hijo y marcharon en paz pidiendo justicia.<\/p>\n\n\n\n<p>Los amigos de Luciano en c\u00e1maras hablaban con lenguaje tumbero, una cosa es ser pobre y otra muy distinta identificarse con un lenguaje de delincuentes, si Canosa eso no lo comprende no deber\u00eda estar en un programa period\u00edstico porque no aporta nada bueno.<\/p>\n\n\n\n<p>Esos mismos que hablan como delincuentes tambi\u00e9n act\u00faan como delincuentes, la marcha a la comisar\u00eda de MIramar fue un caos, arrojaron piedras, bombas molotov y saquearon algunos comercios, intentaron robar en vivo un cable de un m\u00f3vil televisivo.<\/p>\n\n\n\n<p>Parece que en la l\u00f3gica de Canosa es terrorista y grave que tiren unas bombas molotov que no causaron da\u00f1os a Clar\u00edn, pero justifica que le tiren bombas a la polic\u00eda y no tiene problema en no criticar el intento de quemar la comisar\u00eda, eso es Viviana Canosa.<\/p>\n\n\n\n<p>Como si fuera poco, a pantalla partida reclamaba que el gobierno festejaba en Plaza de Mayo el d\u00eda de la democracia, mientras en Miramar hab\u00eda incidentes.<\/p>\n\n\n\n<p>Canosa es la misma irresponsable que recomendaba tomar lavandina contra el COVID-19, entre tantos papelones medi\u00e1ticos, pero todo tiene un l\u00edmite y el l\u00edmite es que no se puede jugar al periodista y fomentar el caos, ayer lloraba por el discurso de Estaban Bullrich que ped\u00eda terminar con la grieta y hoy arenga la violencia y el odio.<\/p>\n\n\n\n<p><\/p>\n\n\n\n<div class=\"wp-block-image\"><figure class=\"aligncenter size-full\"><a href=\"https:\/\/www.elsindical.com.ar\/notas\/var\/www\/html\/notas\/wp-content\/uploads\/2021\/12\/incidentes-en-Miramar.jpg\"><img loading=\"lazy\" decoding=\"async\" width=\"759\" height=\"431\" src=\"https:\/\/www.elsindical.com.ar\/notas\/var\/www\/html\/notas\/wp-content\/uploads\/2021\/12\/incidentes-en-Miramar.jpg\" alt=\"\" class=\"wp-image-109975\" srcset=\"https:\/\/www.elsindical.com.ar\/notas\/var\/www\/html\/notas\/wp-content\/uploads\/2021\/12\/incidentes-en-Miramar.jpg 759w, https:\/\/www.elsindical.com.ar\/notas\/var\/www\/html\/notas\/wp-content\/uploads\/2021\/12\/incidentes-en-Miramar-300x170.jpg 300w, https:\/\/www.elsindical.com.ar\/notas\/var\/www\/html\/notas\/wp-content\/uploads\/2021\/12\/incidentes-en-Miramar-500x284.jpg 500w, https:\/\/www.elsindical.com.ar\/notas\/var\/www\/html\/notas\/wp-content\/uploads\/2021\/12\/incidentes-en-Miramar-220x126.jpg 220w, https:\/\/www.elsindical.com.ar\/notas\/var\/www\/html\/notas\/wp-content\/uploads\/2021\/12\/incidentes-en-Miramar-460x260.jpg 460w\" sizes=\"auto, (max-width: 759px) 100vw, 759px\" \/><\/a><\/figure><\/div>\n\n\n\n<p>Por Marcelo Ricardo Hawrylciw<\/p>\n","protected":false},"excerpt":{"rendered":"<p>La misma Viviana Canosa que cuando ocurre un hecho de inseguridad reclama la pena de muerte, denuncia que la polic\u00eda ve las motos con los pibes \u00abchorros\u00bb y no los identifica, que incluso se animo a intentar justificar a los polic\u00edas de la Ciudad asesinos de Lucas, ahora compara ambas muertes y dice que son&hellip;<\/p>\n","protected":false},"author":1,"featured_media":109973,"comment_status":"open","ping_status":"open","sticky":false,"template":"","format":"standard","meta":{"footnotes":""},"categories":[10],"tags":[13520,2450,1229,35957,36148,3926,5987,305,28268,24537,1186],"class_list":["post-109972","post","type-post","status-publish","format-standard","has-post-thumbnail","hentry","category-editorial","tag-caos","tag-diario-el-sindical","tag-incidentes","tag-lucas-gonzalez","tag-luciano-olivera","tag-marchas","tag-miramar","tag-muerte","tag-policia-bomaerense","tag-policia-de-la-ciudad","tag-viviana-canosa"],"_links":{"self":[{"href":"https:\/\/www.elsindical.com.ar\/notas\/wp-json\/wp\/v2\/posts\/109972","targetHints":{"allow":["GET"]}}],"collection":[{"href":"https:\/\/www.elsindical.com.ar\/notas\/wp-json\/wp\/v2\/posts"}],"about":[{"href":"https:\/\/www.elsindical.com.ar\/notas\/wp-json\/wp\/v2\/types\/post"}],"author":[{"embeddable":true,"href":"https:\/\/www.elsindical.com.ar\/notas\/wp-json\/wp\/v2\/users\/1"}],"replies":[{"embeddable":true,"href":"https:\/\/www.elsindical.com.ar\/notas\/wp-json\/wp\/v2\/comments?post=109972"}],"version-history":[{"count":2,"href":"https:\/\/www.elsindical.com.ar\/notas\/wp-json\/wp\/v2\/posts\/109972\/revisions"}],"predecessor-version":[{"id":109976,"href":"https:\/\/www.elsindical.com.ar\/notas\/wp-json\/wp\/v2\/posts\/109972\/revisions\/109976"}],"wp:featuredmedia":[{"embeddable":true,"href":"https:\/\/www.elsindical.com.ar\/notas\/wp-json\/wp\/v2\/media\/109973"}],"wp:attachment":[{"href":"https:\/\/www.elsindical.com.ar\/notas\/wp-json\/wp\/v2\/media?parent=109972"}],"wp:term":[{"taxonomy":"category","embeddable":true,"href":"https:\/\/www.elsindical.com.ar\/notas\/wp-json\/wp\/v2\/categories?post=109972"},{"taxonomy":"post_tag","embeddable":true,"href":"https:\/\/www.elsindical.com.ar\/notas\/wp-json\/wp\/v2\/tags?post=109972"}],"curies":[{"name":"wp","href":"https:\/\/api.w.org\/{rel}","templated":true}]}}