{"id":109954,"date":"2021-12-10T10:20:26","date_gmt":"2021-12-10T13:20:26","guid":{"rendered":"https:\/\/www.elsindical.com.ar\/notas\/?p=109954"},"modified":"2021-12-10T10:20:27","modified_gmt":"2021-12-10T13:20:27","slug":"latinoamericaescucha-ruben-albarran-gustavo-santaolalla-rebeca-lane-liniers-y-la-bruja-de-texcoco-unen-sus-voces-a-la-onu-derechos-humanos","status":"publish","type":"post","link":"https:\/\/www.elsindical.com.ar\/notas\/latinoamericaescucha-ruben-albarran-gustavo-santaolalla-rebeca-lane-liniers-y-la-bruja-de-texcoco-unen-sus-voces-a-la-onu-derechos-humanos\/","title":{"rendered":"#Latinoam\u00e9ricaEscucha: Rub\u00e9n Albarr\u00e1n, Gustavo Santaolalla, Rebeca Lane, Liniers y La Bruja de Texcoco unen sus voces a la ONU Derechos Humanos"},"content":{"rendered":"\n<div class=\"wp-block-image\"><figure class=\"aligncenter size-full is-resized\"><a href=\"https:\/\/www.elsindical.com.ar\/notas\/var\/www\/html\/notas\/wp-content\/uploads\/2021\/12\/Dia-de-los-derechos-humanos-2021.png\"><img loading=\"lazy\" decoding=\"async\" src=\"https:\/\/www.elsindical.com.ar\/notas\/var\/www\/html\/notas\/wp-content\/uploads\/2021\/12\/Dia-de-los-derechos-humanos-2021.png\" alt=\"\" class=\"wp-image-109955\" width=\"800\" height=\"267\" srcset=\"https:\/\/www.elsindical.com.ar\/notas\/var\/www\/html\/notas\/wp-content\/uploads\/2021\/12\/Dia-de-los-derechos-humanos-2021.png 690w, https:\/\/www.elsindical.com.ar\/notas\/var\/www\/html\/notas\/wp-content\/uploads\/2021\/12\/Dia-de-los-derechos-humanos-2021-300x100.png 300w, https:\/\/www.elsindical.com.ar\/notas\/var\/www\/html\/notas\/wp-content\/uploads\/2021\/12\/Dia-de-los-derechos-humanos-2021-500x167.png 500w\" sizes=\"auto, (max-width: 800px) 100vw, 800px\" \/><\/a><\/figure><\/div>\n\n\n\n<p>Bogot\u00e1 \/ Ciudad de Guatemala \/ Ciudad de M\u00e9xico \/ Ciudad de Panam\u00e1 \/ La Paz \/ Tegucigalpa \/ Santiago de Chile \/ Buenos Aires, 10 de diciembre de 2021 &#8211; Del 10 al 20 de diciembre, las presencias en Latinoam\u00e9rica de la Oficina del Alto Comisionado de las Naciones Unidas para los Derechos Humanos (ONU Derechos Humanos) sostendr\u00e1n 10 d\u00edas de celebraci\u00f3n por el D\u00eda de los Derechos Humanos 2021, junto a medios y personalidades aliadas, a trav\u00e9s de piezas art\u00edsticas digitales preparadas por Rub\u00e9n Albarr\u00e1n (Mex), Gustavo Santaolalla (Arg), Rebeca Lane (Guat), Liniers (Arg) y La Bruja de Texcoco (Mex).&nbsp;<\/p>\n\n\n\n<p>Cada a\u00f1o se celebra el 10 de diciembre para conmemorar que en 1948 la Asamblea General de la ONU adopt\u00f3 la Declaraci\u00f3n Universal de los Derechos Humanos.&nbsp;<\/p>\n\n\n\n<p>Con el objetivo de llevar el tema de la defensa de los derechos humanos a las conversaciones de la vida diaria se generaron alianzas con artistas que, con su talento y su arte, inspiran para reflexionar sobre algunos de los temas de derechos humanos m\u00e1s relevantes en Latinoam\u00e9rica, como la defensa de los derechos humanos, incluyendo el medio ambiente, la tierra y el territorio; los derechos de las personas migrantes; la desaparici\u00f3n de personas; la violencia contra las mujeres; y el acceso a la justicia, entre otros.<\/p>\n\n\n\n<p>Las artistas y los artistas involucrados en esta iniciativa y ONU Derechos Humanos invitan a disfrutar estos 10 d\u00edas de arte y m\u00fasica a favor de la defensa de los derechos humanos desde la Patagonia hasta el R\u00edo Bravo, a trav\u00e9s de las siguientes redes sociales:<\/p>\n\n\n\n<p>Facebook:<\/p>\n\n\n\n<p>@OnudhMexico<\/p>\n\n\n\n<p>@OACNUDH<\/p>\n\n\n\n<p>@OACNUDHHN<\/p>\n\n\n\n<p>@ONUdh<\/p>\n\n\n\n<p>@OACNUDHGuatemala&nbsp;<\/p>\n\n\n\n<p>@onuderechoshumanoscolombia<\/p>\n\n\n\n<p>Twitter:<\/p>\n\n\n\n<p>@ONUDHmexico<\/p>\n\n\n\n<p>@OACNUDH<\/p>\n\n\n\n<p>@Oacnudh_BO<\/p>\n\n\n\n<p>@ONU_derechos&nbsp;<\/p>\n\n\n\n<p>@Oacnudh_GT<\/p>\n\n\n\n<p>@ONUHumanRights<\/p>\n\n\n\n<p>Instagram:<\/p>\n\n\n\n<p>@onudh_mx<\/p>\n\n\n\n<p>@OACNUDH<\/p>\n\n\n\n<p>@@onuderechoshumanoscolombi<\/p>\n\n\n\n<figure class=\"wp-block-gallery columns-3 is-cropped wp-block-gallery-1 is-layout-flex wp-block-gallery-is-layout-flex\"><ul class=\"blocks-gallery-grid\"><li class=\"blocks-gallery-item\"><figure><a href=\"https:\/\/www.elsindical.com.ar\/notas\/var\/www\/html\/notas\/wp-content\/uploads\/2021\/12\/escucha-1.png\"><img loading=\"lazy\" decoding=\"async\" width=\"230\" height=\"230\" src=\"https:\/\/www.elsindical.com.ar\/notas\/var\/www\/html\/notas\/wp-content\/uploads\/2021\/12\/escucha-1.png\" alt=\"\" data-id=\"109956\" data-full-url=\"https:\/\/www.elsindical.com.ar\/notas\/var\/www\/html\/notas\/wp-content\/uploads\/2021\/12\/escucha-1.png\" data-link=\"https:\/\/www.elsindical.com.ar\/notas\/?attachment_id=109956#main\" class=\"wp-image-109956\" srcset=\"https:\/\/www.elsindical.com.ar\/notas\/var\/www\/html\/notas\/wp-content\/uploads\/2021\/12\/escucha-1.png 230w, https:\/\/www.elsindical.com.ar\/notas\/var\/www\/html\/notas\/wp-content\/uploads\/2021\/12\/escucha-1-150x150.png 150w, https:\/\/www.elsindical.com.ar\/notas\/var\/www\/html\/notas\/wp-content\/uploads\/2021\/12\/escucha-1-50x50.png 50w\" sizes=\"auto, (max-width: 230px) 100vw, 230px\" \/><\/a><\/figure><\/li><li class=\"blocks-gallery-item\"><figure><a href=\"https:\/\/www.elsindical.com.ar\/notas\/var\/www\/html\/notas\/wp-content\/uploads\/2021\/12\/escucha-2.png\"><img loading=\"lazy\" decoding=\"async\" width=\"229\" height=\"231\" src=\"https:\/\/www.elsindical.com.ar\/notas\/var\/www\/html\/notas\/wp-content\/uploads\/2021\/12\/escucha-2.png\" alt=\"\" data-id=\"109957\" data-full-url=\"https:\/\/www.elsindical.com.ar\/notas\/var\/www\/html\/notas\/wp-content\/uploads\/2021\/12\/escucha-2.png\" data-link=\"https:\/\/www.elsindical.com.ar\/notas\/?attachment_id=109957#main\" class=\"wp-image-109957\" srcset=\"https:\/\/www.elsindical.com.ar\/notas\/var\/www\/html\/notas\/wp-content\/uploads\/2021\/12\/escucha-2.png 229w, https:\/\/www.elsindical.com.ar\/notas\/var\/www\/html\/notas\/wp-content\/uploads\/2021\/12\/escucha-2-150x150.png 150w, https:\/\/www.elsindical.com.ar\/notas\/var\/www\/html\/notas\/wp-content\/uploads\/2021\/12\/escucha-2-50x50.png 50w\" sizes=\"auto, (max-width: 229px) 100vw, 229px\" \/><\/a><\/figure><\/li><li class=\"blocks-gallery-item\"><figure><a href=\"https:\/\/www.elsindical.com.ar\/notas\/var\/www\/html\/notas\/wp-content\/uploads\/2021\/12\/escucha-3.png\"><img loading=\"lazy\" decoding=\"async\" width=\"229\" height=\"229\" src=\"https:\/\/www.elsindical.com.ar\/notas\/var\/www\/html\/notas\/wp-content\/uploads\/2021\/12\/escucha-3.png\" alt=\"\" data-id=\"109958\" data-full-url=\"https:\/\/www.elsindical.com.ar\/notas\/var\/www\/html\/notas\/wp-content\/uploads\/2021\/12\/escucha-3.png\" data-link=\"https:\/\/www.elsindical.com.ar\/notas\/?attachment_id=109958#main\" class=\"wp-image-109958\" srcset=\"https:\/\/www.elsindical.com.ar\/notas\/var\/www\/html\/notas\/wp-content\/uploads\/2021\/12\/escucha-3.png 229w, https:\/\/www.elsindical.com.ar\/notas\/var\/www\/html\/notas\/wp-content\/uploads\/2021\/12\/escucha-3-150x150.png 150w, https:\/\/www.elsindical.com.ar\/notas\/var\/www\/html\/notas\/wp-content\/uploads\/2021\/12\/escucha-3-50x50.png 50w\" sizes=\"auto, (max-width: 229px) 100vw, 229px\" \/><\/a><\/figure><\/li><\/ul><\/figure>\n","protected":false},"excerpt":{"rendered":"<p>Bogot\u00e1 \/ Ciudad de Guatemala \/ Ciudad de M\u00e9xico \/ Ciudad de Panam\u00e1 \/ La Paz \/ Tegucigalpa \/ Santiago de Chile \/ Buenos Aires, 10 de diciembre de 2021 &#8211; Del 10 al 20 de diciembre, las presencias en Latinoam\u00e9rica de la Oficina del Alto Comisionado de las Naciones Unidas para los Derechos Humanos&hellip;<\/p>\n","protected":false},"author":1,"featured_media":109955,"comment_status":"open","ping_status":"open","sticky":false,"template":"","format":"standard","meta":{"footnotes":""},"categories":[15],"tags":[22022,36143,2450,2338],"class_list":["post-109954","post","type-post","status-publish","format-standard","has-post-thumbnail","hentry","category-espectaculos","tag-derechos-humanos","tag-dia-de-los-derechos-humanos","tag-diario-el-sindical","tag-onu"],"_links":{"self":[{"href":"https:\/\/www.elsindical.com.ar\/notas\/wp-json\/wp\/v2\/posts\/109954","targetHints":{"allow":["GET"]}}],"collection":[{"href":"https:\/\/www.elsindical.com.ar\/notas\/wp-json\/wp\/v2\/posts"}],"about":[{"href":"https:\/\/www.elsindical.com.ar\/notas\/wp-json\/wp\/v2\/types\/post"}],"author":[{"embeddable":true,"href":"https:\/\/www.elsindical.com.ar\/notas\/wp-json\/wp\/v2\/users\/1"}],"replies":[{"embeddable":true,"href":"https:\/\/www.elsindical.com.ar\/notas\/wp-json\/wp\/v2\/comments?post=109954"}],"version-history":[{"count":1,"href":"https:\/\/www.elsindical.com.ar\/notas\/wp-json\/wp\/v2\/posts\/109954\/revisions"}],"predecessor-version":[{"id":109959,"href":"https:\/\/www.elsindical.com.ar\/notas\/wp-json\/wp\/v2\/posts\/109954\/revisions\/109959"}],"wp:featuredmedia":[{"embeddable":true,"href":"https:\/\/www.elsindical.com.ar\/notas\/wp-json\/wp\/v2\/media\/109955"}],"wp:attachment":[{"href":"https:\/\/www.elsindical.com.ar\/notas\/wp-json\/wp\/v2\/media?parent=109954"}],"wp:term":[{"taxonomy":"category","embeddable":true,"href":"https:\/\/www.elsindical.com.ar\/notas\/wp-json\/wp\/v2\/categories?post=109954"},{"taxonomy":"post_tag","embeddable":true,"href":"https:\/\/www.elsindical.com.ar\/notas\/wp-json\/wp\/v2\/tags?post=109954"}],"curies":[{"name":"wp","href":"https:\/\/api.w.org\/{rel}","templated":true}]}}