{"id":109809,"date":"2021-12-04T11:54:00","date_gmt":"2021-12-04T14:54:00","guid":{"rendered":"https:\/\/www.elsindical.com.ar\/notas\/?p=109809"},"modified":"2021-12-04T11:54:01","modified_gmt":"2021-12-04T14:54:01","slug":"lanus-grindetti-brindando-por-nada","status":"publish","type":"post","link":"https:\/\/www.elsindical.com.ar\/notas\/lanus-grindetti-brindando-por-nada\/","title":{"rendered":"Lan\u00fas: Grindetti brindando por nada"},"content":{"rendered":"\n<figure class=\"wp-block-image size-full\"><a href=\"https:\/\/www.elsindical.com.ar\/notas\/var\/www\/html\/notas\/wp-content\/uploads\/2021\/12\/almuerzo-con-periodistas-locales-1.jpg\"><img loading=\"lazy\" decoding=\"async\" width=\"1025\" height=\"723\" src=\"https:\/\/www.elsindical.com.ar\/notas\/var\/www\/html\/notas\/wp-content\/uploads\/2021\/12\/almuerzo-con-periodistas-locales-1.jpg\" alt=\"\" class=\"wp-image-109810\" srcset=\"https:\/\/www.elsindical.com.ar\/notas\/var\/www\/html\/notas\/wp-content\/uploads\/2021\/12\/almuerzo-con-periodistas-locales-1.jpg 1025w, https:\/\/www.elsindical.com.ar\/notas\/var\/www\/html\/notas\/wp-content\/uploads\/2021\/12\/almuerzo-con-periodistas-locales-1-300x212.jpg 300w, https:\/\/www.elsindical.com.ar\/notas\/var\/www\/html\/notas\/wp-content\/uploads\/2021\/12\/almuerzo-con-periodistas-locales-1-768x542.jpg 768w, https:\/\/www.elsindical.com.ar\/notas\/var\/www\/html\/notas\/wp-content\/uploads\/2021\/12\/almuerzo-con-periodistas-locales-1-425x300.jpg 425w\" sizes=\"auto, (max-width: 1025px) 100vw, 1025px\" \/><\/a><\/figure>\n\n\n\n<p class=\"wp-block-paragraph\">       El intendente de Lan\u00fas N\u00e9stor Grindetti, sigue en su mundo \u00abparalelo\u00bb al igual que Diego Kravetz, su jefe de gabinete y responsable de la inseguridad en el partido del sur. Mientras siguen los robos violentos, las muertes y encabeza los allanamientos vinculados a redes de prostituci\u00f3n infantil, los dos funcionarios pasan sus d\u00edas con almuerzos y festejos en clubes contando logros que no son ciertos.<\/p>\n\n\n\n<p class=\"wp-block-paragraph\">Ahora para que los vecinos entiendan por qu\u00e9 a pesar de todo lo que est\u00e1 mal en la gesti\u00f3n de Grindetti no hay un periodismo critico, las fotos lo explican todo, con un almuerzo y una pauta se consigue un \u00abblindaje\u00bb medi\u00e1tico.<\/p>\n\n\n\n<p class=\"wp-block-paragraph\">Hay muchas preguntas que el periodismo no le hace a Grindetti y  Kravetz, les dejamos unas sugerencias que podr\u00edan responder desde el municipio:<\/p>\n\n\n\n<p class=\"wp-block-paragraph\">1- \u00bfQu\u00e9 se hace ? desde el municipio para combatir la Trata de Personas y la promoci\u00f3n de la prostituci\u00f3n.<\/p>\n\n\n\n<p class=\"wp-block-paragraph\">2- \u00bfExiste alguna medida para combatir la promoci\u00f3n y distribuci\u00f3n de la pornograf\u00eda infantil?.<\/p>\n\n\n\n<p class=\"wp-block-paragraph\">3- Se habla de que hay que modificar el C\u00f3digo Penal, pero m\u00e1s r\u00e1pido y sencillo, \u00bfse le ha consultado al Fiscal General Guillermo Castro Moure sobre el abuso de los fiscales del Departamento Judicial Avellaneda- Lan\u00fas, sobre las excarcelaciones express?.<\/p>\n\n\n\n<p class=\"wp-block-paragraph\">4- \u00bfSe le ha requerido al jefe de drogas il\u00edcitas Comisario Juan Pablo Barberis investigaciones sobre narcos?, teniendo en cuenta que los allanamientos por drogas son un chiste y solo se trata de adictos que venden algo para financiar su consumo personal, lo que no cambia nada en la sociedad, cierran un \u00abkiosquito\u00bb hay otros para vender.<\/p>\n\n\n\n<p class=\"wp-block-paragraph\">5- \u00bfC\u00f3mo se financia la campa\u00f1a pol\u00edtica de SOMOS, que recorre distintos municipios?<\/p>\n\n\n\n<p class=\"wp-block-paragraph\">6- \u00bfAlguna vez van a tener un \u00e1rea de transparencia con acceso a la informaci\u00f3n p\u00fablica?<\/p>\n\n\n\n<p class=\"wp-block-paragraph\">7-\u00bfCu\u00e1l es el presupuesto en pautas a medios de prensa y redes sociales?<\/p>\n","protected":false},"excerpt":{"rendered":"<p>El intendente de Lan\u00fas N\u00e9stor Grindetti, sigue en su mundo \u00abparalelo\u00bb al igual que Diego Kravetz, su jefe de gabinete y responsable de la inseguridad en el partido del sur. Mientras siguen los robos violentos, las muertes y encabeza los allanamientos vinculados a redes de prostituci\u00f3n infantil, los dos funcionarios pasan sus d\u00edas con almuerzos&hellip;<\/p>\n","protected":false},"author":1,"featured_media":109810,"comment_status":"open","ping_status":"open","sticky":false,"template":"","format":"standard","meta":{"footnotes":""},"categories":[10],"tags":[2450,23470,984,209,7291,5025,18114,2605],"class_list":["post-109809","post","type-post","status-publish","format-standard","has-post-thumbnail","hentry","category-editorial","tag-diario-el-sindical","tag-diego-kravetz","tag-inseguridad","tag-lanus","tag-medios-periodisticos","tag-nestor-grindetti","tag-pauta","tag-redes-sociales"],"_links":{"self":[{"href":"https:\/\/www.elsindical.com.ar\/notas\/wp-json\/wp\/v2\/posts\/109809","targetHints":{"allow":["GET"]}}],"collection":[{"href":"https:\/\/www.elsindical.com.ar\/notas\/wp-json\/wp\/v2\/posts"}],"about":[{"href":"https:\/\/www.elsindical.com.ar\/notas\/wp-json\/wp\/v2\/types\/post"}],"author":[{"embeddable":true,"href":"https:\/\/www.elsindical.com.ar\/notas\/wp-json\/wp\/v2\/users\/1"}],"replies":[{"embeddable":true,"href":"https:\/\/www.elsindical.com.ar\/notas\/wp-json\/wp\/v2\/comments?post=109809"}],"version-history":[{"count":1,"href":"https:\/\/www.elsindical.com.ar\/notas\/wp-json\/wp\/v2\/posts\/109809\/revisions"}],"predecessor-version":[{"id":109811,"href":"https:\/\/www.elsindical.com.ar\/notas\/wp-json\/wp\/v2\/posts\/109809\/revisions\/109811"}],"wp:featuredmedia":[{"embeddable":true,"href":"https:\/\/www.elsindical.com.ar\/notas\/wp-json\/wp\/v2\/media\/109810"}],"wp:attachment":[{"href":"https:\/\/www.elsindical.com.ar\/notas\/wp-json\/wp\/v2\/media?parent=109809"}],"wp:term":[{"taxonomy":"category","embeddable":true,"href":"https:\/\/www.elsindical.com.ar\/notas\/wp-json\/wp\/v2\/categories?post=109809"},{"taxonomy":"post_tag","embeddable":true,"href":"https:\/\/www.elsindical.com.ar\/notas\/wp-json\/wp\/v2\/tags?post=109809"}],"curies":[{"name":"wp","href":"https:\/\/api.w.org\/{rel}","templated":true}]}}