{"id":109789,"date":"2021-12-03T12:00:14","date_gmt":"2021-12-03T15:00:14","guid":{"rendered":"https:\/\/www.elsindical.com.ar\/notas\/?p=109789"},"modified":"2021-12-03T12:00:15","modified_gmt":"2021-12-03T15:00:15","slug":"lanus-allanamiento-y-clausura-de-curtiembre","status":"publish","type":"post","link":"https:\/\/www.elsindical.com.ar\/notas\/lanus-allanamiento-y-clausura-de-curtiembre\/","title":{"rendered":"Lan\u00fas: Allanamiento y clausura de curtiembre"},"content":{"rendered":"\n<div class=\"wp-block-image\"><figure class=\"aligncenter size-large\"><a href=\"https:\/\/www.elsindical.com.ar\/notas\/var\/www\/html\/notas\/wp-content\/uploads\/2021\/12\/clausura1.jpg\"><img loading=\"lazy\" decoding=\"async\" width=\"1024\" height=\"683\" src=\"https:\/\/www.elsindical.com.ar\/notas\/var\/www\/html\/notas\/wp-content\/uploads\/2021\/12\/clausura1-1024x683.jpg\" alt=\"\" class=\"wp-image-109790\" srcset=\"https:\/\/www.elsindical.com.ar\/notas\/var\/www\/html\/notas\/wp-content\/uploads\/2021\/12\/clausura1-1024x683.jpg 1024w, https:\/\/www.elsindical.com.ar\/notas\/var\/www\/html\/notas\/wp-content\/uploads\/2021\/12\/clausura1-300x200.jpg 300w, https:\/\/www.elsindical.com.ar\/notas\/var\/www\/html\/notas\/wp-content\/uploads\/2021\/12\/clausura1-768x512.jpg 768w, https:\/\/www.elsindical.com.ar\/notas\/var\/www\/html\/notas\/wp-content\/uploads\/2021\/12\/clausura1-450x300.jpg 450w, https:\/\/www.elsindical.com.ar\/notas\/var\/www\/html\/notas\/wp-content\/uploads\/2021\/12\/clausura1-1536x1024.jpg 1536w, https:\/\/www.elsindical.com.ar\/notas\/var\/www\/html\/notas\/wp-content\/uploads\/2021\/12\/clausura1.jpg 1920w\" sizes=\"auto, (max-width: 1024px) 100vw, 1024px\" \/><\/a><\/figure><\/div>\n\n\n\n<p><strong><em>Personal de ACUMAR, junto a la Divisi\u00f3n de Delitos Ambientales de la Polic\u00eda Federal, AySA, Edesur, Metrogas y Defensa Civil participaron de un operativo que concluy\u00f3 con la clausura del establecimiento luego de constatar varias irregularidades.<\/em><\/strong><\/p>\n\n\n\n<p>Un equipo de inspectores de <strong>ACUMAR <\/strong>particip\u00f3 de un operativo conjunto, que incluy\u00f3 el allanamiento de la curtiembre Gaita y su posterior calusura luego de constatar que segu\u00eda operando pese a contar con clausuras previas y sobre la cual se ven\u00eda realizando un seguimiento.<\/p>\n\n\n\n<p>La jornada tuvo como resultado el corte simult\u00e1neo del suministro de todos los servicios p\u00fablicos y el decomiso y secuestro de las bombas hidr\u00e1ulicas para garantizar la interrupci\u00f3n inmediata del proceso productivo. Adem\u00e1s, AySA detect\u00f3 un sistema de ca\u00f1er\u00edas paralelo y no declarado, que desmantel\u00f3.<\/p>\n\n\n\n<p>En esta oportunidad, el Juzgado N\u00b02 de Lomas de Zamora, al cual ACUMAR solicit\u00f3 que tomara intervenci\u00f3n por las reiteradas violaciones de las sanciones, autoriz\u00f3 al organismo a realizar la extracci\u00f3n y secuestro de bombas de agua de la planta y a articular con las empresas de servicios para hacer efectivo el corte de suministros.<\/p>\n\n\n\n<p>A finales de septiembre, <strong>ACUMAR <\/strong>ratific\u00f3 su clausura y el Juzgado hab\u00eda autorizado realizar una barrera f\u00edsica al vuelco de efluentes que la empresa generaba. A pesar de tener estas sanciones vigentes, el establecimiento continu\u00f3 funcionando de forma clandestina e incumpli\u00f3 con la presentaci\u00f3n de un Plan de Adecuaci\u00f3n. Las clausuras sobre cualquier establecimiento rigen hasta que se presente un plan y este resulte aprobado.<\/p>\n\n\n\n<p>La actividad curtidora est\u00e1 considerada una de las m\u00e1s cr\u00edticas en t\u00e9rminos ambientales por su capacidad de vertidos industriales con carga org\u00e1nica y qu\u00edmica de cromo y sulfuros. La mayor concentraci\u00f3n de estas industrias se encuentra en Lan\u00fas, por eso la construcci\u00f3n del Parque Industrial Curtidor (PIC) y la Planta de Tratamiento de Efluentes L\u00edquidos Industriales (PTELI) en esa localidad.&nbsp;<\/p>\n\n\n\n<p>Desde <strong>ACUMAR<\/strong>, trabajamos diariamente para controlar que la producci\u00f3n de las industrias de la Cuenca se ajuste a la normativa vigente y para identificar y sancionar a aquellas que la incumplen. Adem\u00e1s, generamos espacios de acompa\u00f1amiento a las empresas, junto a la Red de Adecuaci\u00f3n Ambiental de la Cuenca (RAAC), para acercarles diferentes herramientas que les permitan producir de forma limpia y amigable con el ambiente.<\/p>\n\n\n\n<figure class=\"wp-block-gallery columns-1 is-cropped wp-block-gallery-1 is-layout-flex wp-block-gallery-is-layout-flex\"><ul class=\"blocks-gallery-grid\"><li class=\"blocks-gallery-item\"><figure><a href=\"https:\/\/www.elsindical.com.ar\/notas\/var\/www\/html\/notas\/wp-content\/uploads\/2021\/12\/clausura4.jpg\"><img loading=\"lazy\" decoding=\"async\" width=\"660\" height=\"440\" src=\"https:\/\/www.elsindical.com.ar\/notas\/var\/www\/html\/notas\/wp-content\/uploads\/2021\/12\/clausura4.jpg\" alt=\"\" data-id=\"109791\" data-full-url=\"https:\/\/www.elsindical.com.ar\/notas\/var\/www\/html\/notas\/wp-content\/uploads\/2021\/12\/clausura4.jpg\" data-link=\"https:\/\/www.elsindical.com.ar\/notas\/?attachment_id=109791#main\" class=\"wp-image-109791\" srcset=\"https:\/\/www.elsindical.com.ar\/notas\/var\/www\/html\/notas\/wp-content\/uploads\/2021\/12\/clausura4.jpg 660w, https:\/\/www.elsindical.com.ar\/notas\/var\/www\/html\/notas\/wp-content\/uploads\/2021\/12\/clausura4-300x200.jpg 300w, https:\/\/www.elsindical.com.ar\/notas\/var\/www\/html\/notas\/wp-content\/uploads\/2021\/12\/clausura4-450x300.jpg 450w\" sizes=\"auto, (max-width: 660px) 100vw, 660px\" \/><\/a><\/figure><\/li><li class=\"blocks-gallery-item\"><figure><a href=\"https:\/\/www.elsindical.com.ar\/notas\/var\/www\/html\/notas\/wp-content\/uploads\/2021\/12\/clausura2.jpg\"><img loading=\"lazy\" decoding=\"async\" width=\"660\" height=\"440\" src=\"https:\/\/www.elsindical.com.ar\/notas\/var\/www\/html\/notas\/wp-content\/uploads\/2021\/12\/clausura2.jpg\" alt=\"\" data-id=\"109792\" data-full-url=\"https:\/\/www.elsindical.com.ar\/notas\/var\/www\/html\/notas\/wp-content\/uploads\/2021\/12\/clausura2.jpg\" data-link=\"https:\/\/www.elsindical.com.ar\/notas\/?attachment_id=109792#main\" class=\"wp-image-109792\" srcset=\"https:\/\/www.elsindical.com.ar\/notas\/var\/www\/html\/notas\/wp-content\/uploads\/2021\/12\/clausura2.jpg 660w, https:\/\/www.elsindical.com.ar\/notas\/var\/www\/html\/notas\/wp-content\/uploads\/2021\/12\/clausura2-300x200.jpg 300w, https:\/\/www.elsindical.com.ar\/notas\/var\/www\/html\/notas\/wp-content\/uploads\/2021\/12\/clausura2-450x300.jpg 450w\" sizes=\"auto, (max-width: 660px) 100vw, 660px\" \/><\/a><\/figure><\/li><li class=\"blocks-gallery-item\"><figure><a href=\"https:\/\/www.elsindical.com.ar\/notas\/var\/www\/html\/notas\/wp-content\/uploads\/2021\/12\/clausura3.jpg\"><img loading=\"lazy\" decoding=\"async\" width=\"660\" height=\"440\" src=\"https:\/\/www.elsindical.com.ar\/notas\/var\/www\/html\/notas\/wp-content\/uploads\/2021\/12\/clausura3.jpg\" alt=\"\" data-id=\"109793\" data-full-url=\"https:\/\/www.elsindical.com.ar\/notas\/var\/www\/html\/notas\/wp-content\/uploads\/2021\/12\/clausura3.jpg\" data-link=\"https:\/\/www.elsindical.com.ar\/notas\/?attachment_id=109793#main\" class=\"wp-image-109793\" srcset=\"https:\/\/www.elsindical.com.ar\/notas\/var\/www\/html\/notas\/wp-content\/uploads\/2021\/12\/clausura3.jpg 660w, https:\/\/www.elsindical.com.ar\/notas\/var\/www\/html\/notas\/wp-content\/uploads\/2021\/12\/clausura3-300x200.jpg 300w, https:\/\/www.elsindical.com.ar\/notas\/var\/www\/html\/notas\/wp-content\/uploads\/2021\/12\/clausura3-450x300.jpg 450w\" sizes=\"auto, (max-width: 660px) 100vw, 660px\" \/><\/a><\/figure><\/li><\/ul><\/figure>\n\n\n\n<p><strong>&nbsp;? Ver en web:<\/strong>&nbsp;<a href=\"https:\/\/acumar.tr.pemsv30.net\/c\/eyJhIjoiYWN1bWFyIiwibSI6Im1haWxfY2t3cWVrMGh4eDFjczBiODcxM2t5eHl3YSIsImwiOiJsaW5rXzg4MDYzNDY2NjE1ZjQ2ZjI0ZDllOGYyYjhjYTljZjk4NWVmNzE0ZjYiLCJpIjpbXSwidSI6Imh0dHBzOi8vd3d3LmFjdW1hci5nb2IuYXIvcHJlbnNhL2FsbGFuYW1pZW50by1jbGF1c3VyYS11bmEtY3VydGllbWJyZS1sYW51cy8iLCJjIjoiIiwiaCI6IjhkZmUxYSJ9\" target=\"_blank\" rel=\"noreferrer noopener\">https:\/\/www.acumar.gob.ar\/prensa\/allanamiento-clausura-una-curtiembre-lanus\/<\/a><\/p>\n","protected":false},"excerpt":{"rendered":"<p>Personal de ACUMAR, junto a la Divisi\u00f3n de Delitos Ambientales de la Polic\u00eda Federal, AySA, Edesur, Metrogas y Defensa Civil participaron de un operativo que concluy\u00f3 con la clausura del establecimiento luego de constatar varias irregularidades. Un equipo de inspectores de ACUMAR particip\u00f3 de un operativo conjunto, que incluy\u00f3 el allanamiento de la curtiembre Gaita&hellip;<\/p>\n","protected":false},"author":1,"featured_media":109790,"comment_status":"open","ping_status":"open","sticky":false,"template":"","format":"standard","meta":{"footnotes":""},"categories":[25],"tags":[13480,14884,2450,209,698],"class_list":["post-109789","post","type-post","status-publish","format-standard","has-post-thumbnail","hentry","category-sociedad","tag-acumar","tag-defensa-civil","tag-diario-el-sindical","tag-lanus","tag-pfa"],"_links":{"self":[{"href":"https:\/\/www.elsindical.com.ar\/notas\/wp-json\/wp\/v2\/posts\/109789","targetHints":{"allow":["GET"]}}],"collection":[{"href":"https:\/\/www.elsindical.com.ar\/notas\/wp-json\/wp\/v2\/posts"}],"about":[{"href":"https:\/\/www.elsindical.com.ar\/notas\/wp-json\/wp\/v2\/types\/post"}],"author":[{"embeddable":true,"href":"https:\/\/www.elsindical.com.ar\/notas\/wp-json\/wp\/v2\/users\/1"}],"replies":[{"embeddable":true,"href":"https:\/\/www.elsindical.com.ar\/notas\/wp-json\/wp\/v2\/comments?post=109789"}],"version-history":[{"count":1,"href":"https:\/\/www.elsindical.com.ar\/notas\/wp-json\/wp\/v2\/posts\/109789\/revisions"}],"predecessor-version":[{"id":109794,"href":"https:\/\/www.elsindical.com.ar\/notas\/wp-json\/wp\/v2\/posts\/109789\/revisions\/109794"}],"wp:featuredmedia":[{"embeddable":true,"href":"https:\/\/www.elsindical.com.ar\/notas\/wp-json\/wp\/v2\/media\/109790"}],"wp:attachment":[{"href":"https:\/\/www.elsindical.com.ar\/notas\/wp-json\/wp\/v2\/media?parent=109789"}],"wp:term":[{"taxonomy":"category","embeddable":true,"href":"https:\/\/www.elsindical.com.ar\/notas\/wp-json\/wp\/v2\/categories?post=109789"},{"taxonomy":"post_tag","embeddable":true,"href":"https:\/\/www.elsindical.com.ar\/notas\/wp-json\/wp\/v2\/tags?post=109789"}],"curies":[{"name":"wp","href":"https:\/\/api.w.org\/{rel}","templated":true}]}}