{"id":109786,"date":"2021-12-03T09:53:23","date_gmt":"2021-12-03T12:53:23","guid":{"rendered":"https:\/\/www.elsindical.com.ar\/notas\/?p=109786"},"modified":"2021-12-03T09:53:24","modified_gmt":"2021-12-03T12:53:24","slug":"caba-marcha-para-reclamar-por-la-aparicion-de-una-menor","status":"publish","type":"post","link":"https:\/\/www.elsindical.com.ar\/notas\/caba-marcha-para-reclamar-por-la-aparicion-de-una-menor\/","title":{"rendered":"CABA: Marcha para reclamar por la aparici\u00f3n de una menor"},"content":{"rendered":"\n<div class=\"wp-block-image\"><figure class=\"aligncenter size-full\"><a href=\"https:\/\/www.elsindical.com.ar\/notas\/var\/www\/html\/notas\/wp-content\/uploads\/2021\/12\/Milagros-Miranda.jpg\"><img loading=\"lazy\" decoding=\"async\" width=\"929\" height=\"523\" src=\"https:\/\/www.elsindical.com.ar\/notas\/var\/www\/html\/notas\/wp-content\/uploads\/2021\/12\/Milagros-Miranda.jpg\" alt=\"\" class=\"wp-image-109787\" srcset=\"https:\/\/www.elsindical.com.ar\/notas\/var\/www\/html\/notas\/wp-content\/uploads\/2021\/12\/Milagros-Miranda.jpg 929w, https:\/\/www.elsindical.com.ar\/notas\/var\/www\/html\/notas\/wp-content\/uploads\/2021\/12\/Milagros-Miranda-300x169.jpg 300w, https:\/\/www.elsindical.com.ar\/notas\/var\/www\/html\/notas\/wp-content\/uploads\/2021\/12\/Milagros-Miranda-768x432.jpg 768w, https:\/\/www.elsindical.com.ar\/notas\/var\/www\/html\/notas\/wp-content\/uploads\/2021\/12\/Milagros-Miranda-500x281.jpg 500w, https:\/\/www.elsindical.com.ar\/notas\/var\/www\/html\/notas\/wp-content\/uploads\/2021\/12\/Milagros-Miranda-460x260.jpg 460w\" sizes=\"auto, (max-width: 929px) 100vw, 929px\" \/><\/a><\/figure><\/div>\n\n\n\n<p>Familiares y amigos de Milagros Miranda se movilizar\u00e1n este viernes en el barrio porte\u00f1o de Parque Patricios para pedir por su aparici\u00f3n.<\/p>\n\n\n\n<p>La adolescente, que vive en la villa 21-24 de Barracas, fue vista por \u00faltima vez el martes 30 de noviembre a las 6:30 y su familia realiz\u00f3 las denuncias en la comisar\u00eda 32 y la fiscal\u00eda 46 de la Ciudad de Buenos Aires.<\/p>\n\n\n\n<p>Familiares, amigos y vecinos de Milagros Miranda, junto a organizaciones sociales como el Polo Obrero, convocaron a concentrar a partir de las 17 la esquina de Iriarte y Amancio Alcorta para, desde all\u00ed, marchar hacia el Parque de los Patricios y manifestar sobre la Avenida Caseros.<\/p>\n\n\n\n<p>Tras una movilizaci\u00f3n a la fiscal\u00eda el d\u00eda de su desaparici\u00f3n, la familia logr\u00f3 que hoy se activara la Alerta Sof\u00eda, por el que se difunde la imagen y la informaci\u00f3n sobre la o el ni\u00f1o y\/o adolescente que se encuentre desaparecido a trav\u00e9s de dispositivos m\u00f3viles y medios de comunicaci\u00f3n masivos, como la televisi\u00f3n.<\/p>\n\n\n\n<p>A pesar de que se inici\u00f3 la b\u00fasqueda hace cuatro d\u00edas, desde la fiscal\u00eda \u00abno han brindado ninguna informaci\u00f3n sobre el paradero de Milagros\u00bb, inform\u00f3 la familia.<\/p>\n","protected":false},"excerpt":{"rendered":"<p>Familiares y amigos de Milagros Miranda se movilizar\u00e1n este viernes en el barrio porte\u00f1o de Parque Patricios para pedir por su aparici\u00f3n. La adolescente, que vive en la villa 21-24 de Barracas, fue vista por \u00faltima vez el martes 30 de noviembre a las 6:30 y su familia realiz\u00f3 las denuncias en la comisar\u00eda 32&hellip;<\/p>\n","protected":false},"author":1,"featured_media":109787,"comment_status":"open","ping_status":"open","sticky":false,"template":"","format":"standard","meta":{"footnotes":""},"categories":[25],"tags":[3256,4284,2450,156,223,36078,1752],"class_list":["post-109786","post","type-post","status-publish","format-standard","has-post-thumbnail","hentry","category-sociedad","tag-barracas","tag-caba","tag-diario-el-sindical","tag-marcha","tag-menor","tag-milagros-miranda","tag-parque-patricios"],"_links":{"self":[{"href":"https:\/\/www.elsindical.com.ar\/notas\/wp-json\/wp\/v2\/posts\/109786","targetHints":{"allow":["GET"]}}],"collection":[{"href":"https:\/\/www.elsindical.com.ar\/notas\/wp-json\/wp\/v2\/posts"}],"about":[{"href":"https:\/\/www.elsindical.com.ar\/notas\/wp-json\/wp\/v2\/types\/post"}],"author":[{"embeddable":true,"href":"https:\/\/www.elsindical.com.ar\/notas\/wp-json\/wp\/v2\/users\/1"}],"replies":[{"embeddable":true,"href":"https:\/\/www.elsindical.com.ar\/notas\/wp-json\/wp\/v2\/comments?post=109786"}],"version-history":[{"count":1,"href":"https:\/\/www.elsindical.com.ar\/notas\/wp-json\/wp\/v2\/posts\/109786\/revisions"}],"predecessor-version":[{"id":109788,"href":"https:\/\/www.elsindical.com.ar\/notas\/wp-json\/wp\/v2\/posts\/109786\/revisions\/109788"}],"wp:featuredmedia":[{"embeddable":true,"href":"https:\/\/www.elsindical.com.ar\/notas\/wp-json\/wp\/v2\/media\/109787"}],"wp:attachment":[{"href":"https:\/\/www.elsindical.com.ar\/notas\/wp-json\/wp\/v2\/media?parent=109786"}],"wp:term":[{"taxonomy":"category","embeddable":true,"href":"https:\/\/www.elsindical.com.ar\/notas\/wp-json\/wp\/v2\/categories?post=109786"},{"taxonomy":"post_tag","embeddable":true,"href":"https:\/\/www.elsindical.com.ar\/notas\/wp-json\/wp\/v2\/tags?post=109786"}],"curies":[{"name":"wp","href":"https:\/\/api.w.org\/{rel}","templated":true}]}}