{"id":109780,"date":"2021-12-03T00:04:33","date_gmt":"2021-12-03T03:04:33","guid":{"rendered":"https:\/\/www.elsindical.com.ar\/notas\/?p=109780"},"modified":"2021-12-03T00:04:34","modified_gmt":"2021-12-03T03:04:34","slug":"lanus-roban-una-tienda-de-ropa-en-pleno-centro","status":"publish","type":"post","link":"https:\/\/www.elsindical.com.ar\/notas\/lanus-roban-una-tienda-de-ropa-en-pleno-centro\/","title":{"rendered":"Lan\u00fas: roban una tienda de ropa en pleno centro"},"content":{"rendered":"\n<figure class=\"wp-block-image size-large\"><a href=\"https:\/\/www.elsindical.com.ar\/notas\/var\/www\/html\/notas\/wp-content\/uploads\/2021\/12\/robo-a-tienda-en-Lanus.jpg\"><img loading=\"lazy\" decoding=\"async\" width=\"1024\" height=\"576\" src=\"https:\/\/www.elsindical.com.ar\/notas\/var\/www\/html\/notas\/wp-content\/uploads\/2021\/12\/robo-a-tienda-en-Lanus-1024x576.jpg\" alt=\"\" class=\"wp-image-109781\" srcset=\"https:\/\/www.elsindical.com.ar\/notas\/var\/www\/html\/notas\/wp-content\/uploads\/2021\/12\/robo-a-tienda-en-Lanus-1024x576.jpg 1024w, https:\/\/www.elsindical.com.ar\/notas\/var\/www\/html\/notas\/wp-content\/uploads\/2021\/12\/robo-a-tienda-en-Lanus-300x169.jpg 300w, https:\/\/www.elsindical.com.ar\/notas\/var\/www\/html\/notas\/wp-content\/uploads\/2021\/12\/robo-a-tienda-en-Lanus-768x432.jpg 768w, https:\/\/www.elsindical.com.ar\/notas\/var\/www\/html\/notas\/wp-content\/uploads\/2021\/12\/robo-a-tienda-en-Lanus-500x281.jpg 500w, https:\/\/www.elsindical.com.ar\/notas\/var\/www\/html\/notas\/wp-content\/uploads\/2021\/12\/robo-a-tienda-en-Lanus-460x260.jpg 460w, https:\/\/www.elsindical.com.ar\/notas\/var\/www\/html\/notas\/wp-content\/uploads\/2021\/12\/robo-a-tienda-en-Lanus.jpg 1280w\" sizes=\"auto, (max-width: 1024px) 100vw, 1024px\" \/><\/a><\/figure>\n\n\n\n<p>Un negocio de ropa ubicado en 9 de Julio y 29 de septiembre, justo enfrente de la estaci\u00f3n ferroviaria y en pleno centro comercial de Lan\u00fas Este, fue asaltado por un delincuente que ingres\u00f3 a robar armado con un cuchillo con el que amenaz\u00f3 a la empleada del comercio.<\/p>\n\n\n\n<p>Seg\u00fan cont\u00f3 due\u00f1o, se trat\u00f3 del quinto robo que hay en la zona en los \u00faltimos d\u00edas y que qued\u00f3 registrado por la c\u00e1mara de seguridad que muestra la violenta acci\u00f3n del ladr\u00f3n que llevaba una gorra, barbijo y un cuchillo con el que amenaz\u00f3 a la dependienta.<\/p>\n\n\n\n<p>\u201cDame la plata de la caja. Dame el celular\u201d, le grit\u00f3 mientras bland\u00eda el arma blanca, tras lo cual la oblig\u00f3 a sacar el dinero de la caja registradora para, posteriormente, encerrarla en un peque\u00f1o cuarto.<\/p>\n\n\n\n<p>Con la v\u00edctima fuera de escena, el asaltante sac\u00f3 un bolso donde comenz\u00f3 a cargar la ropa que estaba colgada en uno de los percheros.<\/p>\n\n\n\n<p>El robo dur\u00f3 apenas dos minutos y el caco escap\u00f3 del lugar sin ser detenido.<\/p>\n","protected":false},"excerpt":{"rendered":"<p>Un negocio de ropa ubicado en 9 de Julio y 29 de septiembre, justo enfrente de la estaci\u00f3n ferroviaria y en pleno centro comercial de Lan\u00fas Este, fue asaltado por un delincuente que ingres\u00f3 a robar armado con un cuchillo con el que amenaz\u00f3 a la empleada del comercio. Seg\u00fan cont\u00f3 due\u00f1o, se trat\u00f3 del&hellip;<\/p>\n","protected":false},"author":1,"featured_media":109781,"comment_status":"open","ping_status":"open","sticky":false,"template":"","format":"standard","meta":{"footnotes":""},"categories":[22],"tags":[2450,984,209,32352,116],"class_list":["post-109780","post","type-post","status-publish","format-standard","has-post-thumbnail","hentry","category-policiales","tag-diario-el-sindical","tag-inseguridad","tag-lanus","tag-local-de-ropa","tag-robo"],"_links":{"self":[{"href":"https:\/\/www.elsindical.com.ar\/notas\/wp-json\/wp\/v2\/posts\/109780","targetHints":{"allow":["GET"]}}],"collection":[{"href":"https:\/\/www.elsindical.com.ar\/notas\/wp-json\/wp\/v2\/posts"}],"about":[{"href":"https:\/\/www.elsindical.com.ar\/notas\/wp-json\/wp\/v2\/types\/post"}],"author":[{"embeddable":true,"href":"https:\/\/www.elsindical.com.ar\/notas\/wp-json\/wp\/v2\/users\/1"}],"replies":[{"embeddable":true,"href":"https:\/\/www.elsindical.com.ar\/notas\/wp-json\/wp\/v2\/comments?post=109780"}],"version-history":[{"count":1,"href":"https:\/\/www.elsindical.com.ar\/notas\/wp-json\/wp\/v2\/posts\/109780\/revisions"}],"predecessor-version":[{"id":109782,"href":"https:\/\/www.elsindical.com.ar\/notas\/wp-json\/wp\/v2\/posts\/109780\/revisions\/109782"}],"wp:featuredmedia":[{"embeddable":true,"href":"https:\/\/www.elsindical.com.ar\/notas\/wp-json\/wp\/v2\/media\/109781"}],"wp:attachment":[{"href":"https:\/\/www.elsindical.com.ar\/notas\/wp-json\/wp\/v2\/media?parent=109780"}],"wp:term":[{"taxonomy":"category","embeddable":true,"href":"https:\/\/www.elsindical.com.ar\/notas\/wp-json\/wp\/v2\/categories?post=109780"},{"taxonomy":"post_tag","embeddable":true,"href":"https:\/\/www.elsindical.com.ar\/notas\/wp-json\/wp\/v2\/tags?post=109780"}],"curies":[{"name":"wp","href":"https:\/\/api.w.org\/{rel}","templated":true}]}}